{"id":17796,"date":"2012-05-11T10:00:22","date_gmt":"2012-05-11T14:00:22","guid":{"rendered":"http:\/\/www.eltrabajo.cl\/portal\/?p=17796"},"modified":"2012-05-11T10:00:22","modified_gmt":"2012-05-11T14:00:22","slug":"inauguran-moderna-sede-de-la-universidad-de-aconcagua-en-san-felipe","status":"publish","type":"post","link":"https:\/\/eltrabajo.cl\/portal\/inauguran-moderna-sede-de-la-universidad-de-aconcagua-en-san-felipe\/","title":{"rendered":"Inauguran moderna sede de la Universidad de Aconcagua en San Felipe"},"content":{"rendered":"<figure id=\"attachment_17797\" aria-describedby=\"caption-attachment-17797\" style=\"width: 600px\" class=\"wp-caption alignnone\"><a href=\"http:\/\/www.eltrabajo.cl\/portal\/2012\/05\/inauguran-moderna-sede-de-la-universidad-de-aconcagua-en-san-felipe\/inauguracion-uac\/\" rel=\"attachment wp-att-17797\"><img data-recalc-dims=\"1\" loading=\"lazy\" decoding=\"async\" class=\"size-full wp-image-17797\" title=\"inauguracion uac\" src=\"https:\/\/i0.wp.com\/www.eltrabajo.cl\/portal\/wp-content\/uploads\/2012\/05\/inauguracion-uac.jpg?resize=600%2C450\" alt=\"\" width=\"600\" height=\"450\" srcset=\"https:\/\/i0.wp.com\/eltrabajo.cl\/portal\/wp-content\/uploads\/2012\/05\/inauguracion-uac.jpg?w=600&amp;ssl=1 600w, https:\/\/i0.wp.com\/eltrabajo.cl\/portal\/wp-content\/uploads\/2012\/05\/inauguracion-uac.jpg?resize=200%2C150&amp;ssl=1 200w, https:\/\/i0.wp.com\/eltrabajo.cl\/portal\/wp-content\/uploads\/2012\/05\/inauguracion-uac.jpg?resize=300%2C225&amp;ssl=1 300w, https:\/\/i0.wp.com\/eltrabajo.cl\/portal\/wp-content\/uploads\/2012\/05\/inauguracion-uac.jpg?resize=150%2C112&amp;ssl=1 150w, https:\/\/i0.wp.com\/eltrabajo.cl\/portal\/wp-content\/uploads\/2012\/05\/inauguracion-uac.jpg?resize=400%2C300&amp;ssl=1 400w\" sizes=\"auto, (max-width: 600px) 100vw, 600px\" \/><\/a><figcaption id=\"caption-attachment-17797\" class=\"wp-caption-text\">Las autoridades de la zona, acompa\u00f1adas del rector de la casas de estudio inauguraron la nueva sede universitaria<\/figcaption><\/figure>\n<p>Este jueves y con la presencia de las autoridades de la provincia, fueron inauguradas las nuevas instalaciones de la Universidad de Aconcagua.<\/p>\n<p>Ubicada en la avenida Miraflores 2260, las nuevas dependencias se emplazan en una superficie de 8 mil metros cuadrados, distribuida en dos plantas.<\/p>\n<p>La edificaci\u00f3n cuenta con 30 salas de clases, laboratorios, talleres, biblioteca, oficinas acad\u00e9micas y administrativas, dependencias que tienen una capacidad para 600 estudiantes por jornada.<\/p>\n<p>\u201cTenemos salas excelentes con computador y data para que los alumnos puedan acceder a las nuevas tecnolog\u00edas educativas. Este edificio para nosotros es un logro importante, pero un edificio no es m\u00e1s que un edificio, lo importante es elevar y preocuparnos del nivel de la calidad de la educaci\u00f3n que entregamos, esto nos va a permitir entregar una educaci\u00f3n de mejor calidad\u201d, se\u00f1al\u00f3 el rector de la entidad, Jos\u00e9 Francisco Aguirre Ossa.<\/p>\n<figure id=\"attachment_17798\" aria-describedby=\"caption-attachment-17798\" style=\"width: 300px\" class=\"wp-caption alignright\"><a href=\"http:\/\/www.eltrabajo.cl\/portal\/2012\/05\/inauguran-moderna-sede-de-la-universidad-de-aconcagua-en-san-felipe\/nueva-sede-uac\/\" rel=\"attachment wp-att-17798\"><img data-recalc-dims=\"1\" loading=\"lazy\" decoding=\"async\" class=\"size-medium wp-image-17798 \" title=\"nueva sede uac\" src=\"https:\/\/i0.wp.com\/www.eltrabajo.cl\/portal\/wp-content\/uploads\/2012\/05\/nueva-sede-uac-300x225.jpg?resize=300%2C225\" alt=\"\" width=\"300\" height=\"225\" srcset=\"https:\/\/i0.wp.com\/eltrabajo.cl\/portal\/wp-content\/uploads\/2012\/05\/nueva-sede-uac.jpg?resize=300%2C225&amp;ssl=1 300w, https:\/\/i0.wp.com\/eltrabajo.cl\/portal\/wp-content\/uploads\/2012\/05\/nueva-sede-uac.jpg?resize=200%2C150&amp;ssl=1 200w, https:\/\/i0.wp.com\/eltrabajo.cl\/portal\/wp-content\/uploads\/2012\/05\/nueva-sede-uac.jpg?resize=150%2C112&amp;ssl=1 150w, https:\/\/i0.wp.com\/eltrabajo.cl\/portal\/wp-content\/uploads\/2012\/05\/nueva-sede-uac.jpg?resize=400%2C300&amp;ssl=1 400w, https:\/\/i0.wp.com\/eltrabajo.cl\/portal\/wp-content\/uploads\/2012\/05\/nueva-sede-uac.jpg?w=600&amp;ssl=1 600w\" sizes=\"auto, (max-width: 300px) 100vw, 300px\" \/><\/a><figcaption id=\"caption-attachment-17798\" class=\"wp-caption-text\">La flamante e imponente nueva sede cuenta con 30 salas de clases en dos plantas, laboratorios, talleres, biblioteca, oficinas acad\u00e9micas y administrativas.<\/figcaption><\/figure>\n<p>La autoridad universitaria se\u00f1al\u00f3 adem\u00e1s que el principal desaf\u00edo de la universidad es que los alumnos aprendan a pensar.<\/p>\n<p>Y dijo tambi\u00e9n que en estos momentos se les est\u00e1 dictando a la gran mayor\u00eda de los docentes de la universidad, un diplomado en docencia universitaria. \u201cEstamos preparando a los docentes para que desempe\u00f1en de mejor manera su labor, este es el comienzo, cualquier comienzo de mejora en la educaci\u00f3n parte por mejorar la docencia, la calidad de los docentes, tenemos que intervenir en los profesores y de ah\u00ed en adelante\u201d.<\/p>\n<p>Consultado por la oferta de carreras que tendr\u00e1 la Universidad, Aguirre dijo que las carreras est\u00e1n enfocadas a lo que necesita el pa\u00eds, por lo que en la zona de Aconcagua y espec\u00edficamente en Los Andes est\u00e1n dictando carreras del \u00e1rea minera. Mientras que en San Felipe lo fuerte son las carreras del \u00e1rea salud.<\/p>\n<p>La nueva sede cuenta adem\u00e1s con un amplio patio central, patio de servicio y estacionamiento para 100 veh\u00edculos.<\/p>\n<p>La inauguraci\u00f3n de esta sede ten\u00eda un especial significado, ya que San Felipe es la ciudad en que inici\u00f3 sus actividades la universidad, por el a\u00f1o 1990.<\/p>\n<p>Esta importante construcci\u00f3n adem\u00e1s, tiene especial importancia ya que se suma a dos sedes universitarias m\u00e1s que se instalaron en San Felipe, confirmando as\u00ed la caracter\u00edstica de ciudad universitaria.<\/p>\n<p>Luego de inaugurada la nueva sede, las autoridades recorrieron las dependencias.<\/p>\n","protected":false},"excerpt":{"rendered":"<p>Este jueves y con la presencia de las autoridades de la provincia, fueron inauguradas las nuevas instalaciones de la Universidad de Aconcagua. Ubicada en la avenida Miraflores 2260, las nuevas dependencias se&#8230;<\/p>\n","protected":false},"author":482,"featured_media":17797,"comment_status":"open","ping_status":"closed","sticky":false,"template":"","format":"standard","meta":{"advanced_seo_description":"","jetpack_seo_html_title":"","jetpack_seo_noindex":false,"_jetpack_memberships_contains_paid_content":false,"footnotes":""},"categories":[15],"tags":[],"class_list":["post-17796","post","type-post","status-publish","format-standard","has-post-thumbnail","hentry","category-comunidad"],"jetpack_featured_media_url":"https:\/\/i0.wp.com\/eltrabajo.cl\/portal\/wp-content\/uploads\/2012\/05\/inauguracion-uac.jpg?fit=600%2C450&ssl=1","jetpack_sharing_enabled":true,"jetpack_likes_enabled":true,"jetpack-related-posts":[],"_links":{"self":[{"href":"https:\/\/eltrabajo.cl\/portal\/wp-json\/wp\/v2\/posts\/17796","targetHints":{"allow":["GET"]}}],"collection":[{"href":"https:\/\/eltrabajo.cl\/portal\/wp-json\/wp\/v2\/posts"}],"about":[{"href":"https:\/\/eltrabajo.cl\/portal\/wp-json\/wp\/v2\/types\/post"}],"author":[{"embeddable":true,"href":"https:\/\/eltrabajo.cl\/portal\/wp-json\/wp\/v2\/users\/482"}],"replies":[{"embeddable":true,"href":"https:\/\/eltrabajo.cl\/portal\/wp-json\/wp\/v2\/comments?post=17796"}],"version-history":[{"count":0,"href":"https:\/\/eltrabajo.cl\/portal\/wp-json\/wp\/v2\/posts\/17796\/revisions"}],"wp:featuredmedia":[{"embeddable":true,"href":"https:\/\/eltrabajo.cl\/portal\/wp-json\/wp\/v2\/media\/17797"}],"wp:attachment":[{"href":"https:\/\/eltrabajo.cl\/portal\/wp-json\/wp\/v2\/media?parent=17796"}],"wp:term":[{"taxonomy":"category","embeddable":true,"href":"https:\/\/eltrabajo.cl\/portal\/wp-json\/wp\/v2\/categories?post=17796"},{"taxonomy":"post_tag","embeddable":true,"href":"https:\/\/eltrabajo.cl\/portal\/wp-json\/wp\/v2\/tags?post=17796"}],"curies":[{"name":"wp","href":"https:\/\/api.w.org\/{rel}","templated":true}]}}