{"id":17801,"date":"2012-05-11T10:07:49","date_gmt":"2012-05-11T14:07:49","guid":{"rendered":"http:\/\/www.eltrabajo.cl\/portal\/?p=17801"},"modified":"2012-05-11T10:07:49","modified_gmt":"2012-05-11T14:07:49","slug":"joven-asegura-que-se-burlaron-de-ella-al-no-recibir-subsidio-de-vivienda","status":"publish","type":"post","link":"https:\/\/eltrabajo.cl\/portal\/joven-asegura-que-se-burlaron-de-ella-al-no-recibir-subsidio-de-vivienda\/","title":{"rendered":"Joven asegura que se burlaron de ella al no recibir subsidio de vivienda"},"content":{"rendered":"<figure id=\"attachment_17803\" aria-describedby=\"caption-attachment-17803\" style=\"width: 600px\" class=\"wp-caption alignnone\"><a href=\"http:\/\/www.eltrabajo.cl\/portal\/2012\/05\/joven-asegura-que-se-burlaron-de-ella-al-no-recibir-subsidio-de-vivienda\/casita1-3\/\" rel=\"attachment wp-att-17803\"><img data-recalc-dims=\"1\" loading=\"lazy\" decoding=\"async\" class=\"size-full wp-image-17803\" title=\"Casita1\" src=\"https:\/\/i0.wp.com\/www.eltrabajo.cl\/portal\/wp-content\/uploads\/2012\/05\/Casita1.jpg?resize=600%2C450\" alt=\"\" width=\"600\" height=\"450\" srcset=\"https:\/\/i0.wp.com\/eltrabajo.cl\/portal\/wp-content\/uploads\/2012\/05\/Casita1.jpg?w=600&amp;ssl=1 600w, https:\/\/i0.wp.com\/eltrabajo.cl\/portal\/wp-content\/uploads\/2012\/05\/Casita1.jpg?resize=200%2C150&amp;ssl=1 200w, https:\/\/i0.wp.com\/eltrabajo.cl\/portal\/wp-content\/uploads\/2012\/05\/Casita1.jpg?resize=300%2C225&amp;ssl=1 300w, https:\/\/i0.wp.com\/eltrabajo.cl\/portal\/wp-content\/uploads\/2012\/05\/Casita1.jpg?resize=150%2C112&amp;ssl=1 150w, https:\/\/i0.wp.com\/eltrabajo.cl\/portal\/wp-content\/uploads\/2012\/05\/Casita1.jpg?resize=400%2C300&amp;ssl=1 400w\" sizes=\"auto, (max-width: 600px) 100vw, 600px\" \/><\/a><figcaption id=\"caption-attachment-17803\" class=\"wp-caption-text\">Esta es la vivienda N\u00ba 855 de Villa Juan Pablo II en Llay Llay, Natalia Salinas asegura que la se\u00f1ora Luisa Reyes le hab\u00eda indicado que esa casa eventualmente ser\u00eda para ella, sin embargo, no fue as\u00ed.<\/figcaption><\/figure>\n<ul>\n<li><strong>Denunciada asegura que Natalia estaba en lista de espera por ser cu\u00f1ada de la tesorera, pero que no pertenec\u00eda al comit\u00e9.<\/strong><\/li>\n<\/ul>\n<p>Roberto Gonz\u00e1lez Short &#8211; <a href=\"mailto:rgonzalez@eltrabajo.cl\">rgonzalez@eltrabajo.cl<\/a><\/p>\n<p>LLAY LLAY.- Fuertes se\u00f1alamientos de car\u00e1cter moral enfrenta la Presidente del Comit\u00e9 de Vivienda Juan Pablo II, Luisa Reyes, luego de ser cuestionada por Natalia Salinas, una de las socias que estaba en la lista de espera de dicho grupo de familias, para recibir el anhelado beneficio. Las partes aseguran ser v\u00edctimas una de la otra mientras las recriminaciones suben de tono a la espera de una \u2018segunda oportunidad\u2019 o un eventual peritaje por parte de Asistencia T\u00e9cnica Carlos Carrillo de San Felipe.<\/p>\n<p>Salinas visit\u00f3 nuestra Sala de Redacci\u00f3n para se\u00f1alar supuestos actos irregulares de la Directiva de dicho comit\u00e9 en la persona de Luisa Reyes, su Presidente.<\/p>\n<figure id=\"attachment_17804\" aria-describedby=\"caption-attachment-17804\" style=\"width: 287px\" class=\"wp-caption alignright\"><a href=\"http:\/\/www.eltrabajo.cl\/portal\/2012\/05\/joven-asegura-que-se-burlaron-de-ella-al-no-recibir-subsidio-de-vivienda\/natalia1\/\" rel=\"attachment wp-att-17804\"><img data-recalc-dims=\"1\" loading=\"lazy\" decoding=\"async\" class=\"size-medium wp-image-17804\" title=\"Natalia1\" src=\"https:\/\/i0.wp.com\/www.eltrabajo.cl\/portal\/wp-content\/uploads\/2012\/05\/Natalia1-287x300.jpg?resize=287%2C300\" alt=\"\" width=\"287\" height=\"300\" srcset=\"https:\/\/i0.wp.com\/eltrabajo.cl\/portal\/wp-content\/uploads\/2012\/05\/Natalia1.jpg?resize=287%2C300&amp;ssl=1 287w, https:\/\/i0.wp.com\/eltrabajo.cl\/portal\/wp-content\/uploads\/2012\/05\/Natalia1.jpg?resize=143%2C150&amp;ssl=1 143w, https:\/\/i0.wp.com\/eltrabajo.cl\/portal\/wp-content\/uploads\/2012\/05\/Natalia1.jpg?resize=400%2C417&amp;ssl=1 400w, https:\/\/i0.wp.com\/eltrabajo.cl\/portal\/wp-content\/uploads\/2012\/05\/Natalia1.jpg?w=982&amp;ssl=1 982w\" sizes=\"auto, (max-width: 287px) 100vw, 287px\" \/><\/a><figcaption id=\"caption-attachment-17804\" class=\"wp-caption-text\">Natalia Salinas muestra a Diario El Trabajo documentaci\u00f3n que ella ha hecho llegar a distintas autoridades de Aconcagua reclamando ser atendida.<\/figcaption><\/figure>\n<p><strong>\u00abME HAN ENGA\u00d1ADO\u00bb<\/strong><\/p>\n<p>\u00abSoy madre soltera, no soy casada, pero s\u00ed convivo con mi pareja. Quiero denunciar las irregularidades que se han cometido en mi contra en el Comit\u00e9 de Vivienda Juan Pablo II por medio de la se\u00f1ora Luisa Reyes, pues yo digo que ah\u00ed me han enga\u00f1ado y jugado con mis ilusiones de tener mi casa propia\u00bb, asegur\u00f3 Salinas.<\/p>\n<p>\u00abYo entr\u00e9 a ese comit\u00e9 hace algunos a\u00f1os y entr\u00e9 a una \u2018Lista de espera\u2019, a m\u00ed me asegur\u00f3 esa se\u00f1ora que en la primera oportunidad subir\u00edan mi nombre para recibir mi vivienda, cosa que nunca pas\u00f3\u00bb, indic\u00f3 Natalia.<\/p>\n<p>\u00abYo para poder entrar al comit\u00e9 tuve que pagar 10.000 pesos de la inscripci\u00f3n y pagar la totalidad de cuotas de siete a\u00f1os que eran 500 pesos por mes (\u2026) ella me hab\u00eda ense\u00f1ado a m\u00ed una casa, la N\u00ba 855 y me dijo que esa era la m\u00eda; luego cuando se entregaron las casas el 26 de enero de este a\u00f1o y yo le reclam\u00e9 a Luisa, ella \u2018se lav\u00f3 las manos\u2019, dijo que a ella nadie le agradec\u00eda nada, y que por eso todo quedaba en manos de Asistencia T\u00e9cnica\u00bb, dijo Salinas.<\/p>\n<p>\u00abLuisa Reyes, luego de enterarse que yo estaba gestionando mis reclamos con algunas autoridades mediante cartas, me amenaz\u00f3 por medio de la Tesorera del Comit\u00e9, Ver\u00f3nica Leyton, diciendo que \u2018mientras yo siga al frente de los comit\u00e9s de vivienda de Llay Llay impedir\u00e9 que usted reciba ning\u00fan tipo de beneficio\u2019\u00bb, recalc\u00f3 Salinas.<\/p>\n<p>Luisa Reyes neg\u00f3 a Diario El Trabajo haber amenazado de alguna forma a Natalia Salinas, mientras que la Tesorera, Ver\u00f3nica Leyton, s\u00ed confirm\u00f3 a Diario El Trabajo la emisi\u00f3n de dichas amenazas hacia Natalia.<\/p>\n<p><strong><\/strong><\/p>\n<figure id=\"attachment_17806\" aria-describedby=\"caption-attachment-17806\" style=\"width: 194px\" class=\"wp-caption alignleft\"><a href=\"http:\/\/www.eltrabajo.cl\/portal\/2012\/05\/joven-asegura-que-se-burlaron-de-ella-al-no-recibir-subsidio-de-vivienda\/luisa1-2\/\" rel=\"attachment wp-att-17806\"><img data-recalc-dims=\"1\" loading=\"lazy\" decoding=\"async\" class=\"size-medium wp-image-17806 \" title=\"Luisa1\" src=\"https:\/\/i0.wp.com\/www.eltrabajo.cl\/portal\/wp-content\/uploads\/2012\/05\/Luisa11-277x300.jpg?resize=194%2C210\" alt=\"\" width=\"194\" height=\"210\" srcset=\"https:\/\/i0.wp.com\/eltrabajo.cl\/portal\/wp-content\/uploads\/2012\/05\/Luisa11.jpg?resize=277%2C300&amp;ssl=1 277w, https:\/\/i0.wp.com\/eltrabajo.cl\/portal\/wp-content\/uploads\/2012\/05\/Luisa11.jpg?resize=138%2C150&amp;ssl=1 138w, https:\/\/i0.wp.com\/eltrabajo.cl\/portal\/wp-content\/uploads\/2012\/05\/Luisa11.jpg?resize=400%2C432&amp;ssl=1 400w, https:\/\/i0.wp.com\/eltrabajo.cl\/portal\/wp-content\/uploads\/2012\/05\/Luisa11.jpg?w=948&amp;ssl=1 948w\" sizes=\"auto, (max-width: 194px) 100vw, 194px\" \/><\/a><figcaption id=\"caption-attachment-17806\" class=\"wp-caption-text\">Luisa Reyes, Presidente del Comit\u00e9 de Vivienda Juan Pablo II de Llay Llay.<\/figcaption><\/figure>\n<p>&nbsp;<\/p>\n<p><strong>LUISA REYES<\/strong><\/p>\n<p>En tanto Luisa Reyes, Presidente del comit\u00e9 en cuesti\u00f3n, habl\u00f3 con Diario El Trabajo para explicar su versi\u00f3n de las cosas ventiladas en su contra.<\/p>\n<p><strong>&#8211; \u00bfNatalia Salinas es o era socia del comit\u00e9 que usted preside?<\/strong><\/p>\n<p>&#8211; \u00abEl problema de la se\u00f1orita Natalia Salinas es que ella no pertenece a nuestro Comit\u00e9 Juan Pablo II, porque ella no est\u00e1 registrada en el Registro de Socios y para pertenecer al comit\u00e9, tendr\u00eda que estar registrada; y si estuvo en la lista de espera, es porque ella es la cu\u00f1ada de la Tesorera de nuestro comit\u00e9 y eso fue como un favor\u00bb.<\/p>\n<p><strong>&#8211; Natalia asegura que s\u00ed estaba registrada y que hasta pag\u00f3 cuotas por siete a\u00f1os como socia y que usted le impidi\u00f3 obtener su vivienda. \u00bfEs eso cierto?<\/strong><\/p>\n<p>&#8211; \u00abComo ella (Natalia Salinas) estaba dentro de las 16 personas que ser\u00edan eventualmente cambiadas, pero que no fueron cambiadas, y al quedar la lista de espera \u2018en el aire\u2019 (lo que pas\u00f3 con Asistencia T\u00e9cnica) que son los que revisan las Ficha de Protecci\u00f3n Social, as\u00ed que para nada fue una decisi\u00f3n que la tomara yo\u00bb.<\/p>\n<p><strong>&#8211; \u00bfQu\u00e9 dineros cobraba el comit\u00e9?<\/strong><\/p>\n<p>&#8211; \u00abNosotros no cobr\u00e1bamos ning\u00fan dinero de inscripci\u00f3n, lo que s\u00ed se cobr\u00f3 fue una cuota mensual de 500 pesos, esta ni\u00f1a entr\u00f3 el a\u00f1o pasado. En 2011, ella al no entrar entre los beneficiados, me dijo que \u2018me har\u00eda pebre\u2019, por eso interpuse una demanda por injurias y calumnias, porque nadie puede tratar a otra persona de \u2018estafadora\u2019 ni \u2018ladrona\u2019 a otra persona si no existe una condena de un Juez que as\u00ed lo demuestre\u00bb.<\/p>\n<figure id=\"attachment_17807\" aria-describedby=\"caption-attachment-17807\" style=\"width: 202px\" class=\"wp-caption alignright\"><a href=\"http:\/\/www.eltrabajo.cl\/portal\/2012\/05\/joven-asegura-que-se-burlaron-de-ella-al-no-recibir-subsidio-de-vivienda\/elizabeth1\/\" rel=\"attachment wp-att-17807\"><img data-recalc-dims=\"1\" loading=\"lazy\" decoding=\"async\" class=\"size-medium wp-image-17807 \" title=\"Elizabeth1\" src=\"https:\/\/i0.wp.com\/www.eltrabajo.cl\/portal\/wp-content\/uploads\/2012\/05\/Elizabeth1-288x300.jpg?resize=202%2C210\" alt=\"\" width=\"202\" height=\"210\" srcset=\"https:\/\/i0.wp.com\/eltrabajo.cl\/portal\/wp-content\/uploads\/2012\/05\/Elizabeth1.jpg?resize=288%2C300&amp;ssl=1 288w, https:\/\/i0.wp.com\/eltrabajo.cl\/portal\/wp-content\/uploads\/2012\/05\/Elizabeth1.jpg?resize=144%2C150&amp;ssl=1 144w, https:\/\/i0.wp.com\/eltrabajo.cl\/portal\/wp-content\/uploads\/2012\/05\/Elizabeth1.jpg?resize=400%2C416&amp;ssl=1 400w, https:\/\/i0.wp.com\/eltrabajo.cl\/portal\/wp-content\/uploads\/2012\/05\/Elizabeth1.jpg?w=984&amp;ssl=1 984w\" sizes=\"auto, (max-width: 202px) 100vw, 202px\" \/><\/a><figcaption id=\"caption-attachment-17807\" class=\"wp-caption-text\">Elizabeth Reyes Rivera, Encargada de la Oficina EGIS Municipalidad de Llay Llay.<\/figcaption><\/figure>\n<p><strong>EGIS MUNICIPAL<\/strong><\/p>\n<p>Diario El Trabajo realiz\u00f3 una amplia investigaci\u00f3n sobre tan seria denuncia y hablamos con Elizabeth Reyes Rivera, Encargada de la Oficina de la Vivienda de la Entidad de Gesti\u00f3n Inmobiliaria Social (EGIS) Municipalidad de Llay Llay:<\/p>\n<p>&#8211;<strong> \u00bfUsted tiene conocimiento de alguna anomal\u00eda al interior del Comit\u00e9 de Vivienda Juan Pablo II?<\/strong><\/p>\n<p>&#8211; \u00abLa \u00fanica vez en que yo intervine en ese comit\u00e9 fue para el caso puntual de algunos integrantes del comit\u00e9 que estaban vulnerados en sus derechos, pues ya ten\u00edan el subsidio en las manos y se les quer\u00eda rebajar por condiciones justificadas por la Directiva del comit\u00e9, pero que no fueron justificados jur\u00eddicamente ante el Serviu ni ante esta oficina, por lo tanto se les respald\u00f3 a estas personas y pudieron seguir en el comit\u00e9\u00bb.<\/p>\n<p><strong>&#8211; \u00bfConoce usted el caso de Natalia Salinas y la supuesta \u2018irregularidad\u2019 en su contra?<\/strong><\/p>\n<p>&#8211; \u00abEn el caso de Natalia no lo reconozco, en el sentido de que ella estuviese en alguna lista de espera, la n\u00f3mina de la lista de espera va subiendo en la medida en que bajan a las personas con su justificaci\u00f3n\u00bb.<\/p>\n<p><strong>&#8211; \u00bfTiene o ten\u00eda poder esta directiva o la misma Luisa Reyes para decidir qui\u00e9n sub\u00eda o bajaba en cuanto al recibir o no el beneficio?<\/strong><\/p>\n<p>&#8211; \u00abLo que puedo decir es que la Directiva del comit\u00e9 no tiene injerencia en relaci\u00f3n a la subida o bajada de las personas, en el papel y lo jur\u00eddico, la Directiva no tiene esa atribuci\u00f3n (\u2026) yo ahora lo que pido a las Directivas de los proyectos con los que trabajo es que cumplan con su rol de participante y transparencia plena en el proceso\u00bb.<\/p>\n<p><strong>&#8211; \u00bfTiene a\u00fan alguna posibilidad Natalia Salinas de que su caso sea \u2018revisado\u2019 por alguno de los entes involucrados y autorizados?<\/strong><\/p>\n<p>&#8211; \u00abYo creo que siempre se puede hacer algo, porque el comit\u00e9 a\u00fan no tiene todo cerrado, ya que est\u00e1 en un proceso de revisi\u00f3n y escrituraci\u00f3n de las viviendas y hay un par de casos que se est\u00e1n revisando, pero eso depende ya del Departamento Jur\u00eddico del Serviu y ellos ver\u00e1n si hay casos que rebajar o no, si hubiese casos, nosotros como EGIS ser\u00edamos informados, de ser as\u00ed, nosotros nos comunicar\u00edamos con la Asistencia T\u00e9cnica Carlos Carrillo de San Felipe\u00bb.<\/p>\n","protected":false},"excerpt":{"rendered":"<p>Denunciada asegura que Natalia estaba en lista de espera por ser cu\u00f1ada de la tesorera, pero que no pertenec\u00eda al comit\u00e9. Roberto Gonz\u00e1lez Short &#8211; rgonzalez@eltrabajo.cl LLAY LLAY.- Fuertes se\u00f1alamientos de car\u00e1cter&#8230;<\/p>\n","protected":false},"author":482,"featured_media":17803,"comment_status":"open","ping_status":"closed","sticky":false,"template":"","format":"standard","meta":{"advanced_seo_description":"","jetpack_seo_html_title":"","jetpack_seo_noindex":false,"_jetpack_memberships_contains_paid_content":false,"footnotes":""},"categories":[15],"tags":[],"class_list":["post-17801","post","type-post","status-publish","format-standard","has-post-thumbnail","hentry","category-comunidad"],"jetpack_featured_media_url":"https:\/\/i0.wp.com\/eltrabajo.cl\/portal\/wp-content\/uploads\/2012\/05\/Casita1.jpg?fit=600%2C450&ssl=1","jetpack_sharing_enabled":true,"jetpack_likes_enabled":true,"jetpack-related-posts":[],"_links":{"self":[{"href":"https:\/\/eltrabajo.cl\/portal\/wp-json\/wp\/v2\/posts\/17801","targetHints":{"allow":["GET"]}}],"collection":[{"href":"https:\/\/eltrabajo.cl\/portal\/wp-json\/wp\/v2\/posts"}],"about":[{"href":"https:\/\/eltrabajo.cl\/portal\/wp-json\/wp\/v2\/types\/post"}],"author":[{"embeddable":true,"href":"https:\/\/eltrabajo.cl\/portal\/wp-json\/wp\/v2\/users\/482"}],"replies":[{"embeddable":true,"href":"https:\/\/eltrabajo.cl\/portal\/wp-json\/wp\/v2\/comments?post=17801"}],"version-history":[{"count":0,"href":"https:\/\/eltrabajo.cl\/portal\/wp-json\/wp\/v2\/posts\/17801\/revisions"}],"wp:featuredmedia":[{"embeddable":true,"href":"https:\/\/eltrabajo.cl\/portal\/wp-json\/wp\/v2\/media\/17803"}],"wp:attachment":[{"href":"https:\/\/eltrabajo.cl\/portal\/wp-json\/wp\/v2\/media?parent=17801"}],"wp:term":[{"taxonomy":"category","embeddable":true,"href":"https:\/\/eltrabajo.cl\/portal\/wp-json\/wp\/v2\/categories?post=17801"},{"taxonomy":"post_tag","embeddable":true,"href":"https:\/\/eltrabajo.cl\/portal\/wp-json\/wp\/v2\/tags?post=17801"}],"curies":[{"name":"wp","href":"https:\/\/api.w.org\/{rel}","templated":true}]}}