{"id":17825,"date":"2012-05-14T09:58:40","date_gmt":"2012-05-14T13:58:40","guid":{"rendered":"http:\/\/www.eltrabajo.cl\/portal\/?p=17825"},"modified":"2012-05-14T09:58:40","modified_gmt":"2012-05-14T13:58:40","slug":"capacitan-a-profesionales-del-senda-para-replicar-en-escuelas","status":"publish","type":"post","link":"https:\/\/eltrabajo.cl\/portal\/capacitan-a-profesionales-del-senda-para-replicar-en-escuelas\/","title":{"rendered":"Capacitan a profesionales del Senda para replicar en escuelas"},"content":{"rendered":"<figure id=\"attachment_17826\" aria-describedby=\"caption-attachment-17826\" style=\"width: 600px\" class=\"wp-caption alignnone\"><a href=\"http:\/\/www.eltrabajo.cl\/portal\/2012\/05\/capacitan-a-profesionales-del-senda-para-replicar-en-escuelas\/senda1\/\" rel=\"attachment wp-att-17826\"><img data-recalc-dims=\"1\" loading=\"lazy\" decoding=\"async\" class=\"size-full wp-image-17826\" title=\"Senda1\" src=\"https:\/\/i0.wp.com\/www.eltrabajo.cl\/portal\/wp-content\/uploads\/2012\/05\/Senda1.jpg?resize=600%2C450\" alt=\"\" width=\"600\" height=\"450\" srcset=\"https:\/\/i0.wp.com\/eltrabajo.cl\/portal\/wp-content\/uploads\/2012\/05\/Senda1.jpg?w=600&amp;ssl=1 600w, https:\/\/i0.wp.com\/eltrabajo.cl\/portal\/wp-content\/uploads\/2012\/05\/Senda1.jpg?resize=200%2C150&amp;ssl=1 200w, https:\/\/i0.wp.com\/eltrabajo.cl\/portal\/wp-content\/uploads\/2012\/05\/Senda1.jpg?resize=300%2C225&amp;ssl=1 300w, https:\/\/i0.wp.com\/eltrabajo.cl\/portal\/wp-content\/uploads\/2012\/05\/Senda1.jpg?resize=150%2C112&amp;ssl=1 150w, https:\/\/i0.wp.com\/eltrabajo.cl\/portal\/wp-content\/uploads\/2012\/05\/Senda1.jpg?resize=400%2C300&amp;ssl=1 400w\" sizes=\"auto, (max-width: 600px) 100vw, 600px\" \/><\/a><figcaption id=\"caption-attachment-17826\" class=\"wp-caption-text\">Encargada Regional de Prevenci\u00f3n Senda, Carolina P\u00e9rez.<\/figcaption><\/figure>\n<p>La tercera capacitaci\u00f3n a nivel provincial, fue la que el programa Senda realiz\u00f3 el viernes pasado, con el objetivo de capacitar a los profesionales que forman parte del Programa a nivel provincial. La idea es que estos profesionales puedan a su vez realizar de mejor manera el acompa\u00f1amiento del material \u2018Actitud\u2019, que es el material nuevo para el a\u00f1o 2012 que Senda ha lanzado, el que permitir\u00e1 hacer prevenci\u00f3n en contexto escolar.<\/p>\n<p>Seg\u00fan explic\u00f3 Carolina P\u00e9rez, Encargada Regional de Prevenci\u00f3n de Senda, desde siempre ha sido fundamental el apoyo que entregan los profesores, pero la idea desde ahora es relevar el rol que ellos tienen de conocimiento con el aula y con el grupo curso y as\u00ed poder apoyarlos a ellos y que as\u00ed, puedan implementar de manera directa el material, mientras que los profesionales de Senda realizar\u00e1n la asesor\u00eda en la parte T\u00e9cnica.<\/p>\n<p>Eso significar\u00e1 realizar un per\u00edodo de capacitaci\u00f3n que se realizar\u00e1 de manera regional, provincial y comunal, las que se desarrollar\u00e1n desde el 25 de mayo.<\/p>\n<figure id=\"attachment_17827\" aria-describedby=\"caption-attachment-17827\" style=\"width: 202px\" class=\"wp-caption alignright\"><a href=\"http:\/\/www.eltrabajo.cl\/portal\/2012\/05\/capacitan-a-profesionales-del-senda-para-replicar-en-escuelas\/carolina1-2\/\" rel=\"attachment wp-att-17827\"><img data-recalc-dims=\"1\" loading=\"lazy\" decoding=\"async\" class=\"size-medium wp-image-17827 \" title=\"Carolina1\" src=\"https:\/\/i0.wp.com\/www.eltrabajo.cl\/portal\/wp-content\/uploads\/2012\/05\/Carolina1-289x300.jpg?resize=202%2C210\" alt=\"\" width=\"202\" height=\"210\" srcset=\"https:\/\/i0.wp.com\/eltrabajo.cl\/portal\/wp-content\/uploads\/2012\/05\/Carolina1.jpg?resize=289%2C300&amp;ssl=1 289w, https:\/\/i0.wp.com\/eltrabajo.cl\/portal\/wp-content\/uploads\/2012\/05\/Carolina1.jpg?resize=144%2C150&amp;ssl=1 144w, https:\/\/i0.wp.com\/eltrabajo.cl\/portal\/wp-content\/uploads\/2012\/05\/Carolina1.jpg?resize=400%2C414&amp;ssl=1 400w, https:\/\/i0.wp.com\/eltrabajo.cl\/portal\/wp-content\/uploads\/2012\/05\/Carolina1.jpg?w=987&amp;ssl=1 987w\" sizes=\"auto, (max-width: 202px) 100vw, 202px\" \/><\/a><figcaption id=\"caption-attachment-17827\" class=\"wp-caption-text\">Los equipos de Senda a nivel provincial, participaron de esta capacitaci\u00f3n, que tiene por objetivo apoyar posteriormente a los profesores en su labor con los alumnos.<\/figcaption><\/figure>\n<p>En esa instancia se desarrollar\u00e1n distintos tipos de temas, aunque \u201cPrincipalmente la importancia de trabajar la prevenci\u00f3n temprana en establecimientos educacionales, relevar la importancia de la prevenci\u00f3n en estos contextos y elementos t\u00e9cnicos del material para su aplicaci\u00f3n; desde la competencia, el enfoque constructivista y cada una de las sesiones para que puedan tener una mejor aplicaci\u00f3n y sea contextualizado a las problem\u00e1ticas de los propios establecimientos\u201d explic\u00f3 P\u00e9rez.<\/p>\n<p>Durante este tiempo el material que se utilizar\u00e1, ser\u00e1n libros que se han entregado por cada uno de los cursos, desde el nivel Preescolar, hasta Cuarto Medio. En todos estos niveles adem\u00e1s, cuentan con un folleto, tanto para los profesores como estudiantes, y un folleto para los padres y apoderados.<\/p>\n<p>\u201cLos profesores siempre nos ha apoyado, ellos nos han solicitado mayor capacitaci\u00f3n, porque desde el 2003 ellos aplicaban el \u2018Continuo preventivo\u2019, son casi diez a\u00f1os de estar acostumbrados a un material y lo que exigen hoy d\u00eda es una capacitaci\u00f3n, pero el entusiasmo y la motivaci\u00f3n est\u00e1 de parte de nuestros profesores\u201d, dijo P\u00e9rez.<\/p>\n","protected":false},"excerpt":{"rendered":"<p>La tercera capacitaci\u00f3n a nivel provincial, fue la que el programa Senda realiz\u00f3 el viernes pasado, con el objetivo de capacitar a los profesionales que forman parte del Programa a nivel provincial&#8230;.<\/p>\n","protected":false},"author":482,"featured_media":17826,"comment_status":"open","ping_status":"closed","sticky":false,"template":"","format":"standard","meta":{"advanced_seo_description":"","jetpack_seo_html_title":"","jetpack_seo_noindex":false,"_jetpack_memberships_contains_paid_content":false,"footnotes":""},"categories":[15],"tags":[],"class_list":["post-17825","post","type-post","status-publish","format-standard","has-post-thumbnail","hentry","category-comunidad"],"jetpack_featured_media_url":"https:\/\/i0.wp.com\/eltrabajo.cl\/portal\/wp-content\/uploads\/2012\/05\/Senda1.jpg?fit=600%2C450&ssl=1","jetpack_sharing_enabled":true,"jetpack_likes_enabled":true,"jetpack-related-posts":[],"_links":{"self":[{"href":"https:\/\/eltrabajo.cl\/portal\/wp-json\/wp\/v2\/posts\/17825","targetHints":{"allow":["GET"]}}],"collection":[{"href":"https:\/\/eltrabajo.cl\/portal\/wp-json\/wp\/v2\/posts"}],"about":[{"href":"https:\/\/eltrabajo.cl\/portal\/wp-json\/wp\/v2\/types\/post"}],"author":[{"embeddable":true,"href":"https:\/\/eltrabajo.cl\/portal\/wp-json\/wp\/v2\/users\/482"}],"replies":[{"embeddable":true,"href":"https:\/\/eltrabajo.cl\/portal\/wp-json\/wp\/v2\/comments?post=17825"}],"version-history":[{"count":0,"href":"https:\/\/eltrabajo.cl\/portal\/wp-json\/wp\/v2\/posts\/17825\/revisions"}],"wp:featuredmedia":[{"embeddable":true,"href":"https:\/\/eltrabajo.cl\/portal\/wp-json\/wp\/v2\/media\/17826"}],"wp:attachment":[{"href":"https:\/\/eltrabajo.cl\/portal\/wp-json\/wp\/v2\/media?parent=17825"}],"wp:term":[{"taxonomy":"category","embeddable":true,"href":"https:\/\/eltrabajo.cl\/portal\/wp-json\/wp\/v2\/categories?post=17825"},{"taxonomy":"post_tag","embeddable":true,"href":"https:\/\/eltrabajo.cl\/portal\/wp-json\/wp\/v2\/tags?post=17825"}],"curies":[{"name":"wp","href":"https:\/\/api.w.org\/{rel}","templated":true}]}}