{"id":17831,"date":"2012-05-14T10:00:26","date_gmt":"2012-05-14T14:00:26","guid":{"rendered":"http:\/\/www.eltrabajo.cl\/portal\/?p=17831"},"modified":"2012-05-14T10:00:26","modified_gmt":"2012-05-14T14:00:26","slug":"adultos-mayores-formaran-nuevas-organizaciones-sociales","status":"publish","type":"post","link":"https:\/\/eltrabajo.cl\/portal\/adultos-mayores-formaran-nuevas-organizaciones-sociales\/","title":{"rendered":"Adultos Mayores formar\u00e1n nuevas organizaciones sociales"},"content":{"rendered":"<figure id=\"attachment_17832\" aria-describedby=\"caption-attachment-17832\" style=\"width: 600px\" class=\"wp-caption alignnone\"><a href=\"http:\/\/www.eltrabajo.cl\/portal\/2012\/05\/adultos-mayores-formaran-nuevas-organizaciones-sociales\/abuelos1-3\/\" rel=\"attachment wp-att-17832\"><img data-recalc-dims=\"1\" loading=\"lazy\" decoding=\"async\" class=\"size-full wp-image-17832\" title=\"Abuelos1\" src=\"https:\/\/i0.wp.com\/www.eltrabajo.cl\/portal\/wp-content\/uploads\/2012\/05\/Abuelos1.jpg?resize=600%2C450\" alt=\"\" width=\"600\" height=\"450\" srcset=\"https:\/\/i0.wp.com\/eltrabajo.cl\/portal\/wp-content\/uploads\/2012\/05\/Abuelos1.jpg?w=600&amp;ssl=1 600w, https:\/\/i0.wp.com\/eltrabajo.cl\/portal\/wp-content\/uploads\/2012\/05\/Abuelos1.jpg?resize=200%2C150&amp;ssl=1 200w, https:\/\/i0.wp.com\/eltrabajo.cl\/portal\/wp-content\/uploads\/2012\/05\/Abuelos1.jpg?resize=300%2C225&amp;ssl=1 300w, https:\/\/i0.wp.com\/eltrabajo.cl\/portal\/wp-content\/uploads\/2012\/05\/Abuelos1.jpg?resize=150%2C112&amp;ssl=1 150w, https:\/\/i0.wp.com\/eltrabajo.cl\/portal\/wp-content\/uploads\/2012\/05\/Abuelos1.jpg?resize=400%2C300&amp;ssl=1 400w\" sizes=\"auto, (max-width: 600px) 100vw, 600px\" \/><\/a><figcaption id=\"caption-attachment-17832\" class=\"wp-caption-text\">Esta iniciativa mejor\u00f3 la calidad de vida de las personas mayores de 60 a\u00f1os en la comuna de Los Andes.<\/figcaption><\/figure>\n<p><strong>LOS ANDES.-<\/strong> Culmin\u00f3 la VI Versi\u00f3n de la Iniciativa Conjunta del Ministerio de Desarrollo Social y el Servicio Nacional del Adulto Mayor, que mejor\u00f3 la calidad de vida de las personas mayores de 60 a\u00f1os en la comuna. Un total de 50 Adultos Mayores de la comuna de Los Andes se vieron beneficiados con el acompa\u00f1amiento y trabajo grupal que realiz\u00f3 el programa V\u00ednculos, desarrollado por el municipio, el Ministerio de Desarrollo Social y el Servicio Nacional del Adulto Mayor, SENAMA.<\/p>\n<p>La primera etapa de esta iniciativa se realiz\u00f3 en el domicilio del Adulto Mayor por parte de un Asistente Social, dando paso posteriormente a una fase grupal, donde los mayores beneficiarios participaron de nueve encuentros, donde se busc\u00f3 seguir potenciando la vinculaci\u00f3n de redes que posibiliten un aporte a la calidad de vida. En la ceremonia de cierre del programa, instancia en que gran parte de los asistentes destac\u00f3 la importancia de la iniciativa, la que en algunos casos permiti\u00f3 que estos Adultos Mayores volvieran a salir de sus casas para relacionarse con otras personas.<\/p>\n<p>Al respecto la Coordinadora Regional del SENAMA, Ana Eugenia Garc\u00eda, indic\u00f3 que \u201cEste programa impacta mucho en la calidad de vida de los Adultos Mayores, porque el trabajo que se puede entregar hacia ellos, sobretodo en la compa\u00f1\u00eda, el poder entregarles la informaci\u00f3n, el que no se sientan solos, porque la mayor\u00eda son mujeres que est\u00e1n viudas y se encuentran en lugares muy alejadas de los centros urbanos, y la idea es contactarlos con la realidad, que tengan amistades y se conozcan entre ellos, y que se formen organizaciones para que puedan participar en las actividades que tanto el SENAMA como los municipios les entregan a ellos\u201d coment\u00f3 Garc\u00eda. Finalmente, y como resultado de esta intervenci\u00f3n, se destaca la futura conformaci\u00f3n de nuevos clubes de Adultos Mayores en la comuna.<\/p>\n","protected":false},"excerpt":{"rendered":"<p>LOS ANDES.- Culmin\u00f3 la VI Versi\u00f3n de la Iniciativa Conjunta del Ministerio de Desarrollo Social y el Servicio Nacional del Adulto Mayor, que mejor\u00f3 la calidad de vida de las personas mayores&#8230;<\/p>\n","protected":false},"author":482,"featured_media":17832,"comment_status":"open","ping_status":"closed","sticky":false,"template":"","format":"standard","meta":{"advanced_seo_description":"","jetpack_seo_html_title":"","jetpack_seo_noindex":false,"_jetpack_memberships_contains_paid_content":false,"footnotes":""},"categories":[15],"tags":[],"class_list":["post-17831","post","type-post","status-publish","format-standard","has-post-thumbnail","hentry","category-comunidad"],"jetpack_featured_media_url":"https:\/\/i0.wp.com\/eltrabajo.cl\/portal\/wp-content\/uploads\/2012\/05\/Abuelos1.jpg?fit=600%2C450&ssl=1","jetpack_sharing_enabled":true,"jetpack_likes_enabled":true,"jetpack-related-posts":[],"_links":{"self":[{"href":"https:\/\/eltrabajo.cl\/portal\/wp-json\/wp\/v2\/posts\/17831","targetHints":{"allow":["GET"]}}],"collection":[{"href":"https:\/\/eltrabajo.cl\/portal\/wp-json\/wp\/v2\/posts"}],"about":[{"href":"https:\/\/eltrabajo.cl\/portal\/wp-json\/wp\/v2\/types\/post"}],"author":[{"embeddable":true,"href":"https:\/\/eltrabajo.cl\/portal\/wp-json\/wp\/v2\/users\/482"}],"replies":[{"embeddable":true,"href":"https:\/\/eltrabajo.cl\/portal\/wp-json\/wp\/v2\/comments?post=17831"}],"version-history":[{"count":0,"href":"https:\/\/eltrabajo.cl\/portal\/wp-json\/wp\/v2\/posts\/17831\/revisions"}],"wp:featuredmedia":[{"embeddable":true,"href":"https:\/\/eltrabajo.cl\/portal\/wp-json\/wp\/v2\/media\/17832"}],"wp:attachment":[{"href":"https:\/\/eltrabajo.cl\/portal\/wp-json\/wp\/v2\/media?parent=17831"}],"wp:term":[{"taxonomy":"category","embeddable":true,"href":"https:\/\/eltrabajo.cl\/portal\/wp-json\/wp\/v2\/categories?post=17831"},{"taxonomy":"post_tag","embeddable":true,"href":"https:\/\/eltrabajo.cl\/portal\/wp-json\/wp\/v2\/tags?post=17831"}],"curies":[{"name":"wp","href":"https:\/\/api.w.org\/{rel}","templated":true}]}}