{"id":17835,"date":"2012-05-14T10:03:27","date_gmt":"2012-05-14T14:03:27","guid":{"rendered":"http:\/\/www.eltrabajo.cl\/portal\/?p=17835"},"modified":"2012-05-14T10:03:27","modified_gmt":"2012-05-14T14:03:27","slug":"juntas-de-vecinos-celebraron-su-dia-a-las-%e2%80%98regalonas%e2%80%99-de-la-casa","status":"publish","type":"post","link":"https:\/\/eltrabajo.cl\/portal\/juntas-de-vecinos-celebraron-su-dia-a-las-%e2%80%98regalonas%e2%80%99-de-la-casa\/","title":{"rendered":"Juntas de vecinos celebraron su d\u00eda a las \u2018regalonas\u2019 de la casa"},"content":{"rendered":"<figure id=\"attachment_17836\" aria-describedby=\"caption-attachment-17836\" style=\"width: 600px\" class=\"wp-caption alignnone\"><a href=\"http:\/\/www.eltrabajo.cl\/portal\/2012\/05\/juntas-de-vecinos-celebraron-su-dia-a-las-%e2%80%98regalonas%e2%80%99-de-la-casa\/todas1\/\" rel=\"attachment wp-att-17836\"><img data-recalc-dims=\"1\" loading=\"lazy\" decoding=\"async\" class=\"size-full wp-image-17836\" title=\"Todas1\" src=\"https:\/\/i0.wp.com\/www.eltrabajo.cl\/portal\/wp-content\/uploads\/2012\/05\/Todas1.jpg?resize=600%2C385\" alt=\"\" width=\"600\" height=\"385\" srcset=\"https:\/\/i0.wp.com\/eltrabajo.cl\/portal\/wp-content\/uploads\/2012\/05\/Todas1.jpg?w=600&amp;ssl=1 600w, https:\/\/i0.wp.com\/eltrabajo.cl\/portal\/wp-content\/uploads\/2012\/05\/Todas1.jpg?resize=200%2C128&amp;ssl=1 200w, https:\/\/i0.wp.com\/eltrabajo.cl\/portal\/wp-content\/uploads\/2012\/05\/Todas1.jpg?resize=300%2C192&amp;ssl=1 300w, https:\/\/i0.wp.com\/eltrabajo.cl\/portal\/wp-content\/uploads\/2012\/05\/Todas1.jpg?resize=150%2C96&amp;ssl=1 150w, https:\/\/i0.wp.com\/eltrabajo.cl\/portal\/wp-content\/uploads\/2012\/05\/Todas1.jpg?resize=400%2C256&amp;ssl=1 400w\" sizes=\"auto, (max-width: 600px) 100vw, 600px\" \/><\/a><figcaption id=\"caption-attachment-17836\" class=\"wp-caption-text\">Las madres de Villa El Se\u00f1orial compartieron su d\u00eda en uni\u00f3n de la Gobernadora Patricia Boffa y el Alcalde Jaime Amar en la plaza de la poblaci\u00f3n.<\/figcaption><\/figure>\n<p><strong>C\u00e1maras de Diario El Trabajo registran el amor a las madres profesado por sus hijos a nuestras madres sanfelipe\u00f1as.<\/strong><\/p>\n<p>Roberto Gonz\u00e1lez S. &#8211; <a href=\"mailto:rgonzalez@eltrabajo.cl\">rgonzalez@eltrabajo.cl<\/a><\/p>\n<figure id=\"attachment_17837\" aria-describedby=\"caption-attachment-17837\" style=\"width: 300px\" class=\"wp-caption alignright\"><a href=\"http:\/\/www.eltrabajo.cl\/portal\/2012\/05\/juntas-de-vecinos-celebraron-su-dia-a-las-%e2%80%98regalonas%e2%80%99-de-la-casa\/algarrobal1\/\" rel=\"attachment wp-att-17837\"><img data-recalc-dims=\"1\" loading=\"lazy\" decoding=\"async\" class=\"size-medium wp-image-17837\" title=\"Algarrobal1\" src=\"https:\/\/i0.wp.com\/www.eltrabajo.cl\/portal\/wp-content\/uploads\/2012\/05\/Algarrobal1-300x166.jpg?resize=300%2C166\" alt=\"\" width=\"300\" height=\"166\" srcset=\"https:\/\/i0.wp.com\/eltrabajo.cl\/portal\/wp-content\/uploads\/2012\/05\/Algarrobal1.jpg?resize=300%2C166&amp;ssl=1 300w, https:\/\/i0.wp.com\/eltrabajo.cl\/portal\/wp-content\/uploads\/2012\/05\/Algarrobal1.jpg?resize=200%2C111&amp;ssl=1 200w, https:\/\/i0.wp.com\/eltrabajo.cl\/portal\/wp-content\/uploads\/2012\/05\/Algarrobal1.jpg?resize=150%2C83&amp;ssl=1 150w, https:\/\/i0.wp.com\/eltrabajo.cl\/portal\/wp-content\/uploads\/2012\/05\/Algarrobal1.jpg?resize=400%2C222&amp;ssl=1 400w, https:\/\/i0.wp.com\/eltrabajo.cl\/portal\/wp-content\/uploads\/2012\/05\/Algarrobal1.jpg?w=600&amp;ssl=1 600w\" sizes=\"auto, (max-width: 300px) 100vw, 300px\" \/><\/a><figcaption id=\"caption-attachment-17837\" class=\"wp-caption-text\">La Junta de Vecinos de Algarrobal organiz\u00f3 una tarde de fiesta para las madres de su comuna mientras que tambi\u00e9n ofrecieron \u2018Menciones de Honor\u2019 y arreglos florales a las presentes.<\/figcaption><\/figure>\n<p>Este D\u00eda de las Madres fue celebrado en muchos pa\u00edses del mundo con la entrega de regalos y finas atenciones de hijos e hijas para con quienes nos dieron la vida, en San Felipe tambi\u00e9n se le dio especial atenci\u00f3n a las \u2018regalonas\u2019 de la casa y muchas escuelas y juntas vecinales aprovecharon para rendir homenaje a ellas e invitarlas a distintas actividades p\u00fablicas.<\/p>\n<p>Diario El Trabajo realiz\u00f3 este fin de semana, un recorrido por algunas comunidades de San Felipe con miras a tomar registro de dichos eventos en honor a las madres sanfelipe\u00f1as y hoy compartimos con nuestros lectores una rese\u00f1a gr\u00e1fica de dicho recorrido.<\/p>\n","protected":false},"excerpt":{"rendered":"<p>C\u00e1maras de Diario El Trabajo registran el amor a las madres profesado por sus hijos a nuestras madres sanfelipe\u00f1as. Roberto Gonz\u00e1lez S. &#8211; rgonzalez@eltrabajo.cl Este D\u00eda de las Madres fue celebrado en&#8230;<\/p>\n","protected":false},"author":482,"featured_media":17836,"comment_status":"open","ping_status":"closed","sticky":false,"template":"","format":"standard","meta":{"advanced_seo_description":"","jetpack_seo_html_title":"","jetpack_seo_noindex":false,"_jetpack_memberships_contains_paid_content":false,"footnotes":""},"categories":[15],"tags":[],"class_list":["post-17835","post","type-post","status-publish","format-standard","has-post-thumbnail","hentry","category-comunidad"],"jetpack_featured_media_url":"https:\/\/i0.wp.com\/eltrabajo.cl\/portal\/wp-content\/uploads\/2012\/05\/Todas1.jpg?fit=600%2C385&ssl=1","jetpack_sharing_enabled":true,"jetpack_likes_enabled":true,"jetpack-related-posts":[],"_links":{"self":[{"href":"https:\/\/eltrabajo.cl\/portal\/wp-json\/wp\/v2\/posts\/17835","targetHints":{"allow":["GET"]}}],"collection":[{"href":"https:\/\/eltrabajo.cl\/portal\/wp-json\/wp\/v2\/posts"}],"about":[{"href":"https:\/\/eltrabajo.cl\/portal\/wp-json\/wp\/v2\/types\/post"}],"author":[{"embeddable":true,"href":"https:\/\/eltrabajo.cl\/portal\/wp-json\/wp\/v2\/users\/482"}],"replies":[{"embeddable":true,"href":"https:\/\/eltrabajo.cl\/portal\/wp-json\/wp\/v2\/comments?post=17835"}],"version-history":[{"count":0,"href":"https:\/\/eltrabajo.cl\/portal\/wp-json\/wp\/v2\/posts\/17835\/revisions"}],"wp:featuredmedia":[{"embeddable":true,"href":"https:\/\/eltrabajo.cl\/portal\/wp-json\/wp\/v2\/media\/17836"}],"wp:attachment":[{"href":"https:\/\/eltrabajo.cl\/portal\/wp-json\/wp\/v2\/media?parent=17835"}],"wp:term":[{"taxonomy":"category","embeddable":true,"href":"https:\/\/eltrabajo.cl\/portal\/wp-json\/wp\/v2\/categories?post=17835"},{"taxonomy":"post_tag","embeddable":true,"href":"https:\/\/eltrabajo.cl\/portal\/wp-json\/wp\/v2\/tags?post=17835"}],"curies":[{"name":"wp","href":"https:\/\/api.w.org\/{rel}","templated":true}]}}