{"id":17842,"date":"2012-05-14T10:06:10","date_gmt":"2012-05-14T14:06:10","guid":{"rendered":"http:\/\/www.eltrabajo.cl\/portal\/?p=17842"},"modified":"2012-05-14T10:06:10","modified_gmt":"2012-05-14T14:06:10","slug":"destacan-a-funcionarios-de-carabineros-por-%e2%80%98ir-mas-alla-de-su-deber%e2%80%99","status":"publish","type":"post","link":"https:\/\/eltrabajo.cl\/portal\/destacan-a-funcionarios-de-carabineros-por-%e2%80%98ir-mas-alla-de-su-deber%e2%80%99\/","title":{"rendered":"Destacan a funcionarios de Carabineros por \u2018ir m\u00e1s all\u00e1 de su deber\u2019"},"content":{"rendered":"<figure id=\"attachment_17843\" aria-describedby=\"caption-attachment-17843\" style=\"width: 600px\" class=\"wp-caption alignnone\"><a href=\"http:\/\/www.eltrabajo.cl\/portal\/2012\/05\/destacan-a-funcionarios-de-carabineros-por-%e2%80%98ir-mas-alla-de-su-deber%e2%80%99\/honores1\/\" rel=\"attachment wp-att-17843\"><img data-recalc-dims=\"1\" loading=\"lazy\" decoding=\"async\" class=\"size-full wp-image-17843\" title=\"Honores1\" src=\"https:\/\/i0.wp.com\/www.eltrabajo.cl\/portal\/wp-content\/uploads\/2012\/05\/Honores1.jpg?resize=600%2C450\" alt=\"\" width=\"600\" height=\"450\" srcset=\"https:\/\/i0.wp.com\/eltrabajo.cl\/portal\/wp-content\/uploads\/2012\/05\/Honores1.jpg?w=600&amp;ssl=1 600w, https:\/\/i0.wp.com\/eltrabajo.cl\/portal\/wp-content\/uploads\/2012\/05\/Honores1.jpg?resize=200%2C150&amp;ssl=1 200w, https:\/\/i0.wp.com\/eltrabajo.cl\/portal\/wp-content\/uploads\/2012\/05\/Honores1.jpg?resize=300%2C225&amp;ssl=1 300w, https:\/\/i0.wp.com\/eltrabajo.cl\/portal\/wp-content\/uploads\/2012\/05\/Honores1.jpg?resize=150%2C112&amp;ssl=1 150w, https:\/\/i0.wp.com\/eltrabajo.cl\/portal\/wp-content\/uploads\/2012\/05\/Honores1.jpg?resize=400%2C300&amp;ssl=1 400w\" sizes=\"auto, (max-width: 600px) 100vw, 600px\" \/><\/a><figcaption id=\"caption-attachment-17843\" class=\"wp-caption-text\">El Cabo Segundo Luis Villar y los Carabineros Carlos Molina y Eduardo Estrada, se destacaron en un procedimiento policial que permiti\u00f3 aclarar un cuantioso robo y lograron la detenci\u00f3n de los antisociales, quienes actuaron con armas de fuego.<\/figcaption><\/figure>\n<p>Sylvia Vergara &#8211; <a href=\"mailto:svergara@eltrabajo.cl\">svergara@eltrabajo.cl<\/a><\/p>\n<p>Cuatro funcionarios de Carabineros fueron destacados por la Prefectura de Aconcagua, luego de haber participado en dos procedimientos importantes y en ayuda a la comunidad. Uno de los hechos ocurri\u00f3 esta semana, cuando dos sujetos ingresaron a robar a un local comercial en la comuna de La Ligua.<\/p>\n<p>Gracias a la informaci\u00f3n entregada por la comunidad, tres efectivos policiales, identificados como el Cabo Segundo Luis Villar y los Carabineros Carlos Molina y Eduardo Estrada, salieron en persecuci\u00f3n de los antisociales, logrando dar alcance a uno de ellos, quien portaba entre sus manos m\u00e1s de un mill\u00f3n de pesos en dinero en efectivo y entre sus vestimentas un arma de fuego, quien fue detenido y trasladado a la unidad policial.<\/p>\n<p><strong>VALORES \u00c9TICOS &#8211; Y MORALES<\/strong><\/p>\n<p>M\u00e1s tarde y gracias a la investigaci\u00f3n policial que se continu\u00f3 realizando, se logr\u00f3 la detenci\u00f3n de otro de los implicados.<\/p>\n<figure id=\"attachment_17844\" aria-describedby=\"caption-attachment-17844\" style=\"width: 300px\" class=\"wp-caption alignright\"><a href=\"http:\/\/www.eltrabajo.cl\/portal\/2012\/05\/destacan-a-funcionarios-de-carabineros-por-%e2%80%98ir-mas-alla-de-su-deber%e2%80%99\/sgto2-alex-vera\/\" rel=\"attachment wp-att-17844\"><img data-recalc-dims=\"1\" loading=\"lazy\" decoding=\"async\" class=\"size-medium wp-image-17844\" title=\"sgto2-alex-vera\" src=\"https:\/\/i0.wp.com\/www.eltrabajo.cl\/portal\/wp-content\/uploads\/2012\/05\/sgto2-alex-vera-300x240.jpg?resize=300%2C240\" alt=\"\" width=\"300\" height=\"240\" srcset=\"https:\/\/i0.wp.com\/eltrabajo.cl\/portal\/wp-content\/uploads\/2012\/05\/sgto2-alex-vera.jpg?resize=300%2C240&amp;ssl=1 300w, https:\/\/i0.wp.com\/eltrabajo.cl\/portal\/wp-content\/uploads\/2012\/05\/sgto2-alex-vera.jpg?resize=187%2C150&amp;ssl=1 187w, https:\/\/i0.wp.com\/eltrabajo.cl\/portal\/wp-content\/uploads\/2012\/05\/sgto2-alex-vera.jpg?resize=150%2C120&amp;ssl=1 150w, https:\/\/i0.wp.com\/eltrabajo.cl\/portal\/wp-content\/uploads\/2012\/05\/sgto2-alex-vera.jpg?resize=400%2C320&amp;ssl=1 400w, https:\/\/i0.wp.com\/eltrabajo.cl\/portal\/wp-content\/uploads\/2012\/05\/sgto2-alex-vera.jpg?w=600&amp;ssl=1 600w\" sizes=\"auto, (max-width: 300px) 100vw, 300px\" \/><\/a><figcaption id=\"caption-attachment-17844\" class=\"wp-caption-text\">El Sargento Segundo, Alex Vera, devolvi\u00f3 una billetera con 150 mil pesos que encontr\u00f3 en la v\u00eda p\u00fablica.<\/figcaption><\/figure>\n<p>El segundo procedimiento policial ocurri\u00f3 en la comuna de Los Andes y corresponde a la devoluci\u00f3n que realiz\u00f3 el Sargento Segundo, Alex Vera de una billetera con 150 mil pesos que encontr\u00f3 en la v\u00eda p\u00fablica. Luego de realizar las acciones necesarias, el funcionario pudo ubicar a la afectada y devolverle sus pertenencias.<\/p>\n<p>Estas acciones, que dan cuenta de los valores promovidos por la instituci\u00f3n, hicieron que los efectivos fueran destacados por la Prefectura, en un acto realizado en horas de la ma\u00f1ana de este jueves y presidido por el Jefe de Zona de Carabineros, General Richard Quezada.<\/p>\n<p>\u201cEn procedimientos que se gestaron en unidades operativas dependientes de esta Prefectura, hubo personal que se destac\u00f3 y fue m\u00e1s all\u00e1 de su deber, por lo tanto eso nos prestigia a Carabineros, nos hace seguir trabajando, nos motiva y nos hace estar m\u00e1s cerca de la ciudadan\u00eda, que finalmente ese debe ser nuestro rol, proteger a la ciudadan\u00eda\u201d coment\u00f3 Quezada.<\/p>\n<p>La diferencia entre ambos procedimientos, al constituir uno un hecho policial en si y otro la devoluci\u00f3n de una billetera, a juicio del General, da cuenta de los valores de los funcionarios policiales.<\/p>\n<p>El oficial se\u00f1al\u00f3 adem\u00e1s, que este debe ser el camino a seguir por todas las generaciones j\u00f3venes y agreg\u00f3 que cuando existen hechos de estas caracter\u00edsticas, que destacan a la instituci\u00f3n y a sus integrantes, los funcionarios son felicitados, lo que constituye uno de los ejes de la gesti\u00f3n del General Director de Carabineros.<\/p>\n","protected":false},"excerpt":{"rendered":"<p>Sylvia Vergara &#8211; svergara@eltrabajo.cl Cuatro funcionarios de Carabineros fueron destacados por la Prefectura de Aconcagua, luego de haber participado en dos procedimientos importantes y en ayuda a la comunidad. Uno de los&#8230;<\/p>\n","protected":false},"author":482,"featured_media":17843,"comment_status":"open","ping_status":"closed","sticky":false,"template":"","format":"standard","meta":{"advanced_seo_description":"","jetpack_seo_html_title":"","jetpack_seo_noindex":false,"_jetpack_memberships_contains_paid_content":false,"footnotes":""},"categories":[1],"tags":[],"class_list":["post-17842","post","type-post","status-publish","format-standard","has-post-thumbnail","hentry","category-cronica"],"jetpack_featured_media_url":"https:\/\/i0.wp.com\/eltrabajo.cl\/portal\/wp-content\/uploads\/2012\/05\/Honores1.jpg?fit=600%2C450&ssl=1","jetpack_sharing_enabled":true,"jetpack_likes_enabled":true,"jetpack-related-posts":[],"_links":{"self":[{"href":"https:\/\/eltrabajo.cl\/portal\/wp-json\/wp\/v2\/posts\/17842","targetHints":{"allow":["GET"]}}],"collection":[{"href":"https:\/\/eltrabajo.cl\/portal\/wp-json\/wp\/v2\/posts"}],"about":[{"href":"https:\/\/eltrabajo.cl\/portal\/wp-json\/wp\/v2\/types\/post"}],"author":[{"embeddable":true,"href":"https:\/\/eltrabajo.cl\/portal\/wp-json\/wp\/v2\/users\/482"}],"replies":[{"embeddable":true,"href":"https:\/\/eltrabajo.cl\/portal\/wp-json\/wp\/v2\/comments?post=17842"}],"version-history":[{"count":0,"href":"https:\/\/eltrabajo.cl\/portal\/wp-json\/wp\/v2\/posts\/17842\/revisions"}],"wp:featuredmedia":[{"embeddable":true,"href":"https:\/\/eltrabajo.cl\/portal\/wp-json\/wp\/v2\/media\/17843"}],"wp:attachment":[{"href":"https:\/\/eltrabajo.cl\/portal\/wp-json\/wp\/v2\/media?parent=17842"}],"wp:term":[{"taxonomy":"category","embeddable":true,"href":"https:\/\/eltrabajo.cl\/portal\/wp-json\/wp\/v2\/categories?post=17842"},{"taxonomy":"post_tag","embeddable":true,"href":"https:\/\/eltrabajo.cl\/portal\/wp-json\/wp\/v2\/tags?post=17842"}],"curies":[{"name":"wp","href":"https:\/\/api.w.org\/{rel}","templated":true}]}}