{"id":17847,"date":"2012-05-14T10:08:10","date_gmt":"2012-05-14T14:08:10","guid":{"rendered":"http:\/\/www.eltrabajo.cl\/portal\/?p=17847"},"modified":"2012-05-14T10:08:10","modified_gmt":"2012-05-14T14:08:10","slug":"ejecutaran-proyecto-para-recuperar-tres-plazas-en-%e2%80%98villa-la-donita%e2%80%99","status":"publish","type":"post","link":"https:\/\/eltrabajo.cl\/portal\/ejecutaran-proyecto-para-recuperar-tres-plazas-en-%e2%80%98villa-la-donita%e2%80%99\/","title":{"rendered":"Ejecutar\u00e1n proyecto para recuperar tres plazas en \u2018Villa La Do\u00f1ita\u2019"},"content":{"rendered":"<figure id=\"attachment_17848\" aria-describedby=\"caption-attachment-17848\" style=\"width: 600px\" class=\"wp-caption alignnone\"><a href=\"http:\/\/www.eltrabajo.cl\/portal\/2012\/05\/ejecutaran-proyecto-para-recuperar-tres-plazas-en-%e2%80%98villa-la-donita%e2%80%99\/basura1-2\/\" rel=\"attachment wp-att-17848\"><img data-recalc-dims=\"1\" loading=\"lazy\" decoding=\"async\" class=\"size-full wp-image-17848\" title=\"Basura1\" src=\"https:\/\/i0.wp.com\/www.eltrabajo.cl\/portal\/wp-content\/uploads\/2012\/05\/Basura1.jpg?resize=600%2C450\" alt=\"\" width=\"600\" height=\"450\" srcset=\"https:\/\/i0.wp.com\/eltrabajo.cl\/portal\/wp-content\/uploads\/2012\/05\/Basura1.jpg?w=600&amp;ssl=1 600w, https:\/\/i0.wp.com\/eltrabajo.cl\/portal\/wp-content\/uploads\/2012\/05\/Basura1.jpg?resize=200%2C150&amp;ssl=1 200w, https:\/\/i0.wp.com\/eltrabajo.cl\/portal\/wp-content\/uploads\/2012\/05\/Basura1.jpg?resize=300%2C225&amp;ssl=1 300w, https:\/\/i0.wp.com\/eltrabajo.cl\/portal\/wp-content\/uploads\/2012\/05\/Basura1.jpg?resize=150%2C112&amp;ssl=1 150w, https:\/\/i0.wp.com\/eltrabajo.cl\/portal\/wp-content\/uploads\/2012\/05\/Basura1.jpg?resize=400%2C300&amp;ssl=1 400w\" sizes=\"auto, (max-width: 600px) 100vw, 600px\" \/><\/a><figcaption id=\"caption-attachment-17848\" class=\"wp-caption-text\">En estos d\u00edas se est\u00e1 realizando la limpieza por parte de personal municipal, para luego pasar a la construcci\u00f3n de las plazas.<\/figcaption><\/figure>\n<p>Con una inversi\u00f3n que alcanza los 50 millones de pesos, el programa Barrio en Paz Residencial est\u00e1 comenzando a ejecutar la recuperaci\u00f3n de tres plazas que se encuentran al interior de \u2018Villa La Do\u00f1ita\u2019. El proyecto tiene como objetivo, la recuperaci\u00f3n de los espacios p\u00fablicos en el sector que comprende el programa Barrio en Paz Residencial, donde se construir\u00e1n \u00e1reas verdes; se colocar\u00e1 iluminaci\u00f3n; veredas; esca\u00f1os y juegos infantiles antivand\u00e1licos.<\/p>\n<p>Los recursos corresponden a una inversi\u00f3n del a\u00f1o 2011, del Ministerio del Interior y que se comienzan a ejecutar en estos d\u00edas. La idea es que tanto los vecinos de \u2018Villa La Do\u00f1ita\u2019, como de otros sectores cercanos que forman parte del proyecto, puedan hacer uso de estos espacios y tengan una mejor calidad de vida, cambiando estos lugares que se convirtieron en basurales por el abandono en que se encontraban.<\/p>\n<figure id=\"attachment_17849\" aria-describedby=\"caption-attachment-17849\" style=\"width: 210px\" class=\"wp-caption alignright\"><a href=\"http:\/\/www.eltrabajo.cl\/portal\/2012\/05\/ejecutaran-proyecto-para-recuperar-tres-plazas-en-%e2%80%98villa-la-donita%e2%80%99\/alexis1\/\" rel=\"attachment wp-att-17849\"><img data-recalc-dims=\"1\" loading=\"lazy\" decoding=\"async\" class=\"size-medium wp-image-17849 \" title=\"Alexis1\" src=\"https:\/\/i0.wp.com\/www.eltrabajo.cl\/portal\/wp-content\/uploads\/2012\/05\/Alexis1-300x225.jpg?resize=210%2C158\" alt=\"\" width=\"210\" height=\"158\" srcset=\"https:\/\/i0.wp.com\/eltrabajo.cl\/portal\/wp-content\/uploads\/2012\/05\/Alexis1.jpg?resize=300%2C225&amp;ssl=1 300w, https:\/\/i0.wp.com\/eltrabajo.cl\/portal\/wp-content\/uploads\/2012\/05\/Alexis1.jpg?resize=200%2C150&amp;ssl=1 200w, https:\/\/i0.wp.com\/eltrabajo.cl\/portal\/wp-content\/uploads\/2012\/05\/Alexis1.jpg?resize=150%2C112&amp;ssl=1 150w, https:\/\/i0.wp.com\/eltrabajo.cl\/portal\/wp-content\/uploads\/2012\/05\/Alexis1.jpg?resize=400%2C300&amp;ssl=1 400w, https:\/\/i0.wp.com\/eltrabajo.cl\/portal\/wp-content\/uploads\/2012\/05\/Alexis1.jpg?w=600&amp;ssl=1 600w\" sizes=\"auto, (max-width: 210px) 100vw, 210px\" \/><\/a><figcaption id=\"caption-attachment-17849\" class=\"wp-caption-text\">Alexis Guerrero, encargado comunal del Barrio en Paz Residencial.<\/figcaption><\/figure>\n<p><strong>LIMPIEZA PRIMERO<\/strong><\/p>\n<p>De hecho, en estos d\u00edas se est\u00e1 realizando el proceso de limpieza del lugar, para luego pasar a la construcci\u00f3n de las plazas.<\/p>\n<p>\u201cAhora se est\u00e1 limpiando para que la empresa que va a hacer la obra, que es la empresa de Alejando Zenteno, tiene un mes de plazo para ejecutar la obra. Paralelamente a eso se est\u00e1n haciendo las excavaciones, ya se han instalado las bases de los postes ornamentales que van a estar en esta villa y es muy probable que ambas obras finalicen al mismo tiempo, estemos a mediados del mes de julio entregando esto a los vecinos de \u2018Villa La Do\u00f1ita\u2019\u201d, se\u00f1al\u00f3 el encargado comunal del Barrio en Paz Residencial, Alexis Guerrero.<\/p>\n<p>Seg\u00fan Guerrero, en este sector hubo una menor participaci\u00f3n de los vecinos en el proyecto, debido a que en esta villa est\u00e1 desactivada de la junta de vecinos, por lo que s\u00f3lo fue posible trabajar con los lugare\u00f1os cercanos a la plaza. Ellos entregaron algunas opiniones de c\u00f3mo esperan ver el sector, como por ejemplo la no instalaci\u00f3n de basureros en la plaza, debido a que los vecinos consideraban que esos art\u00edculos se convierten en micro-basural.<\/p>\n<p>Este proyecto beneficiar\u00e1 a alrededor de 120 familias que viven en el sector, adem\u00e1s de cerca de 400 familias m\u00e1s, que pertenecen a villas cercanas, como \u2018Villa Las Acacias III\u2019 y la poblaci\u00f3n Santa Br\u00edgida.<\/p>\n<p>Ahora la idea es realizar un trabajo educativo para que el lugar se mantenga en buenas condiciones y no vuelva a convertirse en un basural, lo que depende directamente de los vecinos y de la comunidad en general.<\/p>\n<p>\u201cLa idea es que los vecinos se hagan cargo del cuidado del espacio, obviamente esto va a quedar bajo mantenci\u00f3n municipal, pero igual los vecinos deben cuidar el espacio\u201d, se\u00f1al\u00f3 finalmente Guerrero.<\/p>\n","protected":false},"excerpt":{"rendered":"<p>Con una inversi\u00f3n que alcanza los 50 millones de pesos, el programa Barrio en Paz Residencial est\u00e1 comenzando a ejecutar la recuperaci\u00f3n de tres plazas que se encuentran al interior de \u2018Villa&#8230;<\/p>\n","protected":false},"author":482,"featured_media":17848,"comment_status":"open","ping_status":"closed","sticky":false,"template":"","format":"standard","meta":{"advanced_seo_description":"","jetpack_seo_html_title":"","jetpack_seo_noindex":false,"_jetpack_memberships_contains_paid_content":false,"footnotes":""},"categories":[1],"tags":[],"class_list":["post-17847","post","type-post","status-publish","format-standard","has-post-thumbnail","hentry","category-cronica"],"jetpack_featured_media_url":"https:\/\/i0.wp.com\/eltrabajo.cl\/portal\/wp-content\/uploads\/2012\/05\/Basura1.jpg?fit=600%2C450&ssl=1","jetpack_sharing_enabled":true,"jetpack_likes_enabled":true,"jetpack-related-posts":[],"_links":{"self":[{"href":"https:\/\/eltrabajo.cl\/portal\/wp-json\/wp\/v2\/posts\/17847","targetHints":{"allow":["GET"]}}],"collection":[{"href":"https:\/\/eltrabajo.cl\/portal\/wp-json\/wp\/v2\/posts"}],"about":[{"href":"https:\/\/eltrabajo.cl\/portal\/wp-json\/wp\/v2\/types\/post"}],"author":[{"embeddable":true,"href":"https:\/\/eltrabajo.cl\/portal\/wp-json\/wp\/v2\/users\/482"}],"replies":[{"embeddable":true,"href":"https:\/\/eltrabajo.cl\/portal\/wp-json\/wp\/v2\/comments?post=17847"}],"version-history":[{"count":0,"href":"https:\/\/eltrabajo.cl\/portal\/wp-json\/wp\/v2\/posts\/17847\/revisions"}],"wp:featuredmedia":[{"embeddable":true,"href":"https:\/\/eltrabajo.cl\/portal\/wp-json\/wp\/v2\/media\/17848"}],"wp:attachment":[{"href":"https:\/\/eltrabajo.cl\/portal\/wp-json\/wp\/v2\/media?parent=17847"}],"wp:term":[{"taxonomy":"category","embeddable":true,"href":"https:\/\/eltrabajo.cl\/portal\/wp-json\/wp\/v2\/categories?post=17847"},{"taxonomy":"post_tag","embeddable":true,"href":"https:\/\/eltrabajo.cl\/portal\/wp-json\/wp\/v2\/tags?post=17847"}],"curies":[{"name":"wp","href":"https:\/\/api.w.org\/{rel}","templated":true}]}}