{"id":17852,"date":"2012-05-14T10:09:51","date_gmt":"2012-05-14T14:09:51","guid":{"rendered":"http:\/\/www.eltrabajo.cl\/portal\/?p=17852"},"modified":"2012-05-14T10:09:51","modified_gmt":"2012-05-14T14:09:51","slug":"con-recursos-de-chile-deportes-se-construiria-el-nuevo-estadio","status":"publish","type":"post","link":"https:\/\/eltrabajo.cl\/portal\/con-recursos-de-chile-deportes-se-construiria-el-nuevo-estadio\/","title":{"rendered":"Con recursos de Chile Deportes se construir\u00eda el nuevo estadio"},"content":{"rendered":"<figure id=\"attachment_17853\" aria-describedby=\"caption-attachment-17853\" style=\"width: 300px\" class=\"wp-caption alignleft\"><a href=\"http:\/\/www.eltrabajo.cl\/portal\/2012\/05\/con-recursos-de-chile-deportes-se-construiria-el-nuevo-estadio\/amar1-3\/\" rel=\"attachment wp-att-17853\"><img data-recalc-dims=\"1\" loading=\"lazy\" decoding=\"async\" class=\"size-medium wp-image-17853\" title=\"Amar1\" src=\"https:\/\/i0.wp.com\/www.eltrabajo.cl\/portal\/wp-content\/uploads\/2012\/05\/Amar1-300x225.jpg?resize=300%2C225\" alt=\"\" width=\"300\" height=\"225\" srcset=\"https:\/\/i0.wp.com\/eltrabajo.cl\/portal\/wp-content\/uploads\/2012\/05\/Amar1.jpg?resize=300%2C225&amp;ssl=1 300w, https:\/\/i0.wp.com\/eltrabajo.cl\/portal\/wp-content\/uploads\/2012\/05\/Amar1.jpg?resize=200%2C150&amp;ssl=1 200w, https:\/\/i0.wp.com\/eltrabajo.cl\/portal\/wp-content\/uploads\/2012\/05\/Amar1.jpg?resize=150%2C112&amp;ssl=1 150w, https:\/\/i0.wp.com\/eltrabajo.cl\/portal\/wp-content\/uploads\/2012\/05\/Amar1.jpg?resize=400%2C300&amp;ssl=1 400w, https:\/\/i0.wp.com\/eltrabajo.cl\/portal\/wp-content\/uploads\/2012\/05\/Amar1.jpg?w=600&amp;ssl=1 600w\" sizes=\"auto, (max-width: 300px) 100vw, 300px\" \/><\/a><figcaption id=\"caption-attachment-17853\" class=\"wp-caption-text\">El Alcalde Jaime Amar destac\u00f3 el compromiso de destinar recursos para un nuevo estadio para San Felipe.<\/figcaption><\/figure>\n<p>Hace poco menos de un a\u00f1o atr\u00e1s, el Alcalde Jaime Amar, junto con la Gobernadora Patricia Boffa, se reunieron con el Subsecretario de Chile Deportes, con la finalidad de plantear la necesidad de comenzar un Estudio de Localizaci\u00f3n y de desarrollo de un nuevo estadio para San Felipe.<\/p>\n<p>En ese mismo tema, explic\u00f3 el Alcalde Amar, el d\u00eda jueves pasado, el Subsecretario de Deportes se reuni\u00f3 con el Consejo Regional, instancia donde ratific\u00f3 y comprometi\u00f3 recursos de Chile Deportes, sobre la base de que previamente a eso, deber\u00eda haber compromisos de aprobaciones de los proyectos de mejoramiento de los estadios Sausalito y Chile Deportes de Valpara\u00edso.<\/p>\n<p>Seg\u00fan explic\u00f3 el jefe comunal, esto va inserto dentro de un \u2018paquete\u2019 y si se aprueban los recursos, Chile Deportes entregar\u00edan entre 500 y 550 millones de pesos, que son los c\u00e1lculos que hizo el municipio para poder desarrollar el proyecto de ingenier\u00eda del nuevo estadio de San Felipe.<\/p>\n<p>\u201cNosotros hoy d\u00eda estamos trabajando a nivel regional con los Estudios de Relocalizaci\u00f3n del estadio, a\u00fan cuando como Municipalidad ya hicimos un Estudio de Localizaci\u00f3n, que lo hicimos con la Universidad Cat\u00f3lica, en una planificaci\u00f3n, donde tenemos algunas ideas bastante claras sobre la materia, y algunas cosas que hemos conversado en reuniones que sostuvimos hace algunas semanas atr\u00e1s con la Seremi de Bienes Nacionales, y frente a toda esta situaci\u00f3n, estamos a la espera un poco de lo que se vaya a generar\u201d expres\u00f3 Amar.<\/p>\n<p><strong>CAMINANDO JUNTOS<\/strong><\/p>\n<p>El jefe comunal afirm\u00f3 que actualmente es posible ver que, desde el Consejo Regional, pasando por el Intendente, la Gobernaci\u00f3n y el Municipio est\u00e1n caminando en el mismo sentido, para poder tener en el corto plazo un proyecto de esta naturaleza.<\/p>\n<p>\u201cLos tiempos son que el a\u00f1o 2012 deber\u00edan quedar resuelto, lo que es la localizaci\u00f3n del estadio, a\u00f1o 2013, si todo camina tal como se ha indicado, deber\u00eda ser el a\u00f1o de todo el dise\u00f1o de ingenier\u00eda, de la arquitectura, de un proyecto que nosotros hemos considerado que tiene que estar inserto dentro de una zona porque tiene que tener los espacios suficientes para los estacionamientos de veh\u00edculos y es por eso que la propuesta que le hicimos a la Seremi, estamos hablando de alrededor de ocho hect\u00e1reas para desarrollar el campo deportivo, estacionamientos y tambi\u00e9n iniciar el proceso de \u00e1rea verdes\u201d agreg\u00f3 el edil.<\/p>\n<p>En esa reuni\u00f3n con la Seremi, el Municipio le plante\u00f3 la necesidad de que en el fundo La Pe\u00f1a, donde est\u00e1 el sector de los pozos, que son alrededor de 25 hect\u00e1reas, de las m\u00e1s de 60 que tiene el terreno, pudieran ser entregadas a la Escuela Agr\u00edcola, con el objetivo de iniciar un proyecto modelo de un nuevo establecimiento, donde se vayan haciendo las plantaciones, ya que en los terrenos actuales, dijo el Alcalde, no existen frutales, ya que no se pueden hacer fumigaciones con material t\u00f3xico, ya que se encuentran emplazada en un sector residencial.<\/p>\n","protected":false},"excerpt":{"rendered":"<p>Hace poco menos de un a\u00f1o atr\u00e1s, el Alcalde Jaime Amar, junto con la Gobernadora Patricia Boffa, se reunieron con el Subsecretario de Chile Deportes, con la finalidad de plantear la necesidad&#8230;<\/p>\n","protected":false},"author":482,"featured_media":17853,"comment_status":"open","ping_status":"closed","sticky":false,"template":"","format":"standard","meta":{"advanced_seo_description":"","jetpack_seo_html_title":"","jetpack_seo_noindex":false,"_jetpack_memberships_contains_paid_content":false,"footnotes":""},"categories":[1],"tags":[],"class_list":["post-17852","post","type-post","status-publish","format-standard","has-post-thumbnail","hentry","category-cronica"],"jetpack_featured_media_url":"https:\/\/i0.wp.com\/eltrabajo.cl\/portal\/wp-content\/uploads\/2012\/05\/Amar1.jpg?fit=600%2C450&ssl=1","jetpack_sharing_enabled":true,"jetpack_likes_enabled":true,"jetpack-related-posts":[],"_links":{"self":[{"href":"https:\/\/eltrabajo.cl\/portal\/wp-json\/wp\/v2\/posts\/17852","targetHints":{"allow":["GET"]}}],"collection":[{"href":"https:\/\/eltrabajo.cl\/portal\/wp-json\/wp\/v2\/posts"}],"about":[{"href":"https:\/\/eltrabajo.cl\/portal\/wp-json\/wp\/v2\/types\/post"}],"author":[{"embeddable":true,"href":"https:\/\/eltrabajo.cl\/portal\/wp-json\/wp\/v2\/users\/482"}],"replies":[{"embeddable":true,"href":"https:\/\/eltrabajo.cl\/portal\/wp-json\/wp\/v2\/comments?post=17852"}],"version-history":[{"count":0,"href":"https:\/\/eltrabajo.cl\/portal\/wp-json\/wp\/v2\/posts\/17852\/revisions"}],"wp:featuredmedia":[{"embeddable":true,"href":"https:\/\/eltrabajo.cl\/portal\/wp-json\/wp\/v2\/media\/17853"}],"wp:attachment":[{"href":"https:\/\/eltrabajo.cl\/portal\/wp-json\/wp\/v2\/media?parent=17852"}],"wp:term":[{"taxonomy":"category","embeddable":true,"href":"https:\/\/eltrabajo.cl\/portal\/wp-json\/wp\/v2\/categories?post=17852"},{"taxonomy":"post_tag","embeddable":true,"href":"https:\/\/eltrabajo.cl\/portal\/wp-json\/wp\/v2\/tags?post=17852"}],"curies":[{"name":"wp","href":"https:\/\/api.w.org\/{rel}","templated":true}]}}