{"id":17856,"date":"2012-05-14T10:14:39","date_gmt":"2012-05-14T14:14:39","guid":{"rendered":"http:\/\/www.eltrabajo.cl\/portal\/?p=17856"},"modified":"2012-05-14T10:14:39","modified_gmt":"2012-05-14T14:14:39","slug":"hombre-que-ayudo-a-chilenos-a-huir-por-la-montana-a-argentina-regresa-38-anos-despues","status":"publish","type":"post","link":"https:\/\/eltrabajo.cl\/portal\/hombre-que-ayudo-a-chilenos-a-huir-por-la-montana-a-argentina-regresa-38-anos-despues\/","title":{"rendered":"Hombre que ayud\u00f3 a chilenos a huir por la monta\u00f1a a Argentina regresa 38 a\u00f1os despu\u00e9s"},"content":{"rendered":"<figure id=\"attachment_17858\" aria-describedby=\"caption-attachment-17858\" style=\"width: 600px\" class=\"wp-caption alignnone\"><a href=\"http:\/\/www.eltrabajo.cl\/portal\/2012\/05\/hombre-que-ayudo-a-chilenos-a-huir-por-la-montana-a-argentina-regresa-38-anos-despues\/familia1-5\/\" rel=\"attachment wp-att-17858\"><img data-recalc-dims=\"1\" loading=\"lazy\" decoding=\"async\" class=\"size-full wp-image-17858\" title=\"Familia1\" src=\"https:\/\/i0.wp.com\/www.eltrabajo.cl\/portal\/wp-content\/uploads\/2012\/05\/Familia11.jpg?resize=600%2C386\" alt=\"\" width=\"600\" height=\"386\" srcset=\"https:\/\/i0.wp.com\/eltrabajo.cl\/portal\/wp-content\/uploads\/2012\/05\/Familia11.jpg?w=600&amp;ssl=1 600w, https:\/\/i0.wp.com\/eltrabajo.cl\/portal\/wp-content\/uploads\/2012\/05\/Familia11.jpg?resize=200%2C128&amp;ssl=1 200w, https:\/\/i0.wp.com\/eltrabajo.cl\/portal\/wp-content\/uploads\/2012\/05\/Familia11.jpg?resize=300%2C193&amp;ssl=1 300w, https:\/\/i0.wp.com\/eltrabajo.cl\/portal\/wp-content\/uploads\/2012\/05\/Familia11.jpg?resize=150%2C96&amp;ssl=1 150w, https:\/\/i0.wp.com\/eltrabajo.cl\/portal\/wp-content\/uploads\/2012\/05\/Familia11.jpg?resize=400%2C257&amp;ssl=1 400w\" sizes=\"auto, (max-width: 600px) 100vw, 600px\" \/><\/a><figcaption id=\"caption-attachment-17858\" class=\"wp-caption-text\">Sus familiares lo recibieron en Putaendo con los brazos abiertos tras 38 a\u00f1os de espera.<\/figcaption><\/figure>\n<p><strong>PUTAENDO.-<\/strong> Pasadas las 14:00 horas de este viernes, Ignacio Fuenzalida, conocido como \u2018Don Fonza\u2019, se reencontr\u00f3 despu\u00e9s de 38 a\u00f1os con sus familiares en la comuna de Putaendo. En el Aeropuerto Arturo Ben\u00edtez era aguardado por familiares, un equipo period\u00edstico de Televisi\u00f3n Nacional y representantes del Consulado Argentino, para posteriormente trasladarse hasta la comuna de Putaendo donde era esperado por toda la familia en el Pasaje Bombero Olgu\u00edn de la Poblaci\u00f3n Ej\u00e9rcito Libertador que se convirti\u00f3 por algunos momentos en una gran fiesta donde era esperado \u2018Don Fonza\u2019.<\/p>\n<p>Hilda D\u00edaz, funcionaria del Hospital Psiqui\u00e1trico, visiblemente emocionada dijo que este reencuentro era un sue\u00f1o hecho realidad, pues por muchos a\u00f1os esperaron reencontrarse con su t\u00edo y tenerlo de vuelta en Putaendo, a quien esperaron con empanadas, cazuela, asado y vino tinto, compartiendo un almuerzo lleno de emociones, abrazos y l\u00e1grimas.<\/p>\n<figure id=\"attachment_17857\" aria-describedby=\"caption-attachment-17857\" style=\"width: 300px\" class=\"wp-caption alignright\"><a href=\"http:\/\/www.eltrabajo.cl\/portal\/2012\/05\/hombre-que-ayudo-a-chilenos-a-huir-por-la-montana-a-argentina-regresa-38-anos-despues\/sobrina1\/\" rel=\"attachment wp-att-17857\"><img data-recalc-dims=\"1\" loading=\"lazy\" decoding=\"async\" class=\"size-medium wp-image-17857\" title=\"Sobrina1\" src=\"https:\/\/i0.wp.com\/www.eltrabajo.cl\/portal\/wp-content\/uploads\/2012\/05\/Sobrina1-300x225.jpg?resize=300%2C225\" alt=\"\" width=\"300\" height=\"225\" srcset=\"https:\/\/i0.wp.com\/eltrabajo.cl\/portal\/wp-content\/uploads\/2012\/05\/Sobrina1.jpg?resize=300%2C225&amp;ssl=1 300w, https:\/\/i0.wp.com\/eltrabajo.cl\/portal\/wp-content\/uploads\/2012\/05\/Sobrina1.jpg?resize=200%2C150&amp;ssl=1 200w, https:\/\/i0.wp.com\/eltrabajo.cl\/portal\/wp-content\/uploads\/2012\/05\/Sobrina1.jpg?resize=150%2C112&amp;ssl=1 150w, https:\/\/i0.wp.com\/eltrabajo.cl\/portal\/wp-content\/uploads\/2012\/05\/Sobrina1.jpg?resize=400%2C300&amp;ssl=1 400w, https:\/\/i0.wp.com\/eltrabajo.cl\/portal\/wp-content\/uploads\/2012\/05\/Sobrina1.jpg?w=600&amp;ssl=1 600w\" sizes=\"auto, (max-width: 300px) 100vw, 300px\" \/><\/a><figcaption id=\"caption-attachment-17857\" class=\"wp-caption-text\">Ignacio Fuenzalida, (\u2018Don Fuenza\u2019) con su sobrina Hilda D\u00edaz, posaron para Diario El Trabajo.<\/figcaption><\/figure>\n<p>Don Ignacio Fuenzalida dijo que nunca hab\u00eda olvidado a sus familiares y que siempre hab\u00eda a\u00f1orado este momento y que estaba muy agradecido del pueblo argentino, de sus autoridades y que a sus 88 a\u00f1os, su gran sue\u00f1o era volver a su querido Putaendo, agregando que recuerda con lujo de detalles c\u00f3mo hace 38 a\u00f1os cruz\u00f3 la cordillera a pie, primero para ayudar a cruzar a varios hombres, mujeres y ni\u00f1os que hu\u00edan de nuestro pa\u00eds y posteriormente al verse perseguido pol\u00edticamente decidi\u00f3 cruzar la cordillera y llegar a la ciudad de San Juan en Argentina donde vivi\u00f3 hasta la fecha.<\/p>\n<p>Un poco de historia de un hombre que cruz\u00f3 la cordillera a pie hasta territorio argentino<\/p>\n<p>Fue minero. Aprendi\u00f3 el oficio de su abuelo quien era propietario de una mina y, gracias a su curiosidad permanente, lleg\u00f3 a adquirir la habilidad de conocer cada uno de los minerales con s\u00f3lo observar las rocas. Esto le permiti\u00f3 adquirir, ya de adulto, unas 25 hect\u00e1reas que trabaj\u00f3 junto a otras personas, pero que luego vendi\u00f3 para partir hacia Argentina. \u201cTen\u00eda curiosidad por conocer otros lugares\u201d se\u00f1ala Fuenzalida.<\/p>\n<p>Tambi\u00e9n fue cuidador de ovejas. Andaba permanentemente a caballo o a pie recorriendo territorio chileno y fue as\u00ed que se hizo un muy buen conocedor de la Cordillera de Los Andes y de \u2018Trece pasos\u2019, por d\u00f3nde poder cruzar a suelo argentino. Por tal motivo, en 1973, cuando Chile ya estaba convulsionado, pero a\u00fan no se produc\u00eda el golpe militar, por primera vez cruz\u00f3 la Cordillera a pie para ayudar a varias personas que deseaban huir para no ser parte de lo que se avizoraba para el pa\u00eds.<\/p>\n<p>\u201cNos tardamos catorce d\u00edas en llegar a San Juan, com\u00edamos conservas y como yo conoc\u00eda bien los refugios, de d\u00eda pas\u00e1bamos por los lugares m\u00e1s complicados y de noche busc\u00e1bamos los m\u00e1s seguros para protegernos del fr\u00edo, aunque esto lo hicimos en pleno verano. Cruc\u00e9 hombres, mujeres y ni\u00f1os\u201d, cuenta rememorando tal traves\u00eda.<\/p>\n<p>Volvi\u00f3 a Chile y al a\u00f1o siguiente, nuevamente cruz\u00f3 a m\u00e1s gente. \u201cEn los dos viajes habr\u00e9 venido con unas 20 personas, en total. Pero siempre eran conocidos; no iba a traer a cualquiera porque me pod\u00eda pasar algo a m\u00ed\u201d, agrega \u2018Fuenza\u2019. De los nombres de esas personas ya no se acuerda, pero asegura que algunos volvieron a Chile y, en sus ansias y sue\u00f1os, espera encontrarlos.<\/p>\n<p>Hilda D\u00edaz nos solicit\u00f3 encarecidamente entregar los p\u00fablicos agradecimientos a la Casa de Chile,\u00a0de la Oficina de Integraci\u00f3n de la Regi\u00f3n de Coquimbo en la provincia de San Juan,\u00a0por su disposici\u00f3n y preocupaci\u00f3n en concretar este hermoso reencuentro, tambi\u00e9n aprovech\u00f3 de reconocer y agradecer a Don Luis Becerra, vecino de San Felipe, quien fue el primero en contactar a su t\u00edo en los constantes viajes que realizaba hacia San Juan, en la ocasi\u00f3n critic\u00f3 la disposici\u00f3n del c\u00f3nsul chileno, de quien asegura, cerr\u00f3 toda posibilidad para encontrar a su t\u00edo, agregando que si no hubiese sido por las autoridades argentinas, este hermoso reencuentro nunca se habr\u00eda podido concretar.<\/p>\n<p><strong>Patricio Gallardo M.<\/strong><\/p>\n","protected":false},"excerpt":{"rendered":"<p>PUTAENDO.- Pasadas las 14:00 horas de este viernes, Ignacio Fuenzalida, conocido como \u2018Don Fonza\u2019, se reencontr\u00f3 despu\u00e9s de 38 a\u00f1os con sus familiares en la comuna de Putaendo. En el Aeropuerto Arturo&#8230;<\/p>\n","protected":false},"author":482,"featured_media":17858,"comment_status":"open","ping_status":"closed","sticky":false,"template":"","format":"standard","meta":{"advanced_seo_description":"","jetpack_seo_html_title":"","jetpack_seo_noindex":false,"_jetpack_memberships_contains_paid_content":false,"footnotes":""},"categories":[15],"tags":[],"class_list":["post-17856","post","type-post","status-publish","format-standard","has-post-thumbnail","hentry","category-comunidad"],"jetpack_featured_media_url":"https:\/\/i0.wp.com\/eltrabajo.cl\/portal\/wp-content\/uploads\/2012\/05\/Familia11.jpg?fit=600%2C386&ssl=1","jetpack_sharing_enabled":true,"jetpack_likes_enabled":true,"jetpack-related-posts":[],"_links":{"self":[{"href":"https:\/\/eltrabajo.cl\/portal\/wp-json\/wp\/v2\/posts\/17856","targetHints":{"allow":["GET"]}}],"collection":[{"href":"https:\/\/eltrabajo.cl\/portal\/wp-json\/wp\/v2\/posts"}],"about":[{"href":"https:\/\/eltrabajo.cl\/portal\/wp-json\/wp\/v2\/types\/post"}],"author":[{"embeddable":true,"href":"https:\/\/eltrabajo.cl\/portal\/wp-json\/wp\/v2\/users\/482"}],"replies":[{"embeddable":true,"href":"https:\/\/eltrabajo.cl\/portal\/wp-json\/wp\/v2\/comments?post=17856"}],"version-history":[{"count":0,"href":"https:\/\/eltrabajo.cl\/portal\/wp-json\/wp\/v2\/posts\/17856\/revisions"}],"wp:featuredmedia":[{"embeddable":true,"href":"https:\/\/eltrabajo.cl\/portal\/wp-json\/wp\/v2\/media\/17858"}],"wp:attachment":[{"href":"https:\/\/eltrabajo.cl\/portal\/wp-json\/wp\/v2\/media?parent=17856"}],"wp:term":[{"taxonomy":"category","embeddable":true,"href":"https:\/\/eltrabajo.cl\/portal\/wp-json\/wp\/v2\/categories?post=17856"},{"taxonomy":"post_tag","embeddable":true,"href":"https:\/\/eltrabajo.cl\/portal\/wp-json\/wp\/v2\/tags?post=17856"}],"curies":[{"name":"wp","href":"https:\/\/api.w.org\/{rel}","templated":true}]}}