{"id":17862,"date":"2012-05-14T10:20:17","date_gmt":"2012-05-14T14:20:17","guid":{"rendered":"http:\/\/www.eltrabajo.cl\/portal\/?p=17862"},"modified":"2012-05-14T10:20:17","modified_gmt":"2012-05-14T14:20:17","slug":"empresario-de-deshidratadora-abre-sus-puertas-a-diario-el-trabajo","status":"publish","type":"post","link":"https:\/\/eltrabajo.cl\/portal\/empresario-de-deshidratadora-abre-sus-puertas-a-diario-el-trabajo\/","title":{"rendered":"Empresario de deshidratadora abre sus puertas a Diario El Trabajo"},"content":{"rendered":"<figure id=\"attachment_17863\" aria-describedby=\"caption-attachment-17863\" style=\"width: 600px\" class=\"wp-caption alignnone\"><a href=\"http:\/\/www.eltrabajo.cl\/portal\/2012\/05\/empresario-de-deshidratadora-abre-sus-puertas-a-diario-el-trabajo\/fruta1\/\" rel=\"attachment wp-att-17863\"><img data-recalc-dims=\"1\" loading=\"lazy\" decoding=\"async\" class=\"size-full wp-image-17863\" title=\"Fruta1\" src=\"https:\/\/i0.wp.com\/www.eltrabajo.cl\/portal\/wp-content\/uploads\/2012\/05\/Fruta1.jpg?resize=600%2C429\" alt=\"\" width=\"600\" height=\"429\" srcset=\"https:\/\/i0.wp.com\/eltrabajo.cl\/portal\/wp-content\/uploads\/2012\/05\/Fruta1.jpg?w=600&amp;ssl=1 600w, https:\/\/i0.wp.com\/eltrabajo.cl\/portal\/wp-content\/uploads\/2012\/05\/Fruta1.jpg?resize=200%2C143&amp;ssl=1 200w, https:\/\/i0.wp.com\/eltrabajo.cl\/portal\/wp-content\/uploads\/2012\/05\/Fruta1.jpg?resize=300%2C214&amp;ssl=1 300w, https:\/\/i0.wp.com\/eltrabajo.cl\/portal\/wp-content\/uploads\/2012\/05\/Fruta1.jpg?resize=150%2C107&amp;ssl=1 150w, https:\/\/i0.wp.com\/eltrabajo.cl\/portal\/wp-content\/uploads\/2012\/05\/Fruta1.jpg?resize=400%2C286&amp;ssl=1 400w\" sizes=\"auto, (max-width: 600px) 100vw, 600px\" \/><\/a><figcaption id=\"caption-attachment-17863\" class=\"wp-caption-text\">Al menos unas 34 personas laboran en esta planta deshidratadora, el 80% de ellas son de Putaendo, el resto, de San Felipe.<\/figcaption><\/figure>\n<p>Roberto Gonz\u00e1lez S. &#8211; <a href=\"mailto:rgonzalez@eltrabajo.cl\">rgonzalez@eltrabajo.cl<\/a><\/p>\n<p><strong>PUTAENDO.-<\/strong> Muy preocupado reaccion\u00f3 el Administrador General de la empresa deshidratadora de fruta, Agroservicios Chile Ltda. Patricio Cornejo; que se ubica en sector Las Coimas camino a Putaendo, en relaci\u00f3n a un reportaje publicado por nuestro medio recientemente, el malestar del empresario se origina en virtud de que la Seremi de Salud, Soledad N\u00fa\u00f1ez, no aclar\u00f3 a qu\u00e9 empresa se refer\u00eda cuando se asegur\u00f3 a la Prensa que se encontraba contaminando con humo y malos olores.<\/p>\n<p>Cornejo asegur\u00f3 que su empresa funciona con total armon\u00eda con el Medio Ambiente mientras que abri\u00f3 las puertas de la misma para que se aclarara una eventual confusi\u00f3n en ese sentido, pues el p\u00fablico y hasta sus clientes, pondr\u00edan dudar de la transparencia del proceso que su representada ejecuta para deshidratar la fruta.<\/p>\n<figure id=\"attachment_17864\" aria-describedby=\"caption-attachment-17864\" style=\"width: 300px\" class=\"wp-caption alignright\"><a href=\"http:\/\/www.eltrabajo.cl\/portal\/2012\/05\/empresario-de-deshidratadora-abre-sus-puertas-a-diario-el-trabajo\/filtro1\/\" rel=\"attachment wp-att-17864\"><img data-recalc-dims=\"1\" loading=\"lazy\" decoding=\"async\" class=\"size-medium wp-image-17864\" title=\"Filtro1\" src=\"https:\/\/i0.wp.com\/www.eltrabajo.cl\/portal\/wp-content\/uploads\/2012\/05\/Filtro1-300x225.jpg?resize=300%2C225\" alt=\"\" width=\"300\" height=\"225\" srcset=\"https:\/\/i0.wp.com\/eltrabajo.cl\/portal\/wp-content\/uploads\/2012\/05\/Filtro1.jpg?resize=300%2C225&amp;ssl=1 300w, https:\/\/i0.wp.com\/eltrabajo.cl\/portal\/wp-content\/uploads\/2012\/05\/Filtro1.jpg?resize=200%2C150&amp;ssl=1 200w, https:\/\/i0.wp.com\/eltrabajo.cl\/portal\/wp-content\/uploads\/2012\/05\/Filtro1.jpg?resize=150%2C112&amp;ssl=1 150w, https:\/\/i0.wp.com\/eltrabajo.cl\/portal\/wp-content\/uploads\/2012\/05\/Filtro1.jpg?resize=400%2C300&amp;ssl=1 400w, https:\/\/i0.wp.com\/eltrabajo.cl\/portal\/wp-content\/uploads\/2012\/05\/Filtro1.jpg?w=600&amp;ssl=1 600w\" sizes=\"auto, (max-width: 300px) 100vw, 300px\" \/><\/a><figcaption id=\"caption-attachment-17864\" class=\"wp-caption-text\">Este horno suministra todo el calor para seis t\u00faneles de tratamiento, a\u00fan estando a 800 grados, poca es la contaminaci\u00f3n producida, gracias al filtro de agua a mano derecha que recibe todo el holl\u00edn que normalmente quedar\u00eda en la atm\u00f3sfera.<\/figcaption><\/figure>\n<p>\u201cA nosotros se nos hizo saber de un reportaje publicado en Diario El Trabajo en relaci\u00f3n a que \u2018empresas estaban haciendo las cosas mal, teniendo problemas de contaminaci\u00f3n, afectando a los vecinos del sector, problemas de humo y de un fuerte olor a azufre\u2019 que se denuncia en ese reportaje\u201d expresa el empresario.<\/p>\n<p><strong>TRES A\u00d1OS DE OPERAR<\/strong><\/p>\n<p>\u201cNosotros a la fecha cumplimos ya nuestra tercera temporada de operar en esta zona, hemos hecho fuertes inversiones precisamente en mejorar cualquier tipo de problem\u00e1tica que tenga que ver el Medio Ambiente y que tenga que ver con causar problemas a la comunidad, de hecho somos parte de la junta de vecinos del sector\u201d explic\u00f3 Cornejo a Diario El Trabajo.<\/p>\n<p>\u201cEn la foto del reportaje no se diferencia con claridad qui\u00e9n es el emisor de dicho humo, para nosotros es complicado, estamos siendo objeto de una fuerte fiscalizaci\u00f3n (\u2026) Diario El Trabajo ahora pudo confirmar c\u00f3mo funciona nuestro generador de agua caliente, es una tecnolog\u00eda en la que decidimos invertir, precisamente para evitar esos problemas, en los que hoy d\u00eda nos vemos vagamente confundidos en un tema que sentimos que no es justo\u201d argument\u00f3 el T\u00e9cnico Agr\u00edcola Patricio Cornejo.<\/p>\n<p>\u201cA nuestros clientes les interesa mucho que la producci\u00f3n sea \u2018limpia\u2019, y por consiguiente, les interesa que nosotros cumplamos con las reglamentaciones, que tengamos nuestros Permisos al d\u00eda y que mantengamos nuestras certificaciones como corresponden\u201d se\u00f1ala el administrador.<\/p>\n<figure id=\"attachment_17865\" aria-describedby=\"caption-attachment-17865\" style=\"width: 186px\" class=\"wp-caption alignleft\"><a href=\"http:\/\/www.eltrabajo.cl\/portal\/2012\/05\/empresario-de-deshidratadora-abre-sus-puertas-a-diario-el-trabajo\/patricio1-2\/\" rel=\"attachment wp-att-17865\"><img data-recalc-dims=\"1\" loading=\"lazy\" decoding=\"async\" class=\"size-medium wp-image-17865 \" title=\"Patricio1\" src=\"https:\/\/i0.wp.com\/www.eltrabajo.cl\/portal\/wp-content\/uploads\/2012\/05\/Patricio11-265x300.jpg?resize=186%2C210\" alt=\"\" width=\"186\" height=\"210\" srcset=\"https:\/\/i0.wp.com\/eltrabajo.cl\/portal\/wp-content\/uploads\/2012\/05\/Patricio11.jpg?resize=265%2C300&amp;ssl=1 265w, https:\/\/i0.wp.com\/eltrabajo.cl\/portal\/wp-content\/uploads\/2012\/05\/Patricio11.jpg?resize=132%2C150&amp;ssl=1 132w, https:\/\/i0.wp.com\/eltrabajo.cl\/portal\/wp-content\/uploads\/2012\/05\/Patricio11.jpg?resize=400%2C452&amp;ssl=1 400w, https:\/\/i0.wp.com\/eltrabajo.cl\/portal\/wp-content\/uploads\/2012\/05\/Patricio11.jpg?w=906&amp;ssl=1 906w\" sizes=\"auto, (max-width: 186px) 100vw, 186px\" \/><\/a><figcaption id=\"caption-attachment-17865\" class=\"wp-caption-text\">Patricio Cornejo, T\u00e9cnico Agr\u00edcola y Administrador General de Agroservicios Chile Ltda.<\/figcaption><\/figure>\n<p>\u201cNuestra empresa est\u00e1 pr\u00f3xima a obtener la certificaci\u00f3n internacional de \u2018Control de Puntos Cr\u00edticos\u2019 (HCCP), tambi\u00e9n estamos valorando calificar para algunas ISO (\u2026) hace algunos a\u00f1os nuestra empresa fue puesta a prueba por seis meses, en ese tiempo la municipalidad nos objet\u00f3 el funcionamiento de nuestros generadores pues sal\u00eda mucho humo, por eso nosotros, conscientes del tema, gastamos cerca de 24 millones de pesos solamente en construcciones y mejoras en filtros que evitan ahora la salida de cualquier tipo de holl\u00edn al Medio Ambiente\u201d detall\u00f3 Cornejo.<\/p>\n<p>En nuestra visita realizada, pudimos confirmar c\u00f3mo, estando el horno principal al rojo vivo, m\u00ednima era la cantidad de humo que sal\u00ed por chimenea de la empresa, tambi\u00e9n Diario El Trabajo pudo verificar (sin ser expertos), que el anh\u00eddrido sulfuroso, o di\u00f3xido de azufre, o antioxidante E-220 o sencillamente SO2 que utiliza Agroservicios Chile Ltda. para dar color y preservaci\u00f3n a la uva, es sin lugar a dudas el aditivo m\u00e1s ampliamente utilizado en vinificaci\u00f3n as\u00ed como para la conservaci\u00f3n de otros productos.<\/p>\n","protected":false},"excerpt":{"rendered":"<p>Roberto Gonz\u00e1lez S. &#8211; rgonzalez@eltrabajo.cl PUTAENDO.- Muy preocupado reaccion\u00f3 el Administrador General de la empresa deshidratadora de fruta, Agroservicios Chile Ltda. Patricio Cornejo; que se ubica en sector Las Coimas camino a&#8230;<\/p>\n","protected":false},"author":482,"featured_media":17863,"comment_status":"open","ping_status":"closed","sticky":false,"template":"","format":"standard","meta":{"advanced_seo_description":"","jetpack_seo_html_title":"","jetpack_seo_noindex":false,"_jetpack_memberships_contains_paid_content":false,"footnotes":""},"categories":[15],"tags":[],"class_list":["post-17862","post","type-post","status-publish","format-standard","has-post-thumbnail","hentry","category-comunidad"],"jetpack_featured_media_url":"https:\/\/i0.wp.com\/eltrabajo.cl\/portal\/wp-content\/uploads\/2012\/05\/Fruta1.jpg?fit=600%2C429&ssl=1","jetpack_sharing_enabled":true,"jetpack_likes_enabled":true,"jetpack-related-posts":[],"_links":{"self":[{"href":"https:\/\/eltrabajo.cl\/portal\/wp-json\/wp\/v2\/posts\/17862","targetHints":{"allow":["GET"]}}],"collection":[{"href":"https:\/\/eltrabajo.cl\/portal\/wp-json\/wp\/v2\/posts"}],"about":[{"href":"https:\/\/eltrabajo.cl\/portal\/wp-json\/wp\/v2\/types\/post"}],"author":[{"embeddable":true,"href":"https:\/\/eltrabajo.cl\/portal\/wp-json\/wp\/v2\/users\/482"}],"replies":[{"embeddable":true,"href":"https:\/\/eltrabajo.cl\/portal\/wp-json\/wp\/v2\/comments?post=17862"}],"version-history":[{"count":0,"href":"https:\/\/eltrabajo.cl\/portal\/wp-json\/wp\/v2\/posts\/17862\/revisions"}],"wp:featuredmedia":[{"embeddable":true,"href":"https:\/\/eltrabajo.cl\/portal\/wp-json\/wp\/v2\/media\/17863"}],"wp:attachment":[{"href":"https:\/\/eltrabajo.cl\/portal\/wp-json\/wp\/v2\/media?parent=17862"}],"wp:term":[{"taxonomy":"category","embeddable":true,"href":"https:\/\/eltrabajo.cl\/portal\/wp-json\/wp\/v2\/categories?post=17862"},{"taxonomy":"post_tag","embeddable":true,"href":"https:\/\/eltrabajo.cl\/portal\/wp-json\/wp\/v2\/tags?post=17862"}],"curies":[{"name":"wp","href":"https:\/\/api.w.org\/{rel}","templated":true}]}}