{"id":17889,"date":"2012-05-15T10:04:12","date_gmt":"2012-05-15T14:04:12","guid":{"rendered":"http:\/\/www.eltrabajo.cl\/portal\/?p=17889"},"modified":"2012-05-15T10:04:12","modified_gmt":"2012-05-15T14:04:12","slug":"los-integrantes-del-club-de-adulto-mayor-celebraron-dia-de-la-madre","status":"publish","type":"post","link":"https:\/\/eltrabajo.cl\/portal\/los-integrantes-del-club-de-adulto-mayor-celebraron-dia-de-la-madre\/","title":{"rendered":"Los integrantes del Club de Adulto Mayor celebraron D\u00eda de la Madre"},"content":{"rendered":"<figure id=\"attachment_17890\" aria-describedby=\"caption-attachment-17890\" style=\"width: 600px\" class=\"wp-caption alignnone\"><a href=\"http:\/\/www.eltrabajo.cl\/portal\/2012\/05\/los-integrantes-del-club-de-adulto-mayor-celebraron-dia-de-la-madre\/adulto-mayor\/\" rel=\"attachment wp-att-17890\"><img data-recalc-dims=\"1\" loading=\"lazy\" decoding=\"async\" class=\"size-full wp-image-17890\" title=\"Adulto Mayor\" src=\"https:\/\/i0.wp.com\/www.eltrabajo.cl\/portal\/wp-content\/uploads\/2012\/05\/Adulto-Mayor.jpg?resize=600%2C450\" alt=\"\" width=\"600\" height=\"450\" srcset=\"https:\/\/i0.wp.com\/eltrabajo.cl\/portal\/wp-content\/uploads\/2012\/05\/Adulto-Mayor.jpg?w=600&amp;ssl=1 600w, https:\/\/i0.wp.com\/eltrabajo.cl\/portal\/wp-content\/uploads\/2012\/05\/Adulto-Mayor.jpg?resize=200%2C150&amp;ssl=1 200w, https:\/\/i0.wp.com\/eltrabajo.cl\/portal\/wp-content\/uploads\/2012\/05\/Adulto-Mayor.jpg?resize=300%2C225&amp;ssl=1 300w, https:\/\/i0.wp.com\/eltrabajo.cl\/portal\/wp-content\/uploads\/2012\/05\/Adulto-Mayor.jpg?resize=150%2C112&amp;ssl=1 150w, https:\/\/i0.wp.com\/eltrabajo.cl\/portal\/wp-content\/uploads\/2012\/05\/Adulto-Mayor.jpg?resize=400%2C300&amp;ssl=1 400w\" sizes=\"auto, (max-width: 600px) 100vw, 600px\" \/><\/a><figcaption id=\"caption-attachment-17890\" class=\"wp-caption-text\">Los 45 socios del Club de Adulto Mayor \u2018La Bella Edad\u2019 celebraron el d\u00eda de las madres.<\/figcaption><\/figure>\n<p>Pablo Salinas Sald\u00edas &#8211; <a href=\"mailto:psalinas@eltrabajo.cl\">psalinas@eltrabajo.cl<\/a><\/p>\n<p>En compa\u00f1\u00eda de las principales autoridades de la comuna de San Felipe, los integrantes del Club de Adulto Mayor \u2018Los Recuerdos de la Bella Edad\u2019 celebraron el D\u00eda de las Madres, organizando una exquisita once en sus dependencias ubicada en calle Freire de esta comuna.<\/p>\n<p>Durante la celebraci\u00f3n realizada la tarde del pasado s\u00e1bado 12, la Gobernadora Patricia Boffa, el Alcalde Jaime Amar y el Consejero Regional Iv\u00e1n Reyes, se mostraron muy agradecidos por la invitaci\u00f3n del Club, reiterando su compromiso con el Adulto Mayor, escuchando atentamente las peticiones que los socios les solicitaban en beneficio colectivo, dado a que en ese establecimiento se re\u00fane una cantidad importante de distintos clubes de adultos mayores que utilizan esas dependencias para las diversas actividades y reuniones.<\/p>\n<p>A ra\u00edz de lo anterior, Jaime Amar anticip\u00f3 la pronta inauguraci\u00f3n del techado del patio de esa sede, lo que permitir\u00e1 de alguna manera aislar de las lluvias en invierno que anteriormente empa\u00f1aban las actividades programadas por los socios en ese sector. Sin embargo, este notable avance significar\u00e1 un bienestar a los adultos mayores que cada a\u00f1o realizan m\u00faltiples din\u00e1micas de sano esparcimiento.<\/p>\n","protected":false},"excerpt":{"rendered":"<p>Pablo Salinas Sald\u00edas &#8211; psalinas@eltrabajo.cl En compa\u00f1\u00eda de las principales autoridades de la comuna de San Felipe, los integrantes del Club de Adulto Mayor \u2018Los Recuerdos de la Bella Edad\u2019 celebraron el&#8230;<\/p>\n","protected":false},"author":482,"featured_media":17890,"comment_status":"open","ping_status":"closed","sticky":false,"template":"","format":"standard","meta":{"advanced_seo_description":"","jetpack_seo_html_title":"","jetpack_seo_noindex":false,"_jetpack_memberships_contains_paid_content":false,"footnotes":""},"categories":[15],"tags":[],"class_list":["post-17889","post","type-post","status-publish","format-standard","has-post-thumbnail","hentry","category-comunidad"],"jetpack_featured_media_url":"https:\/\/i0.wp.com\/eltrabajo.cl\/portal\/wp-content\/uploads\/2012\/05\/Adulto-Mayor.jpg?fit=600%2C450&ssl=1","jetpack_sharing_enabled":true,"jetpack_likes_enabled":true,"jetpack-related-posts":[],"_links":{"self":[{"href":"https:\/\/eltrabajo.cl\/portal\/wp-json\/wp\/v2\/posts\/17889","targetHints":{"allow":["GET"]}}],"collection":[{"href":"https:\/\/eltrabajo.cl\/portal\/wp-json\/wp\/v2\/posts"}],"about":[{"href":"https:\/\/eltrabajo.cl\/portal\/wp-json\/wp\/v2\/types\/post"}],"author":[{"embeddable":true,"href":"https:\/\/eltrabajo.cl\/portal\/wp-json\/wp\/v2\/users\/482"}],"replies":[{"embeddable":true,"href":"https:\/\/eltrabajo.cl\/portal\/wp-json\/wp\/v2\/comments?post=17889"}],"version-history":[{"count":0,"href":"https:\/\/eltrabajo.cl\/portal\/wp-json\/wp\/v2\/posts\/17889\/revisions"}],"wp:featuredmedia":[{"embeddable":true,"href":"https:\/\/eltrabajo.cl\/portal\/wp-json\/wp\/v2\/media\/17890"}],"wp:attachment":[{"href":"https:\/\/eltrabajo.cl\/portal\/wp-json\/wp\/v2\/media?parent=17889"}],"wp:term":[{"taxonomy":"category","embeddable":true,"href":"https:\/\/eltrabajo.cl\/portal\/wp-json\/wp\/v2\/categories?post=17889"},{"taxonomy":"post_tag","embeddable":true,"href":"https:\/\/eltrabajo.cl\/portal\/wp-json\/wp\/v2\/tags?post=17889"}],"curies":[{"name":"wp","href":"https:\/\/api.w.org\/{rel}","templated":true}]}}