{"id":17893,"date":"2012-05-15T10:06:48","date_gmt":"2012-05-15T14:06:48","guid":{"rendered":"http:\/\/www.eltrabajo.cl\/portal\/?p=17893"},"modified":"2012-05-15T10:06:48","modified_gmt":"2012-05-15T14:06:48","slug":"graves-problemas-desatan-cables-a-baja-altura-en-el-barrio-centenario","status":"publish","type":"post","link":"https:\/\/eltrabajo.cl\/portal\/graves-problemas-desatan-cables-a-baja-altura-en-el-barrio-centenario\/","title":{"rendered":"Graves problemas desatan cables a baja altura en el barrio Centenario"},"content":{"rendered":"<figure id=\"attachment_17894\" aria-describedby=\"caption-attachment-17894\" style=\"width: 600px\" class=\"wp-caption alignnone\"><a href=\"http:\/\/www.eltrabajo.cl\/portal\/2012\/05\/graves-problemas-desatan-cables-a-baja-altura-en-el-barrio-centenario\/cablescentenario1\/\" rel=\"attachment wp-att-17894\"><img data-recalc-dims=\"1\" loading=\"lazy\" decoding=\"async\" class=\"size-full wp-image-17894\" title=\"cablescentenario1\" src=\"https:\/\/i0.wp.com\/www.eltrabajo.cl\/portal\/wp-content\/uploads\/2012\/05\/cablescentenario1.jpg?resize=600%2C450\" alt=\"\" width=\"600\" height=\"450\" srcset=\"https:\/\/i0.wp.com\/eltrabajo.cl\/portal\/wp-content\/uploads\/2012\/05\/cablescentenario1.jpg?w=600&amp;ssl=1 600w, https:\/\/i0.wp.com\/eltrabajo.cl\/portal\/wp-content\/uploads\/2012\/05\/cablescentenario1.jpg?resize=200%2C150&amp;ssl=1 200w, https:\/\/i0.wp.com\/eltrabajo.cl\/portal\/wp-content\/uploads\/2012\/05\/cablescentenario1.jpg?resize=300%2C225&amp;ssl=1 300w, https:\/\/i0.wp.com\/eltrabajo.cl\/portal\/wp-content\/uploads\/2012\/05\/cablescentenario1.jpg?resize=150%2C112&amp;ssl=1 150w, https:\/\/i0.wp.com\/eltrabajo.cl\/portal\/wp-content\/uploads\/2012\/05\/cablescentenario1.jpg?resize=400%2C300&amp;ssl=1 400w\" sizes=\"auto, (max-width: 600px) 100vw, 600px\" \/><\/a><figcaption id=\"caption-attachment-17894\" class=\"wp-caption-text\">El concejal Oscar Eduardo Araya y la dirigente vecinal Lidia Donoso, reclamaron porque este problema se viene arrastrando desde bastante tiempo.<\/figcaption><\/figure>\n<ul>\n<li><strong>Vecinos reclaman por cables de telefon\u00eda y Tv cable que tras ser dados de baja, quedan colgando porque las empresas no son capaces de retirarlos.<\/strong><\/li>\n<\/ul>\n<p><strong>LOS ANDES.-<\/strong> Vecinos del barrio Centenario en conjunto con el Concejal Oscar Eduardo Araya, hicieron patente su malestar por la baja altura que presentan los cables de telefon\u00eda y televisi\u00f3n que cuelgan de los postes del sector.<\/p>\n<p>La dirigente de la junta de vecinos del sector, Lidia Donoso, reclam\u00f3 porque este problema se viene arrastrando desde un largo tiempo y tiene que ver principalmente con que las empresas de telefon\u00eda o televisi\u00f3n que efect\u00faan cambios de cables, dejando los antiguos en los mismos postes y a una menor altura, los cual a veces se cortan y caen sobre las veredas, impidiendo la circulaci\u00f3n de personas, particularmente de la tercera edad.<\/p>\n<figure id=\"attachment_17895\" aria-describedby=\"caption-attachment-17895\" style=\"width: 300px\" class=\"wp-caption alignright\"><a href=\"http:\/\/www.eltrabajo.cl\/portal\/2012\/05\/graves-problemas-desatan-cables-a-baja-altura-en-el-barrio-centenario\/cablescentenario2\/\" rel=\"attachment wp-att-17895\"><img data-recalc-dims=\"1\" loading=\"lazy\" decoding=\"async\" class=\"size-medium wp-image-17895\" title=\"cablescentenario2\" src=\"https:\/\/i0.wp.com\/www.eltrabajo.cl\/portal\/wp-content\/uploads\/2012\/05\/cablescentenario2-300x225.jpg?resize=300%2C225\" alt=\"\" width=\"300\" height=\"225\" srcset=\"https:\/\/i0.wp.com\/eltrabajo.cl\/portal\/wp-content\/uploads\/2012\/05\/cablescentenario2.jpg?resize=300%2C225&amp;ssl=1 300w, https:\/\/i0.wp.com\/eltrabajo.cl\/portal\/wp-content\/uploads\/2012\/05\/cablescentenario2.jpg?resize=200%2C150&amp;ssl=1 200w, https:\/\/i0.wp.com\/eltrabajo.cl\/portal\/wp-content\/uploads\/2012\/05\/cablescentenario2.jpg?resize=150%2C112&amp;ssl=1 150w, https:\/\/i0.wp.com\/eltrabajo.cl\/portal\/wp-content\/uploads\/2012\/05\/cablescentenario2.jpg?resize=400%2C300&amp;ssl=1 400w, https:\/\/i0.wp.com\/eltrabajo.cl\/portal\/wp-content\/uploads\/2012\/05\/cablescentenario2.jpg?w=600&amp;ssl=1 600w\" sizes=\"auto, (max-width: 300px) 100vw, 300px\" \/><\/a><figcaption id=\"caption-attachment-17895\" class=\"wp-caption-text\">Los cables colgando a bajo altura son una grave molestia al margen de un problema est\u00e9tico.<\/figcaption><\/figure>\n<p>Agreg\u00f3 que en algunos casos estos cables terminan siendo amarrados a las ventanas de las casas, lo que tampoco es una soluci\u00f3n.<\/p>\n<p>Asimismo, sostuvo que tambi\u00e9n estos cables interfieren la se\u00f1al de la telefon\u00eda fija y si bien han hecho reclamos a Chilquinta, se les ha dicho que el problema debe ser solucionado por cada empresa.<\/p>\n<p>La dirigente aprovech\u00f3 la ocasi\u00f3n para reclamar tambi\u00e9n por el mal estado de las veredas, las cuales est\u00e1n con hoyos y el pavimento desnivelado.<\/p>\n<p>Por su parte el concejal Oscar Eduardo Araya, reconoci\u00f3 que si bien hay una ordenanza que regula la altura de los cables, debe haber una mayor fiscalizaci\u00f3n para aplicar las multas que correspondan a las empresas que no cumplan.<\/p>\n<p>\u201cEstos cables que est\u00e1n dados de baja siguen colgando de los postes debieran ser sacados inmediatamente por las empresas\u201d, expres\u00f3.<\/p>\n<p>Araya defendi\u00f3 el derecho a reclamo de los vecinos para que efectivamente los inspectores municipales fiscalicen en terreno esta situaci\u00f3n de los cables, \u201cy es una tarea pendiente que tenemos que asumirla para no tener una ciudad tan fea\u201d.<\/p>\n","protected":false},"excerpt":{"rendered":"<p>Vecinos reclaman por cables de telefon\u00eda y Tv cable que tras ser dados de baja, quedan colgando porque las empresas no son capaces de retirarlos. LOS ANDES.- Vecinos del barrio Centenario en&#8230;<\/p>\n","protected":false},"author":482,"featured_media":17894,"comment_status":"open","ping_status":"closed","sticky":false,"template":"","format":"standard","meta":{"advanced_seo_description":"","jetpack_seo_html_title":"","jetpack_seo_noindex":false,"_jetpack_memberships_contains_paid_content":false,"footnotes":""},"categories":[1],"tags":[],"class_list":["post-17893","post","type-post","status-publish","format-standard","has-post-thumbnail","hentry","category-cronica"],"jetpack_featured_media_url":"https:\/\/i0.wp.com\/eltrabajo.cl\/portal\/wp-content\/uploads\/2012\/05\/cablescentenario1.jpg?fit=600%2C450&ssl=1","jetpack_sharing_enabled":true,"jetpack_likes_enabled":true,"jetpack-related-posts":[],"_links":{"self":[{"href":"https:\/\/eltrabajo.cl\/portal\/wp-json\/wp\/v2\/posts\/17893","targetHints":{"allow":["GET"]}}],"collection":[{"href":"https:\/\/eltrabajo.cl\/portal\/wp-json\/wp\/v2\/posts"}],"about":[{"href":"https:\/\/eltrabajo.cl\/portal\/wp-json\/wp\/v2\/types\/post"}],"author":[{"embeddable":true,"href":"https:\/\/eltrabajo.cl\/portal\/wp-json\/wp\/v2\/users\/482"}],"replies":[{"embeddable":true,"href":"https:\/\/eltrabajo.cl\/portal\/wp-json\/wp\/v2\/comments?post=17893"}],"version-history":[{"count":0,"href":"https:\/\/eltrabajo.cl\/portal\/wp-json\/wp\/v2\/posts\/17893\/revisions"}],"wp:featuredmedia":[{"embeddable":true,"href":"https:\/\/eltrabajo.cl\/portal\/wp-json\/wp\/v2\/media\/17894"}],"wp:attachment":[{"href":"https:\/\/eltrabajo.cl\/portal\/wp-json\/wp\/v2\/media?parent=17893"}],"wp:term":[{"taxonomy":"category","embeddable":true,"href":"https:\/\/eltrabajo.cl\/portal\/wp-json\/wp\/v2\/categories?post=17893"},{"taxonomy":"post_tag","embeddable":true,"href":"https:\/\/eltrabajo.cl\/portal\/wp-json\/wp\/v2\/tags?post=17893"}],"curies":[{"name":"wp","href":"https:\/\/api.w.org\/{rel}","templated":true}]}}