{"id":17898,"date":"2012-05-15T10:08:09","date_gmt":"2012-05-15T14:08:09","guid":{"rendered":"http:\/\/www.eltrabajo.cl\/portal\/?p=17898"},"modified":"2012-05-15T10:08:09","modified_gmt":"2012-05-15T14:08:09","slug":"piden-a-subsecretario-de-deportes-intervenir-por-estadio-centenario","status":"publish","type":"post","link":"https:\/\/eltrabajo.cl\/portal\/piden-a-subsecretario-de-deportes-intervenir-por-estadio-centenario\/","title":{"rendered":"Piden a Subsecretario de Deportes intervenir por Estadio Centenario"},"content":{"rendered":"<figure id=\"attachment_17899\" aria-describedby=\"caption-attachment-17899\" style=\"width: 300px\" class=\"wp-caption alignleft\"><a href=\"http:\/\/www.eltrabajo.cl\/portal\/2012\/05\/piden-a-subsecretario-de-deportes-intervenir-por-estadio-centenario\/sandra_miranda\/\" rel=\"attachment wp-att-17899\"><img data-recalc-dims=\"1\" loading=\"lazy\" decoding=\"async\" class=\"size-medium wp-image-17899\" title=\"sandra_miranda\" src=\"https:\/\/i0.wp.com\/www.eltrabajo.cl\/portal\/wp-content\/uploads\/2012\/05\/sandra_miranda-300x224.jpg?resize=300%2C224\" alt=\"\" width=\"300\" height=\"224\" srcset=\"https:\/\/i0.wp.com\/eltrabajo.cl\/portal\/wp-content\/uploads\/2012\/05\/sandra_miranda.jpg?resize=300%2C224&amp;ssl=1 300w, https:\/\/i0.wp.com\/eltrabajo.cl\/portal\/wp-content\/uploads\/2012\/05\/sandra_miranda.jpg?resize=200%2C150&amp;ssl=1 200w, https:\/\/i0.wp.com\/eltrabajo.cl\/portal\/wp-content\/uploads\/2012\/05\/sandra_miranda.jpg?resize=150%2C112&amp;ssl=1 150w, https:\/\/i0.wp.com\/eltrabajo.cl\/portal\/wp-content\/uploads\/2012\/05\/sandra_miranda.jpg?resize=400%2C299&amp;ssl=1 400w, https:\/\/i0.wp.com\/eltrabajo.cl\/portal\/wp-content\/uploads\/2012\/05\/sandra_miranda.jpg?w=600&amp;ssl=1 600w\" sizes=\"auto, (max-width: 300px) 100vw, 300px\" \/><\/a><figcaption id=\"caption-attachment-17899\" class=\"wp-caption-text\">Sandra Miranda Mu\u00f1oz, Consejera Regional.<\/figcaption><\/figure>\n<p>Una solicitud al subsecretario de Deportes, Gabriel Ruiz-Tagle Correa, para que se intervenga con urgencia el Estadio Centenario de Los Andes, realiz\u00f3 la consejera regional Sandra Miranda Mu\u00f1oz, durante la visita que hizo la autoridad a Valpara\u00edso con el fin de explicar y presentar los proyectos de reposici\u00f3n de los estadios de Vi\u00f1a del Mar y Playa Ancha.<\/p>\n<p>En la oportunidad, la consejera Miranda le reclam\u00f3 el p\u00e9simo estado en que se encuentra el Complejo Deportivo andino, el cual depende del Instituto Nacional del Deporte (IND), pero no ha recibido ning\u00fan aporte en varios a\u00f1os, por lo que las dependencias se encuentran pr\u00e1cticamente abandonadas, a pesar que es el recinto que utilizan cerca de 10 clubes deportivos del f\u00fatbol amateur local.<\/p>\n<p>\u201cLas canchas est\u00e1n en muy malas condiciones, los ba\u00f1os son insalubres, no hay camarines y las grader\u00edas pr\u00e1cticamente no existen, adem\u00e1s de tener una iluminaci\u00f3n artificial deficitaria, lo cual es una verg\u00fcenza, considerando que este Estadio est\u00e1 ubicado en pleno centro de Los Andes, a 4 cuadras de la Plaza de Armas y a un costado de un establecimiento educacional\u201d, se\u00f1al\u00f3 la consejera Miranda.<\/p>\n<p>A ello agreg\u00f3 que \u201cexiste una v\u00eda de financiamiento para estas materias, que se denomina Programa Chile Estadio, el cual aport\u00f3 para la provincia de Los Andes un proyecto de 289 millones de pesos, beneficiando a las comunas de Rinconada, Calle Larga y San Esteban, mientras que a Los Andes no le lleg\u00f3 ni un solo peso, ni siquiera para el Estadio Municipal, que es donde juega Trasandino, el cual tampoco se encuentra en buenas condiciones\u201d.<\/p>\n<p>Es por eso que la consejera Miranda solicit\u00f3 al subsecretario de Deportes que se preocupe por las dependencias deportivas de Los Andes, \u201cal igual que lo hace con las de Vi\u00f1a del Mar y Valpara\u00edso, pues en el interior de la regi\u00f3n tambi\u00e9n se hacen actividades que re\u00fanen a las familias y a la comunidad en general\u201d, concluy\u00f3.<\/p>\n","protected":false},"excerpt":{"rendered":"<p>Una solicitud al subsecretario de Deportes, Gabriel Ruiz-Tagle Correa, para que se intervenga con urgencia el Estadio Centenario de Los Andes, realiz\u00f3 la consejera regional Sandra Miranda Mu\u00f1oz, durante la visita que&#8230;<\/p>\n","protected":false},"author":482,"featured_media":17899,"comment_status":"open","ping_status":"closed","sticky":false,"template":"","format":"standard","meta":{"advanced_seo_description":"","jetpack_seo_html_title":"","jetpack_seo_noindex":false,"_jetpack_memberships_contains_paid_content":false,"footnotes":""},"categories":[1],"tags":[],"class_list":["post-17898","post","type-post","status-publish","format-standard","has-post-thumbnail","hentry","category-cronica"],"jetpack_featured_media_url":"https:\/\/i0.wp.com\/eltrabajo.cl\/portal\/wp-content\/uploads\/2012\/05\/sandra_miranda.jpg?fit=600%2C449&ssl=1","jetpack_sharing_enabled":true,"jetpack_likes_enabled":true,"jetpack-related-posts":[],"_links":{"self":[{"href":"https:\/\/eltrabajo.cl\/portal\/wp-json\/wp\/v2\/posts\/17898","targetHints":{"allow":["GET"]}}],"collection":[{"href":"https:\/\/eltrabajo.cl\/portal\/wp-json\/wp\/v2\/posts"}],"about":[{"href":"https:\/\/eltrabajo.cl\/portal\/wp-json\/wp\/v2\/types\/post"}],"author":[{"embeddable":true,"href":"https:\/\/eltrabajo.cl\/portal\/wp-json\/wp\/v2\/users\/482"}],"replies":[{"embeddable":true,"href":"https:\/\/eltrabajo.cl\/portal\/wp-json\/wp\/v2\/comments?post=17898"}],"version-history":[{"count":0,"href":"https:\/\/eltrabajo.cl\/portal\/wp-json\/wp\/v2\/posts\/17898\/revisions"}],"wp:featuredmedia":[{"embeddable":true,"href":"https:\/\/eltrabajo.cl\/portal\/wp-json\/wp\/v2\/media\/17899"}],"wp:attachment":[{"href":"https:\/\/eltrabajo.cl\/portal\/wp-json\/wp\/v2\/media?parent=17898"}],"wp:term":[{"taxonomy":"category","embeddable":true,"href":"https:\/\/eltrabajo.cl\/portal\/wp-json\/wp\/v2\/categories?post=17898"},{"taxonomy":"post_tag","embeddable":true,"href":"https:\/\/eltrabajo.cl\/portal\/wp-json\/wp\/v2\/tags?post=17898"}],"curies":[{"name":"wp","href":"https:\/\/api.w.org\/{rel}","templated":true}]}}