{"id":17902,"date":"2012-05-15T10:10:11","date_gmt":"2012-05-15T14:10:11","guid":{"rendered":"http:\/\/www.eltrabajo.cl\/portal\/?p=17902"},"modified":"2012-05-15T10:10:11","modified_gmt":"2012-05-15T14:10:11","slug":"vecinos-de-panquehue-esperan-que-trabajos-de-la-carretera-comiencen-pronto","status":"publish","type":"post","link":"https:\/\/eltrabajo.cl\/portal\/vecinos-de-panquehue-esperan-que-trabajos-de-la-carretera-comiencen-pronto\/","title":{"rendered":"Vecinos de Panquehue esperan que trabajos de la carretera comiencen pronto"},"content":{"rendered":"<figure id=\"attachment_17903\" aria-describedby=\"caption-attachment-17903\" style=\"width: 300px\" class=\"wp-caption alignleft\"><a href=\"http:\/\/www.eltrabajo.cl\/portal\/2012\/05\/vecinos-de-panquehue-esperan-que-trabajos-de-la-carretera-comiencen-pronto\/patricia-salas-panquehue\/\" rel=\"attachment wp-att-17903\"><img data-recalc-dims=\"1\" loading=\"lazy\" decoding=\"async\" class=\"size-medium wp-image-17903\" title=\"patricia salas panquehue\" src=\"https:\/\/i0.wp.com\/www.eltrabajo.cl\/portal\/wp-content\/uploads\/2012\/05\/patricia-salas-panquehue-300x249.jpg?resize=300%2C249\" alt=\"\" width=\"300\" height=\"249\" srcset=\"https:\/\/i0.wp.com\/eltrabajo.cl\/portal\/wp-content\/uploads\/2012\/05\/patricia-salas-panquehue.jpg?resize=300%2C249&amp;ssl=1 300w, https:\/\/i0.wp.com\/eltrabajo.cl\/portal\/wp-content\/uploads\/2012\/05\/patricia-salas-panquehue.jpg?resize=180%2C150&amp;ssl=1 180w, https:\/\/i0.wp.com\/eltrabajo.cl\/portal\/wp-content\/uploads\/2012\/05\/patricia-salas-panquehue.jpg?resize=150%2C124&amp;ssl=1 150w, https:\/\/i0.wp.com\/eltrabajo.cl\/portal\/wp-content\/uploads\/2012\/05\/patricia-salas-panquehue.jpg?resize=400%2C332&amp;ssl=1 400w, https:\/\/i0.wp.com\/eltrabajo.cl\/portal\/wp-content\/uploads\/2012\/05\/patricia-salas-panquehue.jpg?w=600&amp;ssl=1 600w\" sizes=\"auto, (max-width: 300px) 100vw, 300px\" \/><\/a><figcaption id=\"caption-attachment-17903\" class=\"wp-caption-text\">Los vecinos plantearon al Ministro la necesidad de que los trabajos comiencen pronto, debido a la gran cantidad de accidentes que se producen en la carretera actualmente.<\/figcaption><\/figure>\n<p>Hace unas semanas atr\u00e1s, los dirigentes de la Uni\u00f3n Comunal de juntas de vecinos de Panquehue, se reunieron con el Ministro de Obras P\u00fablicas, con el objetivo de conocer los avances que existen en el proceso de expropiaci\u00f3n que se producir\u00e1n en la comuna para la construcci\u00f3n de la carretera por ese sector.<\/p>\n<p>As\u00ed lo dio a conocer la Presidenta de la UNCO de Panquehue, Patricia Salas, quien dijo adem\u00e1s que ese proceso ya se est\u00e1 llevando adelante.<\/p>\n<p>Adem\u00e1s la dirigenta adelant\u00f3 que el Secretario de Estado se comprometi\u00f3 a visitar la zona con el objetivo de reunirse con los vecinos y explicarles m\u00e1s en detalle el proceso que se producir\u00e1 en la comuna.<\/p>\n<p>\u201cM\u00e1s o menos a mediado del pr\u00f3ximo mes es la fecha (de la visita), nosotros fuimos a conversar con \u00e9l porque est\u00e1bamos preocupados que hay muchos accidentes en nuestra comuna y que ojal\u00e1, como pobladores quer\u00edamos, junto al Alcalde, tratar de que empezara a funcionar ya los trabajos, pero de todas maneras a mediados de a\u00f1o funcionaban\u201d.<\/p>\n<p>La carretera en esa zona, seg\u00fan la dirigenta, constar\u00e1 de cuatro v\u00edas, comenzando con dos en un principio, y en una segunda etapa se construir\u00edan las otras dos.<\/p>\n<p>La invitaci\u00f3n es a todos los vecinos para que participen y puedan interiorizarse de los temas que dicen relaci\u00f3n con los trabajos que se deben comenzar a realizar en ese sector.<\/p>\n","protected":false},"excerpt":{"rendered":"<p>Hace unas semanas atr\u00e1s, los dirigentes de la Uni\u00f3n Comunal de juntas de vecinos de Panquehue, se reunieron con el Ministro de Obras P\u00fablicas, con el objetivo de conocer los avances que&#8230;<\/p>\n","protected":false},"author":482,"featured_media":17903,"comment_status":"open","ping_status":"closed","sticky":false,"template":"","format":"standard","meta":{"advanced_seo_description":"","jetpack_seo_html_title":"","jetpack_seo_noindex":false,"_jetpack_memberships_contains_paid_content":false,"footnotes":""},"categories":[1],"tags":[],"class_list":["post-17902","post","type-post","status-publish","format-standard","has-post-thumbnail","hentry","category-cronica"],"jetpack_featured_media_url":"https:\/\/i0.wp.com\/eltrabajo.cl\/portal\/wp-content\/uploads\/2012\/05\/patricia-salas-panquehue.jpg?fit=600%2C499&ssl=1","jetpack_sharing_enabled":true,"jetpack_likes_enabled":true,"jetpack-related-posts":[],"_links":{"self":[{"href":"https:\/\/eltrabajo.cl\/portal\/wp-json\/wp\/v2\/posts\/17902","targetHints":{"allow":["GET"]}}],"collection":[{"href":"https:\/\/eltrabajo.cl\/portal\/wp-json\/wp\/v2\/posts"}],"about":[{"href":"https:\/\/eltrabajo.cl\/portal\/wp-json\/wp\/v2\/types\/post"}],"author":[{"embeddable":true,"href":"https:\/\/eltrabajo.cl\/portal\/wp-json\/wp\/v2\/users\/482"}],"replies":[{"embeddable":true,"href":"https:\/\/eltrabajo.cl\/portal\/wp-json\/wp\/v2\/comments?post=17902"}],"version-history":[{"count":0,"href":"https:\/\/eltrabajo.cl\/portal\/wp-json\/wp\/v2\/posts\/17902\/revisions"}],"wp:featuredmedia":[{"embeddable":true,"href":"https:\/\/eltrabajo.cl\/portal\/wp-json\/wp\/v2\/media\/17903"}],"wp:attachment":[{"href":"https:\/\/eltrabajo.cl\/portal\/wp-json\/wp\/v2\/media?parent=17902"}],"wp:term":[{"taxonomy":"category","embeddable":true,"href":"https:\/\/eltrabajo.cl\/portal\/wp-json\/wp\/v2\/categories?post=17902"},{"taxonomy":"post_tag","embeddable":true,"href":"https:\/\/eltrabajo.cl\/portal\/wp-json\/wp\/v2\/tags?post=17902"}],"curies":[{"name":"wp","href":"https:\/\/api.w.org\/{rel}","templated":true}]}}