{"id":17910,"date":"2012-05-15T10:14:54","date_gmt":"2012-05-15T14:14:54","guid":{"rendered":"http:\/\/www.eltrabajo.cl\/portal\/?p=17910"},"modified":"2012-05-15T10:14:54","modified_gmt":"2012-05-15T14:14:54","slug":"un-97-de-cobertura-ha-alcanzado-la-campana-anti-influenza-en-aconcagua","status":"publish","type":"post","link":"https:\/\/eltrabajo.cl\/portal\/un-97-de-cobertura-ha-alcanzado-la-campana-anti-influenza-en-aconcagua\/","title":{"rendered":"Un 97% de cobertura ha alcanzado la campa\u00f1a anti influenza en Aconcagua"},"content":{"rendered":"<figure id=\"attachment_17911\" aria-describedby=\"caption-attachment-17911\" style=\"width: 300px\" class=\"wp-caption alignleft\"><a href=\"http:\/\/www.eltrabajo.cl\/portal\/2012\/05\/un-97-de-cobertura-ha-alcanzado-la-campana-anti-influenza-en-aconcagua\/soledad-nunez-1-3\/\" rel=\"attachment wp-att-17911\"><img data-recalc-dims=\"1\" loading=\"lazy\" decoding=\"async\" class=\"size-medium wp-image-17911\" title=\"soledad nunez (1)\" src=\"https:\/\/i0.wp.com\/www.eltrabajo.cl\/portal\/wp-content\/uploads\/2012\/05\/soledad-nunez-1-300x225.jpg?resize=300%2C225\" alt=\"\" width=\"300\" height=\"225\" srcset=\"https:\/\/i0.wp.com\/eltrabajo.cl\/portal\/wp-content\/uploads\/2012\/05\/soledad-nunez-1.jpg?resize=300%2C225&amp;ssl=1 300w, https:\/\/i0.wp.com\/eltrabajo.cl\/portal\/wp-content\/uploads\/2012\/05\/soledad-nunez-1.jpg?resize=200%2C150&amp;ssl=1 200w, https:\/\/i0.wp.com\/eltrabajo.cl\/portal\/wp-content\/uploads\/2012\/05\/soledad-nunez-1.jpg?resize=150%2C112&amp;ssl=1 150w, https:\/\/i0.wp.com\/eltrabajo.cl\/portal\/wp-content\/uploads\/2012\/05\/soledad-nunez-1.jpg?resize=400%2C300&amp;ssl=1 400w, https:\/\/i0.wp.com\/eltrabajo.cl\/portal\/wp-content\/uploads\/2012\/05\/soledad-nunez-1.jpg?w=600&amp;ssl=1 600w\" sizes=\"auto, (max-width: 300px) 100vw, 300px\" \/><\/a><figcaption id=\"caption-attachment-17911\" class=\"wp-caption-text\">Soledad N\u00fa\u00f1ez destac\u00f3 los buenos \u00edndices logrados este a\u00f1o en la campa\u00f1a, a diferencia de lo ocurrido el a\u00f1o pasado.<\/figcaption><\/figure>\n<p>\u00cdndices bastante importantes registra hasta la fecha la campa\u00f1a de vacunaci\u00f3n Anti Influenza, logrando un 97% en el valle de Aconcagua.<\/p>\n<p>A diferencia de la cobertura alcanzada por la regi\u00f3n, que llega solo a un 83.8%, el valle de Aconcagua ha alcanzado un \u00edndice importante a juicio de la jefa de la oficina provincial Aconcagua de la Seremi de Salud, Soledad N\u00fa\u00f1ez.<\/p>\n<p>Realizando un desglose de la informaci\u00f3n, existen comunas como Catemu y San Felipe que lograron un 100% de cobertura de los grupos objetivos.<\/p>\n<p>Seg\u00fan explic\u00f3 Soledad N\u00fa\u00f1ez, estos buenos resultados pueden explicarse debido a distintos aspectos, entre los que se podr\u00edan destacar el evitar contagiarse a los grupos de riesgo, por ello se vacunaron, a lo que se sumar\u00eda la influencia de las campa\u00f1as comunicacionales, que a diferencia del a\u00f1o anterior, habr\u00edan servido para que la comunidad se acercara a los centros de salud.<\/p>\n<p>Sin embargo existen comunas que todav\u00eda no han logrado una cobertura total, lo que genera preocupaci\u00f3n en la autoridad de salud, por la baja en los \u00edndices registrados. \u201cCalle Larga tiene un 73.4, al parecer tiene problemas en el registro, no es que efectivamente le falten casi un 30% que vacunar, sino que est\u00e1n teniendo problemas con el ingreso, sin embargo nos sigue preocupando y tambi\u00e9n San Esteban, puesto que por esa raz\u00f3n la semana pasada vino el vacunatorio m\u00f3vil, estuvo todo el d\u00eda en San Esteban y en Los Andes y se ha ido repuntando la cifra en esas comunas\u201d.<\/p>\n<p>De hecho la visita del vacunatorio m\u00f3vil ayud\u00f3 significativamente en aumentar la cobertura, logrando m\u00e1s de un 20% de aumento al acercar la vacuna a la poblaci\u00f3n.<\/p>\n<p>Los pasos a seguir de ahora en adelante en aquellas comunas que no se ha logrado el 100% de cobertura, es utilizar dosis en vacunar al personal de las empresas.<\/p>\n<p>\u201cPor ejemplo en la provincia Los Andes, la empresa Ripley va a vacunar a los funcionarios, y en San Felipe como estamos bien no es necesario\u201d.<\/p>\n<p>La campa\u00f1a en tanto, se espera que termine reci\u00e9n cuando se haya vacunado la \u00faltima persona, por lo que el llamado sigue siendo a los grupos de riesgo a acercarse a inmunizarse, ya que la idea es evitar contraer la enfermedad que es bastante compleja.<\/p>\n<p>Hasta la fecha, la jefa de la oficina en Aconcagua se\u00f1al\u00f3 que no se han registrado casos de influenza en la zona.<\/p>\n","protected":false},"excerpt":{"rendered":"<p>\u00cdndices bastante importantes registra hasta la fecha la campa\u00f1a de vacunaci\u00f3n Anti Influenza, logrando un 97% en el valle de Aconcagua. A diferencia de la cobertura alcanzada por la regi\u00f3n, que llega&#8230;<\/p>\n","protected":false},"author":482,"featured_media":17911,"comment_status":"open","ping_status":"closed","sticky":false,"template":"","format":"standard","meta":{"advanced_seo_description":"","jetpack_seo_html_title":"","jetpack_seo_noindex":false,"_jetpack_memberships_contains_paid_content":false,"footnotes":""},"categories":[1],"tags":[],"class_list":["post-17910","post","type-post","status-publish","format-standard","has-post-thumbnail","hentry","category-cronica"],"jetpack_featured_media_url":"https:\/\/i0.wp.com\/eltrabajo.cl\/portal\/wp-content\/uploads\/2012\/05\/soledad-nunez-1.jpg?fit=600%2C451&ssl=1","jetpack_sharing_enabled":true,"jetpack_likes_enabled":true,"jetpack-related-posts":[],"_links":{"self":[{"href":"https:\/\/eltrabajo.cl\/portal\/wp-json\/wp\/v2\/posts\/17910","targetHints":{"allow":["GET"]}}],"collection":[{"href":"https:\/\/eltrabajo.cl\/portal\/wp-json\/wp\/v2\/posts"}],"about":[{"href":"https:\/\/eltrabajo.cl\/portal\/wp-json\/wp\/v2\/types\/post"}],"author":[{"embeddable":true,"href":"https:\/\/eltrabajo.cl\/portal\/wp-json\/wp\/v2\/users\/482"}],"replies":[{"embeddable":true,"href":"https:\/\/eltrabajo.cl\/portal\/wp-json\/wp\/v2\/comments?post=17910"}],"version-history":[{"count":0,"href":"https:\/\/eltrabajo.cl\/portal\/wp-json\/wp\/v2\/posts\/17910\/revisions"}],"wp:featuredmedia":[{"embeddable":true,"href":"https:\/\/eltrabajo.cl\/portal\/wp-json\/wp\/v2\/media\/17911"}],"wp:attachment":[{"href":"https:\/\/eltrabajo.cl\/portal\/wp-json\/wp\/v2\/media?parent=17910"}],"wp:term":[{"taxonomy":"category","embeddable":true,"href":"https:\/\/eltrabajo.cl\/portal\/wp-json\/wp\/v2\/categories?post=17910"},{"taxonomy":"post_tag","embeddable":true,"href":"https:\/\/eltrabajo.cl\/portal\/wp-json\/wp\/v2\/tags?post=17910"}],"curies":[{"name":"wp","href":"https:\/\/api.w.org\/{rel}","templated":true}]}}