{"id":17914,"date":"2012-05-15T10:16:26","date_gmt":"2012-05-15T14:16:26","guid":{"rendered":"http:\/\/www.eltrabajo.cl\/portal\/?p=17914"},"modified":"2012-05-15T10:16:26","modified_gmt":"2012-05-15T14:16:26","slug":"lanzan-fondo-concursable-destinado-a-organizaciones-comunitarias","status":"publish","type":"post","link":"https:\/\/eltrabajo.cl\/portal\/lanzan-fondo-concursable-destinado-a-organizaciones-comunitarias\/","title":{"rendered":"Lanzan Fondo Concursable destinado a organizaciones comunitarias"},"content":{"rendered":"<figure id=\"attachment_17915\" aria-describedby=\"caption-attachment-17915\" style=\"width: 600px\" class=\"wp-caption alignnone\"><a href=\"http:\/\/www.eltrabajo.cl\/portal\/2012\/05\/lanzan-fondo-concursable-destinado-a-organizaciones-comunitarias\/fondos-concursables\/\" rel=\"attachment wp-att-17915\"><img data-recalc-dims=\"1\" loading=\"lazy\" decoding=\"async\" class=\"size-full wp-image-17915\" title=\"fondos concursables\" src=\"https:\/\/i0.wp.com\/www.eltrabajo.cl\/portal\/wp-content\/uploads\/2012\/05\/fondos-concursables.jpg?resize=600%2C450\" alt=\"\" width=\"600\" height=\"450\" srcset=\"https:\/\/i0.wp.com\/eltrabajo.cl\/portal\/wp-content\/uploads\/2012\/05\/fondos-concursables.jpg?w=600&amp;ssl=1 600w, https:\/\/i0.wp.com\/eltrabajo.cl\/portal\/wp-content\/uploads\/2012\/05\/fondos-concursables.jpg?resize=200%2C150&amp;ssl=1 200w, https:\/\/i0.wp.com\/eltrabajo.cl\/portal\/wp-content\/uploads\/2012\/05\/fondos-concursables.jpg?resize=300%2C225&amp;ssl=1 300w, https:\/\/i0.wp.com\/eltrabajo.cl\/portal\/wp-content\/uploads\/2012\/05\/fondos-concursables.jpg?resize=150%2C112&amp;ssl=1 150w, https:\/\/i0.wp.com\/eltrabajo.cl\/portal\/wp-content\/uploads\/2012\/05\/fondos-concursables.jpg?resize=400%2C300&amp;ssl=1 400w\" sizes=\"auto, (max-width: 600px) 100vw, 600px\" \/><\/a><figcaption id=\"caption-attachment-17915\" class=\"wp-caption-text\">Este lunes fue lanzado el cronograma de los fondos concursables Codelco-Gobernaci\u00f3n, que buscan entregar recursos a las organizaciones comunitarias de la provincia de San Felipe.<\/figcaption><\/figure>\n<p>Tal como ocurre a\u00f1o tras a\u00f1o, este lunes fue lanzado el cronograma del Fondo Concursable que impulsan la divisi\u00f3n Andina de Codelco y la Gobernaci\u00f3n Provincial de San Felipe.<\/p>\n<p>La actividad cont\u00f3 con la presencia de la Gobernadora Provincial, Patricia Boffa; Manuel Rivera, Director de Relaciones Comunitarias de la divisi\u00f3n Andina, y los presidentes de las distintas Uniones Comunales de Juntas de Vecinos de la provincia.<\/p>\n<p>Este fondo concursable tiene por finalidad financiar el desarrollo de peque\u00f1os proyectos de desarrollo comunitario, los que reciben alrededor de 500 mil pesos.<\/p>\n<p>Para este a\u00f1o se anticip\u00f3 la fecha de presentaci\u00f3n de los proyectos, quedando la entrega de formularios de postulaci\u00f3n desde el 1 de junio y hasta el viernes 15 de ese mismo mes, los que deben ser entregados en la Gobernaci\u00f3n provincial.<\/p>\n<p>\u201cLas bases van a estar dispuestas en las distintas Uniones Comunales de la provincia de San Felipe, en la Gobernaci\u00f3n provincial de San Felipe, que va a ser en definitiva la cabecera para efectos de lo que va a ser la recepci\u00f3n de formulario, y en nuestro edificio, ubicado en Los Andes. Estas bases van a estar a disposici\u00f3n de las organizaciones comunitarias entre el martes 15 hasta el 31 del presente mes, a partir de ese d\u00eda empieza la postulaci\u00f3n de los proyectos\u201d.<\/p>\n<p>Ese tr\u00e1mite s\u00f3lo se deber\u00e1 hacer en la Gobernaci\u00f3n provincial y a partir de ese d\u00eda comienza la evaluaci\u00f3n t\u00e9cnica de los proyectos, para que en la semana, entre el 18 y 29 de junio, se disponga un d\u00eda para que sesione la comisi\u00f3n t\u00e9cnica, donde se constituye la mesa t\u00e9cnica conformada por profesionales de la Gobernaci\u00f3n, los presidentes y presidentas de las Uniones Comunales y t\u00e9cnicos de la divisi\u00f3n Andina.<\/p>\n<p>Al igual que el a\u00f1o pasado, el monto asignado es de 35 millones de pesos, recursos a los que pueden postular las distintas organizaciones comunitarias de la provincia, quienes pueden acercarse a los t\u00e9cnicos para recibir asesor\u00eda en la presentaci\u00f3n de los proyectos.<\/p>\n<p>\u201cA veces quedan afuera por problemas muy simples, que tiene que ver con la forma, que viene enmendada la hoja de inscripci\u00f3n, un mont\u00f3n de temas, por eso un llamado a las organizaciones para que tengan un poco m\u00e1s de cuidado, porque en la medida que tengamos muchos proyectos a disposici\u00f3n de esta comisi\u00f3n t\u00e9cnica, uno puede hacer mejor su trabajo, que no es otro que tratar de ayudar a mejorar la calidad de vida de las distintas personas que est\u00e1n involucradas detr\u00e1s de las organizaciones comunitarias de la provincia de San Felipe\u201d, dijo Rivera.<\/p>\n<p>Por su parte la Gobernadora hizo un llamado a las organizaciones sociales a presentar sus proyectos y a retirar las bases desde este martes, en la oficina de la Gobernaci\u00f3n, en Codelco y en las distintas Uniones comunales de la provincia.<\/p>\n<p><strong>QUIENES PUEDEN PRESENTAR PROYECTOS<\/strong><\/p>\n<p>Los proyectos podr\u00e1n ser presentados por organizaciones sociales con personalidad jur\u00eddica que no persigan fines de lucro. Adem\u00e1s al momento de presentar un proyecto, los organismos no deber\u00e1n tener saldos pendientes por rendir con el mismo Fondo Concursable a\u00f1o 2011, ni con fondos otorgados con organismos p\u00fablicos.<\/p>\n","protected":false},"excerpt":{"rendered":"<p>Tal como ocurre a\u00f1o tras a\u00f1o, este lunes fue lanzado el cronograma del Fondo Concursable que impulsan la divisi\u00f3n Andina de Codelco y la Gobernaci\u00f3n Provincial de San Felipe. La actividad cont\u00f3&#8230;<\/p>\n","protected":false},"author":482,"featured_media":17915,"comment_status":"open","ping_status":"closed","sticky":false,"template":"","format":"standard","meta":{"advanced_seo_description":"","jetpack_seo_html_title":"","jetpack_seo_noindex":false,"_jetpack_memberships_contains_paid_content":false,"footnotes":""},"categories":[1],"tags":[],"class_list":["post-17914","post","type-post","status-publish","format-standard","has-post-thumbnail","hentry","category-cronica"],"jetpack_featured_media_url":"https:\/\/i0.wp.com\/eltrabajo.cl\/portal\/wp-content\/uploads\/2012\/05\/fondos-concursables.jpg?fit=600%2C450&ssl=1","jetpack_sharing_enabled":true,"jetpack_likes_enabled":true,"jetpack-related-posts":[],"_links":{"self":[{"href":"https:\/\/eltrabajo.cl\/portal\/wp-json\/wp\/v2\/posts\/17914","targetHints":{"allow":["GET"]}}],"collection":[{"href":"https:\/\/eltrabajo.cl\/portal\/wp-json\/wp\/v2\/posts"}],"about":[{"href":"https:\/\/eltrabajo.cl\/portal\/wp-json\/wp\/v2\/types\/post"}],"author":[{"embeddable":true,"href":"https:\/\/eltrabajo.cl\/portal\/wp-json\/wp\/v2\/users\/482"}],"replies":[{"embeddable":true,"href":"https:\/\/eltrabajo.cl\/portal\/wp-json\/wp\/v2\/comments?post=17914"}],"version-history":[{"count":0,"href":"https:\/\/eltrabajo.cl\/portal\/wp-json\/wp\/v2\/posts\/17914\/revisions"}],"wp:featuredmedia":[{"embeddable":true,"href":"https:\/\/eltrabajo.cl\/portal\/wp-json\/wp\/v2\/media\/17915"}],"wp:attachment":[{"href":"https:\/\/eltrabajo.cl\/portal\/wp-json\/wp\/v2\/media?parent=17914"}],"wp:term":[{"taxonomy":"category","embeddable":true,"href":"https:\/\/eltrabajo.cl\/portal\/wp-json\/wp\/v2\/categories?post=17914"},{"taxonomy":"post_tag","embeddable":true,"href":"https:\/\/eltrabajo.cl\/portal\/wp-json\/wp\/v2\/tags?post=17914"}],"curies":[{"name":"wp","href":"https:\/\/api.w.org\/{rel}","templated":true}]}}