{"id":17929,"date":"2012-05-15T10:31:37","date_gmt":"2012-05-15T14:31:37","guid":{"rendered":"http:\/\/www.eltrabajo.cl\/portal\/?p=17929"},"modified":"2012-05-15T10:31:37","modified_gmt":"2012-05-15T14:31:37","slug":"con-pala-en-mano-autoridades-y-vecinos-realizan-forestacion-de-plazoletas","status":"publish","type":"post","link":"https:\/\/eltrabajo.cl\/portal\/con-pala-en-mano-autoridades-y-vecinos-realizan-forestacion-de-plazoletas\/","title":{"rendered":"Con pala en mano, autoridades y vecinos realizan forestaci\u00f3n de plazoletas"},"content":{"rendered":"<figure id=\"attachment_17930\" aria-describedby=\"caption-attachment-17930\" style=\"width: 600px\" class=\"wp-caption alignnone\"><a href=\"http:\/\/www.eltrabajo.cl\/portal\/2012\/05\/con-pala-en-mano-autoridades-y-vecinos-realizan-forestacion-de-plazoletas\/arbolitos1-2\/\" rel=\"attachment wp-att-17930\"><img data-recalc-dims=\"1\" loading=\"lazy\" decoding=\"async\" class=\"size-full wp-image-17930\" title=\"Arbolitos1\" src=\"https:\/\/i0.wp.com\/www.eltrabajo.cl\/portal\/wp-content\/uploads\/2012\/05\/Arbolitos1.jpg?resize=600%2C450\" alt=\"\" width=\"600\" height=\"450\" srcset=\"https:\/\/i0.wp.com\/eltrabajo.cl\/portal\/wp-content\/uploads\/2012\/05\/Arbolitos1.jpg?w=600&amp;ssl=1 600w, https:\/\/i0.wp.com\/eltrabajo.cl\/portal\/wp-content\/uploads\/2012\/05\/Arbolitos1.jpg?resize=200%2C150&amp;ssl=1 200w, https:\/\/i0.wp.com\/eltrabajo.cl\/portal\/wp-content\/uploads\/2012\/05\/Arbolitos1.jpg?resize=300%2C225&amp;ssl=1 300w, https:\/\/i0.wp.com\/eltrabajo.cl\/portal\/wp-content\/uploads\/2012\/05\/Arbolitos1.jpg?resize=150%2C112&amp;ssl=1 150w, https:\/\/i0.wp.com\/eltrabajo.cl\/portal\/wp-content\/uploads\/2012\/05\/Arbolitos1.jpg?resize=400%2C300&amp;ssl=1 400w\" sizes=\"auto, (max-width: 600px) 100vw, 600px\" \/><\/a><figcaption id=\"caption-attachment-17930\" class=\"wp-caption-text\">Tanto la Gobernadora Patricia Boffa como el Alcalde Jaime Amar, acompa\u00f1aron a la Presidente de la Junta Vecinal de El Se\u00f1orial, Ver\u00f3nica Alvarado, en la siembra de especies aptas para zonas urbanas que no crecer\u00e1n m\u00e1s de seis metros de altura.<\/figcaption><\/figure>\n<p>Roberto Gonz\u00e1lez Short &#8211; <a href=\"mailto:rgonzalez@eltrabajo.cl\">rgonzalez@eltrabajo.cl<\/a><\/p>\n<p>Aquellos que so\u00f1aron con disfrutar de que en su poblaci\u00f3n se pudieran apreciar panoramas m\u00e1s refrescantes y naturales, les tenemos buenas noticias. Con el fin de mejorar la calidad de los espacios p\u00fablicos de la comuna de San Felipe, la Direcci\u00f3n de Protecci\u00f3n del Medio Ambiente (Dipma), se propone implementar en nuestras comunidades, est\u00e1ndares de dise\u00f1o y desarrollo de paisajes que involucren especies vegetales, tratamiento y cobertura de suelo, pensando en consolidar una identidad urbana en lo que respecta a \u00e1reas verdes p\u00fablicas, plazas, plazoletas, jardines y espacios de juegos infantiles.<\/p>\n<figure id=\"attachment_17931\" aria-describedby=\"caption-attachment-17931\" style=\"width: 300px\" class=\"wp-caption alignright\"><a href=\"http:\/\/www.eltrabajo.cl\/portal\/2012\/05\/con-pala-en-mano-autoridades-y-vecinos-realizan-forestacion-de-plazoletas\/arbolitos2\/\" rel=\"attachment wp-att-17931\"><img data-recalc-dims=\"1\" loading=\"lazy\" decoding=\"async\" class=\"size-medium wp-image-17931\" title=\"Arbolitos2\" src=\"https:\/\/i0.wp.com\/www.eltrabajo.cl\/portal\/wp-content\/uploads\/2012\/05\/Arbolitos2-300x185.jpg?resize=300%2C185\" alt=\"\" width=\"300\" height=\"185\" srcset=\"https:\/\/i0.wp.com\/eltrabajo.cl\/portal\/wp-content\/uploads\/2012\/05\/Arbolitos2.jpg?resize=300%2C185&amp;ssl=1 300w, https:\/\/i0.wp.com\/eltrabajo.cl\/portal\/wp-content\/uploads\/2012\/05\/Arbolitos2.jpg?resize=200%2C123&amp;ssl=1 200w, https:\/\/i0.wp.com\/eltrabajo.cl\/portal\/wp-content\/uploads\/2012\/05\/Arbolitos2.jpg?resize=150%2C92&amp;ssl=1 150w, https:\/\/i0.wp.com\/eltrabajo.cl\/portal\/wp-content\/uploads\/2012\/05\/Arbolitos2.jpg?resize=400%2C246&amp;ssl=1 400w, https:\/\/i0.wp.com\/eltrabajo.cl\/portal\/wp-content\/uploads\/2012\/05\/Arbolitos2.jpg?w=600&amp;ssl=1 600w\" sizes=\"auto, (max-width: 300px) 100vw, 300px\" \/><\/a><figcaption id=\"caption-attachment-17931\" class=\"wp-caption-text\">Madres sanfelipe\u00f1as se han capacitado para saber c\u00f3mo ser \u2018madrinas\u2019 de estas plantas dadoras de ox\u00edgeno y otros recursos.<\/figcaption><\/figure>\n<p>Para logar este objetivo, se tuvo en consideraci\u00f3n criterios de dise\u00f1o que aseguren la sustentabilidad en cuanto a la mantenci\u00f3n y su relaci\u00f3n con el entorno.<\/p>\n<p>Es as\u00ed como los amantes de los \u00e1rboles ahora podr\u00e1n tambi\u00e9n \u2018adoptar\u2019 uno o varios \u00e1rboles para su patio o bien para su barrio si se comprometen a cuidar y dar cuenta de esa planta, as\u00ed lo explic\u00f3 a Diario El Trabajo Enrique Barrera, Encargado de Educaci\u00f3n Ambiental de la Dipma.<\/p>\n<p><strong>TAMBI\u00c9N ESCUELAS Y JARDINES<\/strong><\/p>\n<p>\u201cSe trata del Programa de Forestaci\u00f3n Urbana en la que participan tres jardines infantiles y siete escuelas de la provincia, la idea medular de este programa est\u00e1 sostenida sobre tres ejes operativos que son: Generar lugares verdes y de agradable paisaje; Generar tambi\u00e9n una mejor calidad de vida y sombra que refresquen cada poblaci\u00f3n y desarrollar consciencia entre los vecinos a fin de que se asuma una corresponsabilidad en el programa y cuiden de cada \u00e1rbol adoptado\u201d, detall\u00f3 Barrera.<\/p>\n<figure id=\"attachment_17932\" aria-describedby=\"caption-attachment-17932\" style=\"width: 174px\" class=\"wp-caption alignleft\"><a href=\"http:\/\/www.eltrabajo.cl\/portal\/2012\/05\/con-pala-en-mano-autoridades-y-vecinos-realizan-forestacion-de-plazoletas\/enrique1\/\" rel=\"attachment wp-att-17932\"><img data-recalc-dims=\"1\" loading=\"lazy\" decoding=\"async\" class=\"size-medium wp-image-17932 \" title=\"Enrique1\" src=\"https:\/\/i0.wp.com\/www.eltrabajo.cl\/portal\/wp-content\/uploads\/2012\/05\/Enrique1-249x300.jpg?resize=174%2C210\" alt=\"\" width=\"174\" height=\"210\" srcset=\"https:\/\/i0.wp.com\/eltrabajo.cl\/portal\/wp-content\/uploads\/2012\/05\/Enrique1.jpg?resize=249%2C300&amp;ssl=1 249w, https:\/\/i0.wp.com\/eltrabajo.cl\/portal\/wp-content\/uploads\/2012\/05\/Enrique1.jpg?resize=124%2C150&amp;ssl=1 124w, https:\/\/i0.wp.com\/eltrabajo.cl\/portal\/wp-content\/uploads\/2012\/05\/Enrique1.jpg?resize=400%2C480&amp;ssl=1 400w, https:\/\/i0.wp.com\/eltrabajo.cl\/portal\/wp-content\/uploads\/2012\/05\/Enrique1.jpg?w=852&amp;ssl=1 852w\" sizes=\"auto, (max-width: 174px) 100vw, 174px\" \/><\/a><figcaption id=\"caption-attachment-17932\" class=\"wp-caption-text\">Enrique Barrera, Encargado de Educaci\u00f3n Ambiental de la Dipma.<\/figcaption><\/figure>\n<p>Las especies vegetales propuestas en el presente programa, se adaptan en el lugar en funci\u00f3n de las exigencias b\u00e1sicas para su crecimiento y desarrollo, tales como condiciones del clima; calidad de suelo; necesidades de agua y compatibilidad con la actividad de los espacios p\u00fablicos, adem\u00e1s de tener en consideraci\u00f3n sus cualidades f\u00edsicas como forma, altura, color, crecimiento, entre otros. Este programa permanente pretende llegar a disponer de 9000 \u00e1rboles a fines de 2012.<\/p>\n<p>Este fin de semana, la Gobernadora Patricia Boffa y el Alcalde Jaime Amar se unieron al accionar de la Junta Vecinal N\u00ba19 de Villa El Se\u00f1orial para participar ellos mismos en esta iniciativa de la Dipma.<\/p>\n","protected":false},"excerpt":{"rendered":"<p>Roberto Gonz\u00e1lez Short &#8211; rgonzalez@eltrabajo.cl Aquellos que so\u00f1aron con disfrutar de que en su poblaci\u00f3n se pudieran apreciar panoramas m\u00e1s refrescantes y naturales, les tenemos buenas noticias. Con el fin de mejorar&#8230;<\/p>\n","protected":false},"author":482,"featured_media":17930,"comment_status":"open","ping_status":"closed","sticky":false,"template":"","format":"standard","meta":{"advanced_seo_description":"","jetpack_seo_html_title":"","jetpack_seo_noindex":false,"_jetpack_memberships_contains_paid_content":false,"footnotes":""},"categories":[15],"tags":[],"class_list":["post-17929","post","type-post","status-publish","format-standard","has-post-thumbnail","hentry","category-comunidad"],"jetpack_featured_media_url":"https:\/\/i0.wp.com\/eltrabajo.cl\/portal\/wp-content\/uploads\/2012\/05\/Arbolitos1.jpg?fit=600%2C450&ssl=1","jetpack_sharing_enabled":true,"jetpack_likes_enabled":true,"jetpack-related-posts":[],"_links":{"self":[{"href":"https:\/\/eltrabajo.cl\/portal\/wp-json\/wp\/v2\/posts\/17929","targetHints":{"allow":["GET"]}}],"collection":[{"href":"https:\/\/eltrabajo.cl\/portal\/wp-json\/wp\/v2\/posts"}],"about":[{"href":"https:\/\/eltrabajo.cl\/portal\/wp-json\/wp\/v2\/types\/post"}],"author":[{"embeddable":true,"href":"https:\/\/eltrabajo.cl\/portal\/wp-json\/wp\/v2\/users\/482"}],"replies":[{"embeddable":true,"href":"https:\/\/eltrabajo.cl\/portal\/wp-json\/wp\/v2\/comments?post=17929"}],"version-history":[{"count":0,"href":"https:\/\/eltrabajo.cl\/portal\/wp-json\/wp\/v2\/posts\/17929\/revisions"}],"wp:featuredmedia":[{"embeddable":true,"href":"https:\/\/eltrabajo.cl\/portal\/wp-json\/wp\/v2\/media\/17930"}],"wp:attachment":[{"href":"https:\/\/eltrabajo.cl\/portal\/wp-json\/wp\/v2\/media?parent=17929"}],"wp:term":[{"taxonomy":"category","embeddable":true,"href":"https:\/\/eltrabajo.cl\/portal\/wp-json\/wp\/v2\/categories?post=17929"},{"taxonomy":"post_tag","embeddable":true,"href":"https:\/\/eltrabajo.cl\/portal\/wp-json\/wp\/v2\/tags?post=17929"}],"curies":[{"name":"wp","href":"https:\/\/api.w.org\/{rel}","templated":true}]}}