{"id":17944,"date":"2012-05-15T10:43:48","date_gmt":"2012-05-15T14:43:48","guid":{"rendered":"http:\/\/www.eltrabajo.cl\/portal\/?p=17944"},"modified":"2012-05-15T10:43:49","modified_gmt":"2012-05-15T14:43:49","slug":"crean-protectora-de-animales-para-rescatar-y-dar-mascotas-en-adopcion","status":"publish","type":"post","link":"https:\/\/eltrabajo.cl\/portal\/crean-protectora-de-animales-para-rescatar-y-dar-mascotas-en-adopcion\/","title":{"rendered":"Crean protectora de animales para rescatar y dar mascotas en adopci\u00f3n"},"content":{"rendered":"<figure id=\"attachment_17945\" aria-describedby=\"caption-attachment-17945\" style=\"width: 600px\" class=\"wp-caption alignnone\"><a href=\"http:\/\/www.eltrabajo.cl\/portal\/2012\/05\/crean-protectora-de-animales-para-rescatar-y-dar-mascotas-en-adopcion\/jaula3\/\" rel=\"attachment wp-att-17945\"><img data-recalc-dims=\"1\" loading=\"lazy\" decoding=\"async\" class=\"size-full wp-image-17945\" title=\"Jaula3\" src=\"https:\/\/i0.wp.com\/www.eltrabajo.cl\/portal\/wp-content\/uploads\/2012\/05\/Jaula3.jpg?resize=600%2C400\" alt=\"\" width=\"600\" height=\"400\" srcset=\"https:\/\/i0.wp.com\/eltrabajo.cl\/portal\/wp-content\/uploads\/2012\/05\/Jaula3.jpg?w=600&amp;ssl=1 600w, https:\/\/i0.wp.com\/eltrabajo.cl\/portal\/wp-content\/uploads\/2012\/05\/Jaula3.jpg?resize=200%2C133&amp;ssl=1 200w, https:\/\/i0.wp.com\/eltrabajo.cl\/portal\/wp-content\/uploads\/2012\/05\/Jaula3.jpg?resize=300%2C200&amp;ssl=1 300w, https:\/\/i0.wp.com\/eltrabajo.cl\/portal\/wp-content\/uploads\/2012\/05\/Jaula3.jpg?resize=150%2C100&amp;ssl=1 150w, https:\/\/i0.wp.com\/eltrabajo.cl\/portal\/wp-content\/uploads\/2012\/05\/Jaula3.jpg?resize=400%2C266&amp;ssl=1 400w\" sizes=\"auto, (max-width: 600px) 100vw, 600px\" \/><\/a><figcaption id=\"caption-attachment-17945\" class=\"wp-caption-text\">\u2018Amor Callejero\u2019 ofrece en adopci\u00f3n las mascotas ya debidamente desparasitadas y aseadas, cada s\u00e1bado a la Plaza de Armas llegan decenas de amantes de los animales en busca de llevarse alguno para su casa.<\/figcaption><\/figure>\n<p>Roberto Gonz\u00e1lez Short &#8211; <a href=\"mailto:rgonzalez@eltrabajo.cl\">rgonzalez@eltrabajo.cl<\/a><\/p>\n<p>Muchos son los animalitos que diariamente son abandonados a su suerte por los sanfelipe\u00f1os y muchos tambi\u00e9n los que nacen de madres callejeras, este problema es nacional y representa todo un desaf\u00edo municipal y de salubridad que amerita ser tratado, pero que actualmente pareciera no tener soluci\u00f3n en virtud de la carencia de una ley que establezca los par\u00e1metros para manejar la crisis por las autoridades municipales y de Salud.<\/p>\n<p>Debido a lo mismo, un grupo de sanfelipe\u00f1os decidi\u00f3 \u2018ponerse las pilas\u2019 y enfrentar el problema frontal<\/p>\n<figure id=\"attachment_17946\" aria-describedby=\"caption-attachment-17946\" style=\"width: 300px\" class=\"wp-caption alignright\"><a href=\"http:\/\/www.eltrabajo.cl\/portal\/2012\/05\/crean-protectora-de-animales-para-rescatar-y-dar-mascotas-en-adopcion\/callejeros3\/\" rel=\"attachment wp-att-17946\"><img data-recalc-dims=\"1\" loading=\"lazy\" decoding=\"async\" class=\"size-medium wp-image-17946\" title=\"Callejeros3\" src=\"https:\/\/i0.wp.com\/www.eltrabajo.cl\/portal\/wp-content\/uploads\/2012\/05\/Callejeros3-300x225.jpg?resize=300%2C225\" alt=\"\" width=\"300\" height=\"225\" srcset=\"https:\/\/i0.wp.com\/eltrabajo.cl\/portal\/wp-content\/uploads\/2012\/05\/Callejeros3.jpg?resize=300%2C225&amp;ssl=1 300w, https:\/\/i0.wp.com\/eltrabajo.cl\/portal\/wp-content\/uploads\/2012\/05\/Callejeros3.jpg?resize=200%2C150&amp;ssl=1 200w, https:\/\/i0.wp.com\/eltrabajo.cl\/portal\/wp-content\/uploads\/2012\/05\/Callejeros3.jpg?resize=150%2C112&amp;ssl=1 150w, https:\/\/i0.wp.com\/eltrabajo.cl\/portal\/wp-content\/uploads\/2012\/05\/Callejeros3.jpg?resize=400%2C300&amp;ssl=1 400w, https:\/\/i0.wp.com\/eltrabajo.cl\/portal\/wp-content\/uploads\/2012\/05\/Callejeros3.jpg?w=600&amp;ssl=1 600w\" sizes=\"auto, (max-width: 300px) 100vw, 300px\" \/><\/a><figcaption id=\"caption-attachment-17946\" class=\"wp-caption-text\">Los gatos abandonados tambi\u00e9n son rescatados por la \u2018Protectora de Animales Amor Callejero\u2019 de San Felipe.<\/figcaption><\/figure>\n<p>mente mediante la constituci\u00f3n de una entidad que brinde soluciones al problema en la medida de lo posible. Se trata de la Protectora de Animales \u2018Amor Callejero\u2019 que opera en San Felipe desde el jueves 12 de abril del presente a\u00f1o.<\/p>\n<p>\u201cNuestra agrupaci\u00f3n existe desde el pasado 12 de abril de 2012, contamos con 38 socios, ellos donan 1000 pesos por mes, tambi\u00e9n muchos de ellos vienen a la Plaza de Armas cada s\u00e1bado para brindarnos apoyo en este proceso de promoci\u00f3n y adopci\u00f3n de mascotas\u201d, explic\u00f3 a Diario El Trabajo, Beatriz Anabal\u00f3n, Presidente de la \u2018Protectora de Animales Amor Callejero\u2019.<\/p>\n<p>Este grupo de personas rescata felinos, aves, perros y otras mascotas para luego ofrecerlas en adopci\u00f3n una vez que las mismas sean aseadas y curadas cuando est\u00e1n enfermas.<\/p>\n<p>\u201cNosotros mismos rescatamos a los animalitos de las calles, a veces est\u00e1n muy enfermos, los desparasitamos nosotros mismos, manejamos unos 70 perritos al mes y estamos haciendo un llamado ahora mismo para que quienes amen a los animales nos llamen y se asocien a nuestra Protectora\u201d, agreg\u00f3 Anabal\u00f3n.<\/p>\n<figure id=\"attachment_17947\" aria-describedby=\"caption-attachment-17947\" style=\"width: 207px\" class=\"wp-caption alignleft\"><a href=\"http:\/\/www.eltrabajo.cl\/portal\/2012\/05\/crean-protectora-de-animales-para-rescatar-y-dar-mascotas-en-adopcion\/beatriz1\/\" rel=\"attachment wp-att-17947\"><img data-recalc-dims=\"1\" loading=\"lazy\" decoding=\"async\" class=\"size-medium wp-image-17947 \" title=\"Beatriz1\" src=\"https:\/\/i0.wp.com\/www.eltrabajo.cl\/portal\/wp-content\/uploads\/2012\/05\/Beatriz1-295x300.jpg?resize=207%2C210\" alt=\"\" width=\"207\" height=\"210\" srcset=\"https:\/\/i0.wp.com\/eltrabajo.cl\/portal\/wp-content\/uploads\/2012\/05\/Beatriz1.jpg?resize=295%2C300&amp;ssl=1 295w, https:\/\/i0.wp.com\/eltrabajo.cl\/portal\/wp-content\/uploads\/2012\/05\/Beatriz1.jpg?resize=147%2C150&amp;ssl=1 147w, https:\/\/i0.wp.com\/eltrabajo.cl\/portal\/wp-content\/uploads\/2012\/05\/Beatriz1.jpg?resize=400%2C405&amp;ssl=1 400w, https:\/\/i0.wp.com\/eltrabajo.cl\/portal\/wp-content\/uploads\/2012\/05\/Beatriz1.jpg?w=1010&amp;ssl=1 1010w\" sizes=\"auto, (max-width: 207px) 100vw, 207px\" \/><\/a><figcaption id=\"caption-attachment-17947\" class=\"wp-caption-text\">Beatriz Anabal\u00f3n, Presidente de la \u2018Protectora de Animales Amor Callejero\u2019.<\/figcaption><\/figure>\n<p>Cada s\u00e1bado, \u2018Amor Callejero\u2019 coloca sus jaulas en la Plaza de Armas de San Felipe, desde las 10:00 horas hasta medio d\u00eda. Hasta ese lugar llegan muchas personas interesadas en asociarse y adoptar a alguno de los sufridos animalitos.<\/p>\n<p>La encargada de este proyecto pidi\u00f3 a los interesados que s\u00f3lo adopten a los animales de los que est\u00e9n dispuestos hacerse responsables permanentemente. Informes al Fono: 760 55 382.<\/p>\n","protected":false},"excerpt":{"rendered":"<p>Roberto Gonz\u00e1lez Short &#8211; rgonzalez@eltrabajo.cl Muchos son los animalitos que diariamente son abandonados a su suerte por los sanfelipe\u00f1os y muchos tambi\u00e9n los que nacen de madres callejeras, este problema es nacional&#8230;<\/p>\n","protected":false},"author":482,"featured_media":17945,"comment_status":"open","ping_status":"closed","sticky":false,"template":"","format":"standard","meta":{"advanced_seo_description":"","jetpack_seo_html_title":"","jetpack_seo_noindex":false,"_jetpack_memberships_contains_paid_content":false,"footnotes":""},"categories":[15],"tags":[],"class_list":["post-17944","post","type-post","status-publish","format-standard","has-post-thumbnail","hentry","category-comunidad"],"jetpack_featured_media_url":"https:\/\/i0.wp.com\/eltrabajo.cl\/portal\/wp-content\/uploads\/2012\/05\/Jaula3.jpg?fit=600%2C400&ssl=1","jetpack_sharing_enabled":true,"jetpack_likes_enabled":true,"jetpack-related-posts":[],"_links":{"self":[{"href":"https:\/\/eltrabajo.cl\/portal\/wp-json\/wp\/v2\/posts\/17944","targetHints":{"allow":["GET"]}}],"collection":[{"href":"https:\/\/eltrabajo.cl\/portal\/wp-json\/wp\/v2\/posts"}],"about":[{"href":"https:\/\/eltrabajo.cl\/portal\/wp-json\/wp\/v2\/types\/post"}],"author":[{"embeddable":true,"href":"https:\/\/eltrabajo.cl\/portal\/wp-json\/wp\/v2\/users\/482"}],"replies":[{"embeddable":true,"href":"https:\/\/eltrabajo.cl\/portal\/wp-json\/wp\/v2\/comments?post=17944"}],"version-history":[{"count":0,"href":"https:\/\/eltrabajo.cl\/portal\/wp-json\/wp\/v2\/posts\/17944\/revisions"}],"wp:featuredmedia":[{"embeddable":true,"href":"https:\/\/eltrabajo.cl\/portal\/wp-json\/wp\/v2\/media\/17945"}],"wp:attachment":[{"href":"https:\/\/eltrabajo.cl\/portal\/wp-json\/wp\/v2\/media?parent=17944"}],"wp:term":[{"taxonomy":"category","embeddable":true,"href":"https:\/\/eltrabajo.cl\/portal\/wp-json\/wp\/v2\/categories?post=17944"},{"taxonomy":"post_tag","embeddable":true,"href":"https:\/\/eltrabajo.cl\/portal\/wp-json\/wp\/v2\/tags?post=17944"}],"curies":[{"name":"wp","href":"https:\/\/api.w.org\/{rel}","templated":true}]}}