{"id":17967,"date":"2012-05-16T09:23:31","date_gmt":"2012-05-16T13:23:31","guid":{"rendered":"http:\/\/www.eltrabajo.cl\/portal\/?p=17967"},"modified":"2012-05-16T09:23:31","modified_gmt":"2012-05-16T13:23:31","slug":"en-sector-el-carrizo-se-realizara-este-fin-de-semana-campeonato-de-enduro","status":"publish","type":"post","link":"https:\/\/eltrabajo.cl\/portal\/en-sector-el-carrizo-se-realizara-este-fin-de-semana-campeonato-de-enduro\/","title":{"rendered":"En sector El Carrizo se realizar\u00e1 este fin de semana campeonato de Enduro"},"content":{"rendered":"<figure id=\"attachment_17968\" aria-describedby=\"caption-attachment-17968\" style=\"width: 600px\" class=\"wp-caption alignnone\"><a href=\"http:\/\/www.eltrabajo.cl\/portal\/2012\/05\/en-sector-el-carrizo-se-realizara-este-fin-de-semana-campeonato-de-enduro\/enduro\/\" rel=\"attachment wp-att-17968\"><img data-recalc-dims=\"1\" loading=\"lazy\" decoding=\"async\" class=\"size-full wp-image-17968\" title=\"enduro\" src=\"https:\/\/i0.wp.com\/www.eltrabajo.cl\/portal\/wp-content\/uploads\/2012\/05\/enduro.jpg?resize=600%2C400\" alt=\"\" width=\"600\" height=\"400\" srcset=\"https:\/\/i0.wp.com\/eltrabajo.cl\/portal\/wp-content\/uploads\/2012\/05\/enduro.jpg?w=600&amp;ssl=1 600w, https:\/\/i0.wp.com\/eltrabajo.cl\/portal\/wp-content\/uploads\/2012\/05\/enduro.jpg?resize=200%2C133&amp;ssl=1 200w, https:\/\/i0.wp.com\/eltrabajo.cl\/portal\/wp-content\/uploads\/2012\/05\/enduro.jpg?resize=300%2C200&amp;ssl=1 300w, https:\/\/i0.wp.com\/eltrabajo.cl\/portal\/wp-content\/uploads\/2012\/05\/enduro.jpg?resize=150%2C100&amp;ssl=1 150w, https:\/\/i0.wp.com\/eltrabajo.cl\/portal\/wp-content\/uploads\/2012\/05\/enduro.jpg?resize=400%2C266&amp;ssl=1 400w\" sizes=\"auto, (max-width: 600px) 100vw, 600px\" \/><\/a><figcaption id=\"caption-attachment-17968\" class=\"wp-caption-text\">El Enduro, una actividad deportiva bastante atractiva que siempre concita el inter\u00e9s por parte del p\u00fablico. Para este fin de semana se est\u00e1 organizando el campeonato de Enduro del zonal centro, el que se realizar\u00e1 en El Carrizo en San Esteban.<\/figcaption><\/figure>\n<p>El fin de semana pr\u00f3ximo se realizar\u00e1 la segunda fecha zonal Centro de Enduro, campeonato que se efectuar\u00e1 en el sector de El Carrizo de la comuna de San Esteban.<\/p>\n<p>Las personas interesadas en participar deben inscribirse y seg\u00fan su categor\u00eda deben cancelar una cuota de inscripci\u00f3n de 15 mil pesos para los adultos y 10 mil para ni\u00f1os, los que pueden participar desde los 5 a\u00f1os.<\/p>\n<p>Los participantes deben contar con el equipo completo de seguridad y las ganas de participar, sostuvo Guillermo Rubio, uno de los organizadores de la actividad deportiva.<\/p>\n<figure id=\"attachment_17969\" aria-describedby=\"caption-attachment-17969\" style=\"width: 300px\" class=\"wp-caption alignright\"><a href=\"http:\/\/www.eltrabajo.cl\/portal\/2012\/05\/en-sector-el-carrizo-se-realizara-este-fin-de-semana-campeonato-de-enduro\/guillermo\/\" rel=\"attachment wp-att-17969\"><img data-recalc-dims=\"1\" loading=\"lazy\" decoding=\"async\" class=\"size-medium wp-image-17969\" title=\"guillermo\" src=\"https:\/\/i0.wp.com\/www.eltrabajo.cl\/portal\/wp-content\/uploads\/2012\/05\/guillermo-300x210.jpg?resize=300%2C210\" alt=\"\" width=\"300\" height=\"210\" srcset=\"https:\/\/i0.wp.com\/eltrabajo.cl\/portal\/wp-content\/uploads\/2012\/05\/guillermo.jpg?resize=300%2C210&amp;ssl=1 300w, https:\/\/i0.wp.com\/eltrabajo.cl\/portal\/wp-content\/uploads\/2012\/05\/guillermo.jpg?resize=200%2C140&amp;ssl=1 200w, https:\/\/i0.wp.com\/eltrabajo.cl\/portal\/wp-content\/uploads\/2012\/05\/guillermo.jpg?resize=150%2C105&amp;ssl=1 150w, https:\/\/i0.wp.com\/eltrabajo.cl\/portal\/wp-content\/uploads\/2012\/05\/guillermo.jpg?resize=400%2C280&amp;ssl=1 400w, https:\/\/i0.wp.com\/eltrabajo.cl\/portal\/wp-content\/uploads\/2012\/05\/guillermo.jpg?w=600&amp;ssl=1 600w\" sizes=\"auto, (max-width: 300px) 100vw, 300px\" \/><\/a><figcaption id=\"caption-attachment-17969\" class=\"wp-caption-text\">Guillermo Rubio, uno de los organizadores de la actividad deportiva que se realizar\u00e1 en El Carrizo en San Esteban.<\/figcaption><\/figure>\n<p>\u201cTenemos un grupo que tenemos 3 a\u00f1os que organizamos y es el segundo a\u00f1o que realizamos el campeonato, se ha realizado en Illapel, La Ligua, en Vi\u00f1a del Mar, Los Andes\u201d, sostuvo Rubio.<\/p>\n<p>Anteriormente el campeonato se hac\u00eda solamente en el zonal norte, pero tomando en cuenta las distancias que existen entre las zonas, se organiz\u00f3 el zonal centro, donde participan deportistas desde Illapel hasta la Quinta Regi\u00f3n.<\/p>\n<p>El a\u00f1o pasado el campeonato se realiz\u00f3 en el sector de El Rungue, en Putaendo, y para este a\u00f1o se cambi\u00f3 el lugar, y los organizadores encontraron El Carrizo, que a juicio de Rubio es un muy buen lugar para la participaci\u00f3n de los deportistas.<\/p>\n<p>La entrada al campeonato tendr\u00e1 un valor de 500 pesos por veh\u00edculo, y el lugar es bastante asequible.<\/p>\n<p>Seg\u00fan explic\u00f3 el organizador, esos d\u00edas participar\u00e1n las categor\u00edas Mamaderas, Infantiles, Expertos, S\u00faper Expertos y Escuela, y seg\u00fan Rubio se espera una participaci\u00f3n de 150 competidores en todas las categor\u00edas.<\/p>\n","protected":false},"excerpt":{"rendered":"<p>El fin de semana pr\u00f3ximo se realizar\u00e1 la segunda fecha zonal Centro de Enduro, campeonato que se efectuar\u00e1 en el sector de El Carrizo de la comuna de San Esteban. Las personas&#8230;<\/p>\n","protected":false},"author":482,"featured_media":17968,"comment_status":"open","ping_status":"closed","sticky":false,"template":"","format":"standard","meta":{"advanced_seo_description":"","jetpack_seo_html_title":"","jetpack_seo_noindex":false,"_jetpack_memberships_contains_paid_content":false,"footnotes":""},"categories":[15],"tags":[],"class_list":["post-17967","post","type-post","status-publish","format-standard","has-post-thumbnail","hentry","category-comunidad"],"jetpack_featured_media_url":"https:\/\/i0.wp.com\/eltrabajo.cl\/portal\/wp-content\/uploads\/2012\/05\/enduro.jpg?fit=600%2C400&ssl=1","jetpack_sharing_enabled":true,"jetpack_likes_enabled":true,"jetpack-related-posts":[],"_links":{"self":[{"href":"https:\/\/eltrabajo.cl\/portal\/wp-json\/wp\/v2\/posts\/17967","targetHints":{"allow":["GET"]}}],"collection":[{"href":"https:\/\/eltrabajo.cl\/portal\/wp-json\/wp\/v2\/posts"}],"about":[{"href":"https:\/\/eltrabajo.cl\/portal\/wp-json\/wp\/v2\/types\/post"}],"author":[{"embeddable":true,"href":"https:\/\/eltrabajo.cl\/portal\/wp-json\/wp\/v2\/users\/482"}],"replies":[{"embeddable":true,"href":"https:\/\/eltrabajo.cl\/portal\/wp-json\/wp\/v2\/comments?post=17967"}],"version-history":[{"count":0,"href":"https:\/\/eltrabajo.cl\/portal\/wp-json\/wp\/v2\/posts\/17967\/revisions"}],"wp:featuredmedia":[{"embeddable":true,"href":"https:\/\/eltrabajo.cl\/portal\/wp-json\/wp\/v2\/media\/17968"}],"wp:attachment":[{"href":"https:\/\/eltrabajo.cl\/portal\/wp-json\/wp\/v2\/media?parent=17967"}],"wp:term":[{"taxonomy":"category","embeddable":true,"href":"https:\/\/eltrabajo.cl\/portal\/wp-json\/wp\/v2\/categories?post=17967"},{"taxonomy":"post_tag","embeddable":true,"href":"https:\/\/eltrabajo.cl\/portal\/wp-json\/wp\/v2\/tags?post=17967"}],"curies":[{"name":"wp","href":"https:\/\/api.w.org\/{rel}","templated":true}]}}