{"id":17974,"date":"2012-05-16T09:29:10","date_gmt":"2012-05-16T13:29:10","guid":{"rendered":"http:\/\/www.eltrabajo.cl\/portal\/?p=17974"},"modified":"2012-05-16T09:29:10","modified_gmt":"2012-05-16T13:29:10","slug":"escuela-de-el-tambo-gana-nuevo-proyecto-del-consejo-de-la-cultura-y-las-artes","status":"publish","type":"post","link":"https:\/\/eltrabajo.cl\/portal\/escuela-de-el-tambo-gana-nuevo-proyecto-del-consejo-de-la-cultura-y-las-artes\/","title":{"rendered":"Escuela de El Tambo gana nuevo proyecto del Consejo de la Cultura y las Artes"},"content":{"rendered":"<figure id=\"attachment_17975\" aria-describedby=\"caption-attachment-17975\" style=\"width: 600px\" class=\"wp-caption alignnone\"><a href=\"http:\/\/www.eltrabajo.cl\/portal\/2012\/05\/escuela-de-el-tambo-gana-nuevo-proyecto-del-consejo-de-la-cultura-y-las-artes\/ensayo-alumnos\/\" rel=\"attachment wp-att-17975\"><img data-recalc-dims=\"1\" loading=\"lazy\" decoding=\"async\" class=\"size-full wp-image-17975\" title=\"Ensayo Alumnos\" src=\"https:\/\/i0.wp.com\/www.eltrabajo.cl\/portal\/wp-content\/uploads\/2012\/05\/Ensayo-Alumnos.jpg?resize=600%2C430\" alt=\"\" width=\"600\" height=\"430\" srcset=\"https:\/\/i0.wp.com\/eltrabajo.cl\/portal\/wp-content\/uploads\/2012\/05\/Ensayo-Alumnos.jpg?w=600&amp;ssl=1 600w, https:\/\/i0.wp.com\/eltrabajo.cl\/portal\/wp-content\/uploads\/2012\/05\/Ensayo-Alumnos.jpg?resize=200%2C143&amp;ssl=1 200w, https:\/\/i0.wp.com\/eltrabajo.cl\/portal\/wp-content\/uploads\/2012\/05\/Ensayo-Alumnos.jpg?resize=300%2C215&amp;ssl=1 300w, https:\/\/i0.wp.com\/eltrabajo.cl\/portal\/wp-content\/uploads\/2012\/05\/Ensayo-Alumnos.jpg?resize=150%2C107&amp;ssl=1 150w, https:\/\/i0.wp.com\/eltrabajo.cl\/portal\/wp-content\/uploads\/2012\/05\/Ensayo-Alumnos.jpg?resize=400%2C286&amp;ssl=1 400w\" sizes=\"auto, (max-width: 600px) 100vw, 600px\" \/><\/a><figcaption id=\"caption-attachment-17975\" class=\"wp-caption-text\">Alumnos de la Escuela Art\u00edstica \u2018Rep\u00fablica Argentina\u2019, ubicada en la localidad de El Tambo, en pleno ensayo.<\/figcaption><\/figure>\n<p>Un nuevo proyecto de iniciativa cultural de parte del Consejo Nacional de la Cultura y las Artes, obtuvo la Escuela Art\u00edstica \u2018Rep\u00fablica Argentina\u2019, ubicada en la localidad de El Tambo.<\/p>\n<figure id=\"attachment_17976\" aria-describedby=\"caption-attachment-17976\" style=\"width: 162px\" class=\"wp-caption alignright\"><a href=\"http:\/\/www.eltrabajo.cl\/portal\/2012\/05\/escuela-de-el-tambo-gana-nuevo-proyecto-del-consejo-de-la-cultura-y-las-artes\/jose-lazcano\/\" rel=\"attachment wp-att-17976\"><img data-recalc-dims=\"1\" loading=\"lazy\" decoding=\"async\" class=\"size-medium wp-image-17976 \" title=\"Jose Lazcano\" src=\"https:\/\/i0.wp.com\/www.eltrabajo.cl\/portal\/wp-content\/uploads\/2012\/05\/Jose-Lazcano-231x300.jpg?resize=162%2C210\" alt=\"\" width=\"162\" height=\"210\" srcset=\"https:\/\/i0.wp.com\/eltrabajo.cl\/portal\/wp-content\/uploads\/2012\/05\/Jose-Lazcano.jpg?resize=231%2C300&amp;ssl=1 231w, https:\/\/i0.wp.com\/eltrabajo.cl\/portal\/wp-content\/uploads\/2012\/05\/Jose-Lazcano.jpg?resize=115%2C150&amp;ssl=1 115w, https:\/\/i0.wp.com\/eltrabajo.cl\/portal\/wp-content\/uploads\/2012\/05\/Jose-Lazcano.jpg?resize=400%2C519&amp;ssl=1 400w, https:\/\/i0.wp.com\/eltrabajo.cl\/portal\/wp-content\/uploads\/2012\/05\/Jose-Lazcano.jpg?w=789&amp;ssl=1 789w\" sizes=\"auto, (max-width: 162px) 100vw, 162px\" \/><\/a><figcaption id=\"caption-attachment-17976\" class=\"wp-caption-text\">Jos\u00e9 Lazcano, Director del establecimiento.<\/figcaption><\/figure>\n<p>El director del establecimiento Jos\u00e9 Lazcano, explic\u00f3 que este es el tercer proyecto que se obtiene con financiamiento de este organismo cultural estatal, en el marco de su condici\u00f3n de escuela art\u00edstica.<\/p>\n<p>\u201cEste proyecto se realiz\u00f3 bajo la supervisi\u00f3n de la jefatura t\u00e9cnica y lo desarroll\u00f3 la docente Mar\u00eda Paz Morales junto al equipo de profesores del \u00e1rea art\u00edstica. Esto nos permitir\u00e1 hacer una difusi\u00f3n hacia la comunidad de todo el trabajo art\u00edstico que hace la escuela\u201d, se\u00f1al\u00f3 el director.<\/p>\n<p>La profesora Mar\u00eda Paz Morales, autora del proyecto, se\u00f1al\u00f3 que este financiamiento, por cuatro millones ochocientos mil pesos, permitir\u00e1 al establecimiento no solo difundir la cultura sino tambi\u00e9n adquirir algunos implementos para el establecimiento.<\/p>\n<p>&nbsp;<\/p>\n<figure id=\"attachment_17980\" aria-describedby=\"caption-attachment-17980\" style=\"width: 176px\" class=\"wp-caption alignleft\"><a href=\"http:\/\/www.eltrabajo.cl\/portal\/2012\/05\/escuela-de-el-tambo-gana-nuevo-proyecto-del-consejo-de-la-cultura-y-las-artes\/maria-paz-morales-2\/\" rel=\"attachment wp-att-17980\"><img data-recalc-dims=\"1\" loading=\"lazy\" decoding=\"async\" class=\"size-medium wp-image-17980 \" title=\"Maria Paz Morales\" src=\"https:\/\/i0.wp.com\/www.eltrabajo.cl\/portal\/wp-content\/uploads\/2012\/05\/Maria-Paz-Morales1-252x300.jpg?resize=176%2C210\" alt=\"\" width=\"176\" height=\"210\" srcset=\"https:\/\/i0.wp.com\/eltrabajo.cl\/portal\/wp-content\/uploads\/2012\/05\/Maria-Paz-Morales1.jpg?resize=252%2C300&amp;ssl=1 252w, https:\/\/i0.wp.com\/eltrabajo.cl\/portal\/wp-content\/uploads\/2012\/05\/Maria-Paz-Morales1.jpg?resize=126%2C150&amp;ssl=1 126w, https:\/\/i0.wp.com\/eltrabajo.cl\/portal\/wp-content\/uploads\/2012\/05\/Maria-Paz-Morales1.jpg?resize=400%2C474&amp;ssl=1 400w, https:\/\/i0.wp.com\/eltrabajo.cl\/portal\/wp-content\/uploads\/2012\/05\/Maria-Paz-Morales1.jpg?w=541&amp;ssl=1 541w\" sizes=\"auto, (max-width: 176px) 100vw, 176px\" \/><\/a><figcaption id=\"caption-attachment-17980\" class=\"wp-caption-text\">La profesora Mar\u00eda Paz Morales fue la autora del proyecto que se adjudic\u00f3 cuatro millones ochocientos mil pesos.<\/figcaption><\/figure>\n<p>&nbsp;<\/p>\n<p>\u201cEn la primera etapa, durante este semestre, vamos a realizar dos muestras de un musical que mezcla en vivo la m\u00fasica, el baile y el teatro, adem\u00e1s de los efectos audiovisuales. Este musical lo vamos a presentar en dos lugares de la zona. En la segunda etapa vamos a hacer una muestra art\u00edstica en el establecimiento, que reunir\u00e1 diversas expresiones del arte, incluyendo las artesan\u00edas de la zona\u201d, explic\u00f3 la docente.<\/p>\n<p>A\u00f1adi\u00f3 que con este financiamiento se podr\u00e1n adquirir instrumentos, equipos de amplificaci\u00f3n y otros elementos.<\/p>\n","protected":false},"excerpt":{"rendered":"<p>Un nuevo proyecto de iniciativa cultural de parte del Consejo Nacional de la Cultura y las Artes, obtuvo la Escuela Art\u00edstica \u2018Rep\u00fablica Argentina\u2019, ubicada en la localidad de El Tambo. El director&#8230;<\/p>\n","protected":false},"author":482,"featured_media":17975,"comment_status":"open","ping_status":"closed","sticky":false,"template":"","format":"standard","meta":{"advanced_seo_description":"","jetpack_seo_html_title":"","jetpack_seo_noindex":false,"_jetpack_memberships_contains_paid_content":false,"footnotes":""},"categories":[15],"tags":[],"class_list":["post-17974","post","type-post","status-publish","format-standard","has-post-thumbnail","hentry","category-comunidad"],"jetpack_featured_media_url":"https:\/\/i0.wp.com\/eltrabajo.cl\/portal\/wp-content\/uploads\/2012\/05\/Ensayo-Alumnos.jpg?fit=600%2C430&ssl=1","jetpack_sharing_enabled":true,"jetpack_likes_enabled":true,"jetpack-related-posts":[],"_links":{"self":[{"href":"https:\/\/eltrabajo.cl\/portal\/wp-json\/wp\/v2\/posts\/17974","targetHints":{"allow":["GET"]}}],"collection":[{"href":"https:\/\/eltrabajo.cl\/portal\/wp-json\/wp\/v2\/posts"}],"about":[{"href":"https:\/\/eltrabajo.cl\/portal\/wp-json\/wp\/v2\/types\/post"}],"author":[{"embeddable":true,"href":"https:\/\/eltrabajo.cl\/portal\/wp-json\/wp\/v2\/users\/482"}],"replies":[{"embeddable":true,"href":"https:\/\/eltrabajo.cl\/portal\/wp-json\/wp\/v2\/comments?post=17974"}],"version-history":[{"count":0,"href":"https:\/\/eltrabajo.cl\/portal\/wp-json\/wp\/v2\/posts\/17974\/revisions"}],"wp:featuredmedia":[{"embeddable":true,"href":"https:\/\/eltrabajo.cl\/portal\/wp-json\/wp\/v2\/media\/17975"}],"wp:attachment":[{"href":"https:\/\/eltrabajo.cl\/portal\/wp-json\/wp\/v2\/media?parent=17974"}],"wp:term":[{"taxonomy":"category","embeddable":true,"href":"https:\/\/eltrabajo.cl\/portal\/wp-json\/wp\/v2\/categories?post=17974"},{"taxonomy":"post_tag","embeddable":true,"href":"https:\/\/eltrabajo.cl\/portal\/wp-json\/wp\/v2\/tags?post=17974"}],"curies":[{"name":"wp","href":"https:\/\/api.w.org\/{rel}","templated":true}]}}