{"id":17989,"date":"2012-05-16T09:37:38","date_gmt":"2012-05-16T13:37:38","guid":{"rendered":"http:\/\/www.eltrabajo.cl\/portal\/?p=17989"},"modified":"2012-05-16T09:37:38","modified_gmt":"2012-05-16T13:37:38","slug":"tres-sanfelipenos-crean-verdaderas-%e2%80%98obras-de-arte%e2%80%99-forjadas-en-metal","status":"publish","type":"post","link":"https:\/\/eltrabajo.cl\/portal\/tres-sanfelipenos-crean-verdaderas-%e2%80%98obras-de-arte%e2%80%99-forjadas-en-metal\/","title":{"rendered":"Tres sanfelipe\u00f1os crean verdaderas \u2018obras de arte\u2019 forjadas en metal"},"content":{"rendered":"<figure id=\"attachment_17990\" aria-describedby=\"caption-attachment-17990\" style=\"width: 600px\" class=\"wp-caption alignnone\"><a href=\"http:\/\/www.eltrabajo.cl\/portal\/2012\/05\/tres-sanfelipenos-crean-verdaderas-%e2%80%98obras-de-arte%e2%80%99-forjadas-en-metal\/metales1\/\" rel=\"attachment wp-att-17990\"><img data-recalc-dims=\"1\" loading=\"lazy\" decoding=\"async\" class=\"size-full wp-image-17990\" title=\"Metales1\" src=\"https:\/\/i0.wp.com\/www.eltrabajo.cl\/portal\/wp-content\/uploads\/2012\/05\/Metales1.jpg?resize=600%2C450\" alt=\"\" width=\"600\" height=\"450\" srcset=\"https:\/\/i0.wp.com\/eltrabajo.cl\/portal\/wp-content\/uploads\/2012\/05\/Metales1.jpg?w=600&amp;ssl=1 600w, https:\/\/i0.wp.com\/eltrabajo.cl\/portal\/wp-content\/uploads\/2012\/05\/Metales1.jpg?resize=200%2C150&amp;ssl=1 200w, https:\/\/i0.wp.com\/eltrabajo.cl\/portal\/wp-content\/uploads\/2012\/05\/Metales1.jpg?resize=300%2C225&amp;ssl=1 300w, https:\/\/i0.wp.com\/eltrabajo.cl\/portal\/wp-content\/uploads\/2012\/05\/Metales1.jpg?resize=150%2C112&amp;ssl=1 150w, https:\/\/i0.wp.com\/eltrabajo.cl\/portal\/wp-content\/uploads\/2012\/05\/Metales1.jpg?resize=400%2C300&amp;ssl=1 400w\" sizes=\"auto, (max-width: 600px) 100vw, 600px\" \/><\/a><figcaption id=\"caption-attachment-17990\" class=\"wp-caption-text\">La fabricaci\u00f3n de faroles y l\u00e1mparas en metal no pod\u00eda estar en mejores manos que en las de estos tres amantes de la forja: Carlos Godoy, Manuel Cordero y Emilio Ponce.<\/figcaption><\/figure>\n<ul>\n<li>Le gust\u00f3 tanto la Cerrajer\u00eda Art\u00edstica\u2019, que meti\u00f3 a sus primos en el negocio<\/li>\n<\/ul>\n<p>Roberto Gonz\u00e1lez Short &#8211; <a href=\"mailto:rgonzalez@eltrabajo.cl\">rgonzalez@eltrabajo.cl<\/a><\/p>\n<figure id=\"attachment_17991\" aria-describedby=\"caption-attachment-17991\" style=\"width: 300px\" class=\"wp-caption alignright\"><a href=\"http:\/\/www.eltrabajo.cl\/portal\/2012\/05\/tres-sanfelipenos-crean-verdaderas-%e2%80%98obras-de-arte%e2%80%99-forjadas-en-metal\/enorme1\/\" rel=\"attachment wp-att-17991\"><img data-recalc-dims=\"1\" loading=\"lazy\" decoding=\"async\" class=\"size-medium wp-image-17991\" title=\"Enorme1\" src=\"https:\/\/i0.wp.com\/www.eltrabajo.cl\/portal\/wp-content\/uploads\/2012\/05\/Enorme1-300x225.jpg?resize=300%2C225\" alt=\"\" width=\"300\" height=\"225\" srcset=\"https:\/\/i0.wp.com\/eltrabajo.cl\/portal\/wp-content\/uploads\/2012\/05\/Enorme1.jpg?resize=300%2C225&amp;ssl=1 300w, https:\/\/i0.wp.com\/eltrabajo.cl\/portal\/wp-content\/uploads\/2012\/05\/Enorme1.jpg?resize=200%2C150&amp;ssl=1 200w, https:\/\/i0.wp.com\/eltrabajo.cl\/portal\/wp-content\/uploads\/2012\/05\/Enorme1.jpg?resize=150%2C112&amp;ssl=1 150w, https:\/\/i0.wp.com\/eltrabajo.cl\/portal\/wp-content\/uploads\/2012\/05\/Enorme1.jpg?resize=400%2C300&amp;ssl=1 400w, https:\/\/i0.wp.com\/eltrabajo.cl\/portal\/wp-content\/uploads\/2012\/05\/Enorme1.jpg?w=600&amp;ssl=1 600w\" sizes=\"auto, (max-width: 300px) 100vw, 300px\" \/><\/a><figcaption id=\"caption-attachment-17991\" class=\"wp-caption-text\">L\u00e1mpara forjada en metal que fue fabricada a petici\u00f3n de un cliente, aun la fragua del hierro es elaborada por ellos.<\/figcaption><\/figure>\n<p>A Carlos Godoy no le bast\u00f3 con aprender a ganarse la vida elaborando estructuras met\u00e1licas en su casa, sino que se dio a la tarea tambi\u00e9n de ense\u00f1ar el oficio a sus dos primos para conformar as\u00ed un tr\u00edo de expertos en el manejo de la Cerrajer\u00eda Art\u00edstica y forjado de metales, con lo que los tres han salido adelante desde hace catorce a\u00f1os.<\/p>\n<figure id=\"attachment_17992\" aria-describedby=\"caption-attachment-17992\" style=\"width: 210px\" class=\"wp-caption alignleft\"><a href=\"http:\/\/www.eltrabajo.cl\/portal\/2012\/05\/tres-sanfelipenos-crean-verdaderas-%e2%80%98obras-de-arte%e2%80%99-forjadas-en-metal\/carlos1\/\" rel=\"attachment wp-att-17992\"><img data-recalc-dims=\"1\" loading=\"lazy\" decoding=\"async\" class=\"size-medium wp-image-17992 \" title=\"Carlos1\" src=\"https:\/\/i0.wp.com\/www.eltrabajo.cl\/portal\/wp-content\/uploads\/2012\/05\/Carlos1-300x289.jpg?resize=210%2C202\" alt=\"\" width=\"210\" height=\"202\" srcset=\"https:\/\/i0.wp.com\/eltrabajo.cl\/portal\/wp-content\/uploads\/2012\/05\/Carlos1.jpg?resize=300%2C289&amp;ssl=1 300w, https:\/\/i0.wp.com\/eltrabajo.cl\/portal\/wp-content\/uploads\/2012\/05\/Carlos1.jpg?resize=155%2C150&amp;ssl=1 155w, https:\/\/i0.wp.com\/eltrabajo.cl\/portal\/wp-content\/uploads\/2012\/05\/Carlos1.jpg?resize=150%2C144&amp;ssl=1 150w, https:\/\/i0.wp.com\/eltrabajo.cl\/portal\/wp-content\/uploads\/2012\/05\/Carlos1.jpg?resize=400%2C386&amp;ssl=1 400w, https:\/\/i0.wp.com\/eltrabajo.cl\/portal\/wp-content\/uploads\/2012\/05\/Carlos1.jpg?w=600&amp;ssl=1 600w\" sizes=\"auto, (max-width: 210px) 100vw, 210px\" \/><\/a><figcaption id=\"caption-attachment-17992\" class=\"wp-caption-text\">Carlos Godoy, forjador de metales.<\/figcaption><\/figure>\n<p>\u201cMe encantan los fierros, inici\u00e9 en esta profesi\u00f3n luego de que saqu\u00e9 algunos cursos sobre el c\u00f3mo forjar metales y desarrollar la Artesan\u00eda Art\u00edstica cuando yo contaba apenas con 18 a\u00f1os, ahora tengo 32; s\u00e9 que cuando yo muera, algunos de mis trabajos durar\u00e1n hasta unos 300 a\u00f1os\u201d, coment\u00f3 Godoy a Diario El Trabajo.<\/p>\n<figure id=\"attachment_17994\" aria-describedby=\"caption-attachment-17994\" style=\"width: 186px\" class=\"wp-caption alignright\"><a href=\"http:\/\/www.eltrabajo.cl\/portal\/2012\/05\/tres-sanfelipenos-crean-verdaderas-%e2%80%98obras-de-arte%e2%80%99-forjadas-en-metal\/manuel1-2\/\" rel=\"attachment wp-att-17994\"><img data-recalc-dims=\"1\" loading=\"lazy\" decoding=\"async\" class=\"size-medium wp-image-17994 \" title=\"Manuel1\" src=\"https:\/\/i0.wp.com\/www.eltrabajo.cl\/portal\/wp-content\/uploads\/2012\/05\/Manuel1-266x300.jpg?resize=186%2C210\" alt=\"\" width=\"186\" height=\"210\" srcset=\"https:\/\/i0.wp.com\/eltrabajo.cl\/portal\/wp-content\/uploads\/2012\/05\/Manuel1.jpg?resize=266%2C300&amp;ssl=1 266w, https:\/\/i0.wp.com\/eltrabajo.cl\/portal\/wp-content\/uploads\/2012\/05\/Manuel1.jpg?resize=133%2C150&amp;ssl=1 133w, https:\/\/i0.wp.com\/eltrabajo.cl\/portal\/wp-content\/uploads\/2012\/05\/Manuel1.jpg?resize=400%2C450&amp;ssl=1 400w, https:\/\/i0.wp.com\/eltrabajo.cl\/portal\/wp-content\/uploads\/2012\/05\/Manuel1.jpg?w=909&amp;ssl=1 909w\" sizes=\"auto, (max-width: 186px) 100vw, 186px\" \/><\/a><figcaption id=\"caption-attachment-17994\" class=\"wp-caption-text\">Manuel Cordero, tambi\u00e9n amante de la Cerrajer\u00eda Art\u00edstica.<\/figcaption><\/figure>\n<p>Las estructuras met\u00e1licas que este vecino de Almendral Bajo construye con sus primos-hermanos, Manuel Cordero y Emilio Ponce, son dise\u00f1os bien trabajados y que se hacen al gusto de cada cliente.<\/p>\n<p><strong>TALENTO SIN L\u00cdMITES<\/strong><\/p>\n<p>\u201cHacemos escaleras, l\u00e1mparas, portones, faroles y forjas gigantes, as\u00ed como candelabros a la medida. Gracias a esta profesi\u00f3n hoy puedo cotizar mi trabajo y talento con orgullo para m\u00ed y mi familia\u201d, agreg\u00f3 Carlos Godoy.<\/p>\n<p>\u201cMi primo Carlos me ense\u00f1\u00f3 este oficio, haber aprendido a trabajar el metal desde joven me ayud\u00f3 a encontrar el centro de mi vida, pues era un chico poco responsable, ahora me cas\u00e9, tenemos una preciosa ni\u00f1a y a veces me gano hasta siete \u2018gambas\u2019 ($700.000 pesos) al mes\u201d, explic\u00f3 Manuel Cordero, primo de Carlos.<\/p>\n<figure id=\"attachment_17993\" aria-describedby=\"caption-attachment-17993\" style=\"width: 193px\" class=\"wp-caption alignleft\"><a href=\"http:\/\/www.eltrabajo.cl\/portal\/2012\/05\/tres-sanfelipenos-crean-verdaderas-%e2%80%98obras-de-arte%e2%80%99-forjadas-en-metal\/emilio1\/\" rel=\"attachment wp-att-17993\"><img data-recalc-dims=\"1\" loading=\"lazy\" decoding=\"async\" class=\"size-medium wp-image-17993 \" title=\"Emilio1\" src=\"https:\/\/i0.wp.com\/www.eltrabajo.cl\/portal\/wp-content\/uploads\/2012\/05\/Emilio1-276x300.jpg?resize=193%2C210\" alt=\"\" width=\"193\" height=\"210\" srcset=\"https:\/\/i0.wp.com\/eltrabajo.cl\/portal\/wp-content\/uploads\/2012\/05\/Emilio1.jpg?resize=276%2C300&amp;ssl=1 276w, https:\/\/i0.wp.com\/eltrabajo.cl\/portal\/wp-content\/uploads\/2012\/05\/Emilio1.jpg?resize=138%2C150&amp;ssl=1 138w, https:\/\/i0.wp.com\/eltrabajo.cl\/portal\/wp-content\/uploads\/2012\/05\/Emilio1.jpg?resize=400%2C434&amp;ssl=1 400w, https:\/\/i0.wp.com\/eltrabajo.cl\/portal\/wp-content\/uploads\/2012\/05\/Emilio1.jpg?w=943&amp;ssl=1 943w\" sizes=\"auto, (max-width: 193px) 100vw, 193px\" \/><\/a><figcaption id=\"caption-attachment-17993\" class=\"wp-caption-text\">Emilio Ponce se gana la vida y mantiene a su familia gracias al oficio aprendido de su primo Carlos.<\/figcaption><\/figure>\n<p>\u201cYo tambi\u00e9n me siento muy agradecido, pues aprend\u00ed algo que me gusta y que adem\u00e1s me pagan por hacerlo, es lo mejor en cualquier trabajo, que a uno le guste\u201d, dijo Emilio Ponce, el tercero de los metaleros.<\/p>\n<p>Seg\u00fan lo reportado por estos tres \u2018Caballeros del metal\u2019, a ellos les sobra trabajo, pues de todo la provincia les encargan labores con regularidad. Los interesados en conocer y contratar a estos expertos en el forjado de metales pueden hacerlo llamando al Fono: 972 27 452.<\/p>\n","protected":false},"excerpt":{"rendered":"<p>Le gust\u00f3 tanto la Cerrajer\u00eda Art\u00edstica\u2019, que meti\u00f3 a sus primos en el negocio Roberto Gonz\u00e1lez Short &#8211; rgonzalez@eltrabajo.cl A Carlos Godoy no le bast\u00f3 con aprender a ganarse la vida elaborando&#8230;<\/p>\n","protected":false},"author":482,"featured_media":17990,"comment_status":"open","ping_status":"closed","sticky":false,"template":"","format":"standard","meta":{"advanced_seo_description":"","jetpack_seo_html_title":"","jetpack_seo_noindex":false,"_jetpack_memberships_contains_paid_content":false,"footnotes":""},"categories":[15],"tags":[],"class_list":["post-17989","post","type-post","status-publish","format-standard","has-post-thumbnail","hentry","category-comunidad"],"jetpack_featured_media_url":"https:\/\/i0.wp.com\/eltrabajo.cl\/portal\/wp-content\/uploads\/2012\/05\/Metales1.jpg?fit=600%2C450&ssl=1","jetpack_sharing_enabled":true,"jetpack_likes_enabled":true,"jetpack-related-posts":[],"_links":{"self":[{"href":"https:\/\/eltrabajo.cl\/portal\/wp-json\/wp\/v2\/posts\/17989","targetHints":{"allow":["GET"]}}],"collection":[{"href":"https:\/\/eltrabajo.cl\/portal\/wp-json\/wp\/v2\/posts"}],"about":[{"href":"https:\/\/eltrabajo.cl\/portal\/wp-json\/wp\/v2\/types\/post"}],"author":[{"embeddable":true,"href":"https:\/\/eltrabajo.cl\/portal\/wp-json\/wp\/v2\/users\/482"}],"replies":[{"embeddable":true,"href":"https:\/\/eltrabajo.cl\/portal\/wp-json\/wp\/v2\/comments?post=17989"}],"version-history":[{"count":0,"href":"https:\/\/eltrabajo.cl\/portal\/wp-json\/wp\/v2\/posts\/17989\/revisions"}],"wp:featuredmedia":[{"embeddable":true,"href":"https:\/\/eltrabajo.cl\/portal\/wp-json\/wp\/v2\/media\/17990"}],"wp:attachment":[{"href":"https:\/\/eltrabajo.cl\/portal\/wp-json\/wp\/v2\/media?parent=17989"}],"wp:term":[{"taxonomy":"category","embeddable":true,"href":"https:\/\/eltrabajo.cl\/portal\/wp-json\/wp\/v2\/categories?post=17989"},{"taxonomy":"post_tag","embeddable":true,"href":"https:\/\/eltrabajo.cl\/portal\/wp-json\/wp\/v2\/tags?post=17989"}],"curies":[{"name":"wp","href":"https:\/\/api.w.org\/{rel}","templated":true}]}}