{"id":17999,"date":"2012-05-16T09:39:18","date_gmt":"2012-05-16T13:39:18","guid":{"rendered":"http:\/\/www.eltrabajo.cl\/portal\/?p=17999"},"modified":"2012-05-16T09:39:18","modified_gmt":"2012-05-16T13:39:18","slug":"unos-3-000-usuarios-del-apr-de-guzmanes-podrian-quedar-sin-agua","status":"publish","type":"post","link":"https:\/\/eltrabajo.cl\/portal\/unos-3-000-usuarios-del-apr-de-guzmanes-podrian-quedar-sin-agua\/","title":{"rendered":"Unos 3.000 usuarios del APR de Guzmanes podr\u00edan quedar sin agua"},"content":{"rendered":"<figure id=\"attachment_18000\" aria-describedby=\"caption-attachment-18000\" style=\"width: 300px\" class=\"wp-caption alignleft\"><a href=\"http:\/\/www.eltrabajo.cl\/portal\/2012\/05\/unos-3-000-usuarios-del-apr-de-guzmanes-podrian-quedar-sin-agua\/sara-gomez-presidenta-comite-apr\/\" rel=\"attachment wp-att-18000\"><img data-recalc-dims=\"1\" loading=\"lazy\" decoding=\"async\" class=\"size-medium wp-image-18000\" title=\"sara gomez presidenta comite apr\" src=\"https:\/\/i0.wp.com\/www.eltrabajo.cl\/portal\/wp-content\/uploads\/2012\/05\/sara-gomez-presidenta-comite-apr-300x225.jpg?resize=300%2C225\" alt=\"\" width=\"300\" height=\"225\" srcset=\"https:\/\/i0.wp.com\/eltrabajo.cl\/portal\/wp-content\/uploads\/2012\/05\/sara-gomez-presidenta-comite-apr.jpg?resize=300%2C225&amp;ssl=1 300w, https:\/\/i0.wp.com\/eltrabajo.cl\/portal\/wp-content\/uploads\/2012\/05\/sara-gomez-presidenta-comite-apr.jpg?resize=200%2C150&amp;ssl=1 200w, https:\/\/i0.wp.com\/eltrabajo.cl\/portal\/wp-content\/uploads\/2012\/05\/sara-gomez-presidenta-comite-apr.jpg?resize=150%2C112&amp;ssl=1 150w, https:\/\/i0.wp.com\/eltrabajo.cl\/portal\/wp-content\/uploads\/2012\/05\/sara-gomez-presidenta-comite-apr.jpg?resize=400%2C300&amp;ssl=1 400w, https:\/\/i0.wp.com\/eltrabajo.cl\/portal\/wp-content\/uploads\/2012\/05\/sara-gomez-presidenta-comite-apr.jpg?w=600&amp;ssl=1 600w\" sizes=\"auto, (max-width: 300px) 100vw, 300px\" \/><\/a><figcaption id=\"caption-attachment-18000\" class=\"wp-caption-text\">La presidenta del APR de Guzmanes, Sara G\u00f3mez, critic\u00f3 tambi\u00e9n al Director Regional de Obras Hidr\u00e1ulicas.<\/figcaption><\/figure>\n<p><strong>PUTAENDO.-<\/strong> Como una situaci\u00f3n extremadamente grave calific\u00f3 la presidenta del comit\u00e9 de Agua Potable Rural (APR) de Guzmanes, Sara G\u00f3mez, la situaci\u00f3n\u00a0 de incertidumbre que actualmente est\u00e1n viviendo y que podr\u00eda derivar en que\u00a0 cerca de 3.000 usuarios que abastece dicho comit\u00e9 podr\u00edan quedar definitivamente sin suministro del vital elemento<\/p>\n<p>La dirigente de dicho comit\u00e9 se\u00f1al\u00f3 a Diario El Trabajo que\u00a0 la gravedad de la situaci\u00f3n\u00a0 se sustenta en que actualmente\u00a0 el comit\u00e9 de agua potable mantiene un contrato que finaliza durante los pr\u00f3ximos meses con la Junta de Vigilancia del R\u00edo\u00a0 Putaendo, que vende a un precio de $30 m\u00e1s iva\u00a0\u00a0 el\u00a0 metro c\u00fabico de agua\u00a0 potabilizada, con lo que el comit\u00e9 de agua, sacando un promedio\u00a0 de 8 litros por segundo, le permite entregar un servicio relativamente aceptable.<\/p>\n<p>Sin embargo la incertidumbre\u00a0radica en que no se tiene claro\u00a0 si la Junta de Vigilancia continuar\u00e1 con el contrato, a pesar que su actual presidente, Miguel Vega, ha dado\u00a0 seguridad que se respetar\u00e1\u00a0la entrega del vital elemento al comit\u00e9, no teniendo tampoco seguridad si se mantendr\u00e1n los actuales precios o se incrementar\u00e1n. A todo ello se suma la entrada\u00a0 en operaciones del embalse que estar\u00eda destinado para riego y generaci\u00f3n de energ\u00eda, pero que en ninguna parte\u00a0se refiere a la alimentaci\u00f3n de los comit\u00e9s de agua potable que se abastecen de las aguas del r\u00edo Putaendo.<\/p>\n<p>\u201cEstamos muy preocupados porque los comit\u00e9s de agua potable y en especial el nuestro no existen en\u00a0 el proyecto del embalse Chacrillas\u00a0 y no hay seguridad que se nos siga abasteciendo,\u00a0 porque reitero, en el proyecto nunca se habla de comit\u00e9s de agua potable y no sabemos qu\u00e9 pasar\u00e1 con nuestro comit\u00e9, por lo que es urgente que las autoridades se pronuncien y hagan algo antes que el embalse est\u00e9 listo para entrar en funcionamiento,\u00a0porque la situaci\u00f3n es tan grave que incluso podr\u00edamos quedar\u00a0 sin entregar\u00a0 el servicio a\u00a0 m\u00e1s de 3.000 usuarios\u201d.<\/p>\n<p><strong>&#8211; \u00bfEs tan grave\u00a0\u00a0 la situaci\u00f3n como para pensar en esa posibilidad?<\/strong><\/p>\n<p>&#8211; \u201cAbsolutamente, ese es el gran temor que tenemos\u00a0 y al parecer a nadie le importa y hoy dependemos de la voluntad de la junta de vigilancia, que estamos seguros que nos continuar\u00e1 entregando agua, pero \u00bfqu\u00e9 pasa si el embalse entra en funciones y se los proh\u00edben o alguna comunidad se opone\u00a0 a que nos entreguen agua?. Por lo que creo es un tema\u00a0 que debe ser abordado por el Estado y con suma urgencia\u201d<\/p>\n<p>\u00a0<strong>Dura cr\u00edtica a DOH<\/strong><\/p>\n<p>Sara G\u00f3mez realiz\u00f3 una dura cr\u00edtica al Director de Obras Hidr\u00e1ulicas, \u00a0Cristian V\u00e9liz, asegurando que ya en noviembre del a\u00f1o pasado le manifestaron esta preocupaci\u00f3n y que en varias oportunidades se lo recordaron y que la autoridad regional se comprometi\u00f3 \u00a0a tomar cartas en el asunto, asegurando que si tuvieron una buena respuesta sobre las observaciones al proyecto de renovaci\u00f3n global que favorecer\u00e1 al comit\u00e9 de agua potable, pero que en el tema antes se\u00f1alado no ha habido voluntad\u00a0 del director en clarificar el tema, y que incluso el viernes pasado se comprometi\u00f3 a\u00a0 visitar la localidad de Guzmanes, pero que solo una hora antes suspendi\u00f3 inexplicablemente\u00a0 su visita generando la molestia de la directiva completa del comit\u00e9 de agua potable porque sistem\u00e1ticamente se han postergado ya varias reuniones.<\/p>\n<p>El APR de Guzmanes abastece los sectores de El T\u00e1rtaro, Lo Vicu\u00f1a y Guzmanes, y entrega agua potable a m\u00e1s de 3.000 usuarios entre los que se encuentran dos colegios, una posta rural y una sala cuna.<\/p>\n<p><strong>Patricio Gallardo M.<\/strong><\/p>\n","protected":false},"excerpt":{"rendered":"<p>PUTAENDO.- Como una situaci\u00f3n extremadamente grave calific\u00f3 la presidenta del comit\u00e9 de Agua Potable Rural (APR) de Guzmanes, Sara G\u00f3mez, la situaci\u00f3n\u00a0 de incertidumbre que actualmente est\u00e1n viviendo y que podr\u00eda derivar&#8230;<\/p>\n","protected":false},"author":482,"featured_media":18000,"comment_status":"open","ping_status":"closed","sticky":false,"template":"","format":"standard","meta":{"advanced_seo_description":"","jetpack_seo_html_title":"","jetpack_seo_noindex":false,"_jetpack_memberships_contains_paid_content":false,"footnotes":""},"categories":[15],"tags":[],"class_list":["post-17999","post","type-post","status-publish","format-standard","has-post-thumbnail","hentry","category-comunidad"],"jetpack_featured_media_url":"https:\/\/i0.wp.com\/eltrabajo.cl\/portal\/wp-content\/uploads\/2012\/05\/sara-gomez-presidenta-comite-apr.jpg?fit=600%2C451&ssl=1","jetpack_sharing_enabled":true,"jetpack_likes_enabled":true,"jetpack-related-posts":[],"_links":{"self":[{"href":"https:\/\/eltrabajo.cl\/portal\/wp-json\/wp\/v2\/posts\/17999","targetHints":{"allow":["GET"]}}],"collection":[{"href":"https:\/\/eltrabajo.cl\/portal\/wp-json\/wp\/v2\/posts"}],"about":[{"href":"https:\/\/eltrabajo.cl\/portal\/wp-json\/wp\/v2\/types\/post"}],"author":[{"embeddable":true,"href":"https:\/\/eltrabajo.cl\/portal\/wp-json\/wp\/v2\/users\/482"}],"replies":[{"embeddable":true,"href":"https:\/\/eltrabajo.cl\/portal\/wp-json\/wp\/v2\/comments?post=17999"}],"version-history":[{"count":0,"href":"https:\/\/eltrabajo.cl\/portal\/wp-json\/wp\/v2\/posts\/17999\/revisions"}],"wp:featuredmedia":[{"embeddable":true,"href":"https:\/\/eltrabajo.cl\/portal\/wp-json\/wp\/v2\/media\/18000"}],"wp:attachment":[{"href":"https:\/\/eltrabajo.cl\/portal\/wp-json\/wp\/v2\/media?parent=17999"}],"wp:term":[{"taxonomy":"category","embeddable":true,"href":"https:\/\/eltrabajo.cl\/portal\/wp-json\/wp\/v2\/categories?post=17999"},{"taxonomy":"post_tag","embeddable":true,"href":"https:\/\/eltrabajo.cl\/portal\/wp-json\/wp\/v2\/tags?post=17999"}],"curies":[{"name":"wp","href":"https:\/\/api.w.org\/{rel}","templated":true}]}}