{"id":18003,"date":"2012-05-16T09:41:35","date_gmt":"2012-05-16T13:41:35","guid":{"rendered":"http:\/\/www.eltrabajo.cl\/portal\/?p=18003"},"modified":"2012-05-16T09:41:36","modified_gmt":"2012-05-16T13:41:36","slug":"rinden-homenaje-en-su-domicilio-a-madre-mas-longeva-de-panquehue","status":"publish","type":"post","link":"https:\/\/eltrabajo.cl\/portal\/rinden-homenaje-en-su-domicilio-a-madre-mas-longeva-de-panquehue\/","title":{"rendered":"Rinden homenaje en su domicilio a madre m\u00e1s longeva de Panquehue"},"content":{"rendered":"<figure id=\"attachment_18004\" aria-describedby=\"caption-attachment-18004\" style=\"width: 600px\" class=\"wp-caption alignnone\"><a href=\"http:\/\/www.eltrabajo.cl\/portal\/2012\/05\/rinden-homenaje-en-su-domicilio-a-madre-mas-longeva-de-panquehue\/abuelita-panquehue-2\/\" rel=\"attachment wp-att-18004\"><img data-recalc-dims=\"1\" loading=\"lazy\" decoding=\"async\" class=\"size-full wp-image-18004\" title=\"Abuelita Panquehue 2\" src=\"https:\/\/i0.wp.com\/www.eltrabajo.cl\/portal\/wp-content\/uploads\/2012\/05\/Abuelita-Panquehue-2.jpg?resize=600%2C450\" alt=\"\" width=\"600\" height=\"450\" srcset=\"https:\/\/i0.wp.com\/eltrabajo.cl\/portal\/wp-content\/uploads\/2012\/05\/Abuelita-Panquehue-2.jpg?w=600&amp;ssl=1 600w, https:\/\/i0.wp.com\/eltrabajo.cl\/portal\/wp-content\/uploads\/2012\/05\/Abuelita-Panquehue-2.jpg?resize=200%2C150&amp;ssl=1 200w, https:\/\/i0.wp.com\/eltrabajo.cl\/portal\/wp-content\/uploads\/2012\/05\/Abuelita-Panquehue-2.jpg?resize=300%2C225&amp;ssl=1 300w, https:\/\/i0.wp.com\/eltrabajo.cl\/portal\/wp-content\/uploads\/2012\/05\/Abuelita-Panquehue-2.jpg?resize=150%2C112&amp;ssl=1 150w, https:\/\/i0.wp.com\/eltrabajo.cl\/portal\/wp-content\/uploads\/2012\/05\/Abuelita-Panquehue-2.jpg?resize=400%2C300&amp;ssl=1 400w\" sizes=\"auto, (max-width: 600px) 100vw, 600px\" \/><\/a><figcaption id=\"caption-attachment-18004\" class=\"wp-caption-text\">Hasta un esquinazo brindaron las visitas a la longeva abuelita.<\/figcaption><\/figure>\n<ul>\n<li><strong>Con 103 a\u00f1os de edad, la se\u00f1ora Rosa Elvira Torres Fern\u00e1ndez recibi\u00f3 la visita y el saludo del Alcalde Luis Pradenas Mor\u00e1n y su se\u00f1ora para el D\u00eda de la Mam\u00e1.<\/strong><\/li>\n<\/ul>\n<p><strong>PANQUEHUE.-<\/strong> Con la finalidad de rendirle un gran homenaje, el jefe comunal de Panquehue, Luis Pradenas, visit\u00f3 en su casa a la se\u00f1ora Rosa Elvira Torres Fern\u00e1ndez, que a sus 103 a\u00f1os vive con una de sus hijas en la poblaci\u00f3n H\u00e9roes de la Concepci\u00f3n, a quien se le obsequi\u00f3 un buqu\u00e9 de rosas adem\u00e1s de un galvano y una torta.<\/p>\n<p>El edil junto a su se\u00f1ora y la presidenta de la junta de vecinos H\u00e9roes de la Concepci\u00f3n, compartieron con la se\u00f1ora Rosa un momento agradable, donde adem\u00e1s ni\u00f1os de la comuna rindieron un esquinazo a la madre de cuatro hijos y que naci\u00f3 el 2 de febrero de 1909. Hoy a sus 103 a\u00f1os, la se\u00f1ora Rosa se encuentra l\u00facida y es cuidada por su hija Adriana Vega Torres.<\/p>\n<figure id=\"attachment_18005\" aria-describedby=\"caption-attachment-18005\" style=\"width: 197px\" class=\"wp-caption alignright\"><a href=\"http:\/\/www.eltrabajo.cl\/portal\/2012\/05\/rinden-homenaje-en-su-domicilio-a-madre-mas-longeva-de-panquehue\/abuelita-panquehue-1\/\" rel=\"attachment wp-att-18005\"><img data-recalc-dims=\"1\" loading=\"lazy\" decoding=\"async\" class=\"size-medium wp-image-18005 \" title=\"Abuelita Panquehue 1\" src=\"https:\/\/i0.wp.com\/www.eltrabajo.cl\/portal\/wp-content\/uploads\/2012\/05\/Abuelita-Panquehue-1-281x300.jpg?resize=197%2C210\" alt=\"\" width=\"197\" height=\"210\" srcset=\"https:\/\/i0.wp.com\/eltrabajo.cl\/portal\/wp-content\/uploads\/2012\/05\/Abuelita-Panquehue-1.jpg?resize=281%2C300&amp;ssl=1 281w, https:\/\/i0.wp.com\/eltrabajo.cl\/portal\/wp-content\/uploads\/2012\/05\/Abuelita-Panquehue-1.jpg?resize=140%2C150&amp;ssl=1 140w, https:\/\/i0.wp.com\/eltrabajo.cl\/portal\/wp-content\/uploads\/2012\/05\/Abuelita-Panquehue-1.jpg?resize=400%2C425&amp;ssl=1 400w, https:\/\/i0.wp.com\/eltrabajo.cl\/portal\/wp-content\/uploads\/2012\/05\/Abuelita-Panquehue-1.jpg?w=962&amp;ssl=1 962w\" sizes=\"auto, (max-width: 197px) 100vw, 197px\" \/><\/a><figcaption id=\"caption-attachment-18005\" class=\"wp-caption-text\">Rosa Elvira Torres Fern\u00e1ndez, a sus 103 a\u00f1os se encuentra totalmente l\u00facida y fue saludada por el alcalde en el D\u00eda de la Madre.<\/figcaption><\/figure>\n<p>En tanto, el pasado viernes a teatro lleno la comunidad celebr\u00f3 a todas las madres de la comuna con un acto donde los diferentes Centros de madres homenajearon a sus socias. Posteriormente vino un show art\u00edstico que se extendi\u00f3 por casi dos horas, donde las mam\u00e1s de la comuna recordaron canciones y participaron de diferentes concursos.<\/p>\n<p>\u00abEl cari\u00f1o de una madre simplemente no se puede medir. Las mam\u00e1s de Panquehue son fuertes y trabajadoras, es por eso que quisimos rendirle este homenaje a ellas para que tengan un tiempo de esparcimiento y se olviden de sus quehaceres por algunos minutos\u00bb, expres\u00f3 el alcalde Luis Pradenas.<\/p>\n<p>La jornada termin\u00f3 pasada las 22:00 horas, donde las madres por tercer a\u00f1o consecutivo pudieron tener un espacio para celebrar su d\u00eda.<\/p>\n","protected":false},"excerpt":{"rendered":"<p>Con 103 a\u00f1os de edad, la se\u00f1ora Rosa Elvira Torres Fern\u00e1ndez recibi\u00f3 la visita y el saludo del Alcalde Luis Pradenas Mor\u00e1n y su se\u00f1ora para el D\u00eda de la Mam\u00e1. PANQUEHUE.-&#8230;<\/p>\n","protected":false},"author":482,"featured_media":18004,"comment_status":"open","ping_status":"closed","sticky":false,"template":"","format":"standard","meta":{"advanced_seo_description":"","jetpack_seo_html_title":"","jetpack_seo_noindex":false,"_jetpack_memberships_contains_paid_content":false,"footnotes":""},"categories":[15],"tags":[],"class_list":["post-18003","post","type-post","status-publish","format-standard","has-post-thumbnail","hentry","category-comunidad"],"jetpack_featured_media_url":"https:\/\/i0.wp.com\/eltrabajo.cl\/portal\/wp-content\/uploads\/2012\/05\/Abuelita-Panquehue-2.jpg?fit=600%2C450&ssl=1","jetpack_sharing_enabled":true,"jetpack_likes_enabled":true,"jetpack-related-posts":[],"_links":{"self":[{"href":"https:\/\/eltrabajo.cl\/portal\/wp-json\/wp\/v2\/posts\/18003","targetHints":{"allow":["GET"]}}],"collection":[{"href":"https:\/\/eltrabajo.cl\/portal\/wp-json\/wp\/v2\/posts"}],"about":[{"href":"https:\/\/eltrabajo.cl\/portal\/wp-json\/wp\/v2\/types\/post"}],"author":[{"embeddable":true,"href":"https:\/\/eltrabajo.cl\/portal\/wp-json\/wp\/v2\/users\/482"}],"replies":[{"embeddable":true,"href":"https:\/\/eltrabajo.cl\/portal\/wp-json\/wp\/v2\/comments?post=18003"}],"version-history":[{"count":0,"href":"https:\/\/eltrabajo.cl\/portal\/wp-json\/wp\/v2\/posts\/18003\/revisions"}],"wp:featuredmedia":[{"embeddable":true,"href":"https:\/\/eltrabajo.cl\/portal\/wp-json\/wp\/v2\/media\/18004"}],"wp:attachment":[{"href":"https:\/\/eltrabajo.cl\/portal\/wp-json\/wp\/v2\/media?parent=18003"}],"wp:term":[{"taxonomy":"category","embeddable":true,"href":"https:\/\/eltrabajo.cl\/portal\/wp-json\/wp\/v2\/categories?post=18003"},{"taxonomy":"post_tag","embeddable":true,"href":"https:\/\/eltrabajo.cl\/portal\/wp-json\/wp\/v2\/tags?post=18003"}],"curies":[{"name":"wp","href":"https:\/\/api.w.org\/{rel}","templated":true}]}}