{"id":18010,"date":"2012-05-16T09:44:40","date_gmt":"2012-05-16T13:44:40","guid":{"rendered":"http:\/\/www.eltrabajo.cl\/portal\/?p=18010"},"modified":"2012-05-16T09:44:40","modified_gmt":"2012-05-16T13:44:40","slug":"cesfam-curimon-implementa-posta-rural-de-atencion-medica-en-bucalemu","status":"publish","type":"post","link":"https:\/\/eltrabajo.cl\/portal\/cesfam-curimon-implementa-posta-rural-de-atencion-medica-en-bucalemu\/","title":{"rendered":"Cesfam Curim\u00f3n implementa posta rural de atenci\u00f3n m\u00e9dica en Bucalemu"},"content":{"rendered":"<figure id=\"attachment_18011\" aria-describedby=\"caption-attachment-18011\" style=\"width: 600px\" class=\"wp-caption alignnone\"><a href=\"http:\/\/www.eltrabajo.cl\/portal\/2012\/05\/cesfam-curimon-implementa-posta-rural-de-atencion-medica-en-bucalemu\/posta-rural-2\/\" rel=\"attachment wp-att-18011\"><img data-recalc-dims=\"1\" loading=\"lazy\" decoding=\"async\" class=\"size-full wp-image-18011\" title=\"posta rural (2)\" src=\"https:\/\/i0.wp.com\/www.eltrabajo.cl\/portal\/wp-content\/uploads\/2012\/05\/posta-rural-2.jpg?resize=600%2C450\" alt=\"\" width=\"600\" height=\"450\" srcset=\"https:\/\/i0.wp.com\/eltrabajo.cl\/portal\/wp-content\/uploads\/2012\/05\/posta-rural-2.jpg?w=600&amp;ssl=1 600w, https:\/\/i0.wp.com\/eltrabajo.cl\/portal\/wp-content\/uploads\/2012\/05\/posta-rural-2.jpg?resize=200%2C150&amp;ssl=1 200w, https:\/\/i0.wp.com\/eltrabajo.cl\/portal\/wp-content\/uploads\/2012\/05\/posta-rural-2.jpg?resize=300%2C225&amp;ssl=1 300w, https:\/\/i0.wp.com\/eltrabajo.cl\/portal\/wp-content\/uploads\/2012\/05\/posta-rural-2.jpg?resize=150%2C112&amp;ssl=1 150w, https:\/\/i0.wp.com\/eltrabajo.cl\/portal\/wp-content\/uploads\/2012\/05\/posta-rural-2.jpg?resize=400%2C300&amp;ssl=1 400w\" sizes=\"auto, (max-width: 600px) 100vw, 600px\" \/><\/a><figcaption id=\"caption-attachment-18011\" class=\"wp-caption-text\">Los vecinos del sector de Bucalemu reciben la atenci\u00f3n m\u00e9dica directamente en este lugar, gracias a una iniciativa llevada adelante por el Cesfam Curim\u00f3n.<\/figcaption><\/figure>\n<p>Con el objetivo de poder acercar la atenci\u00f3n primaria a las distintas localidades, el Cesfam Curim\u00f3n habilit\u00f3 una posta rural en el sector de Bucalemu.<\/p>\n<p>Precisamente el Cesfam de Curim\u00f3n entrega atenci\u00f3n en salud a localidades bastantes dispersas y a pesar que existe locomoci\u00f3n hacia ese lugar, el acceso se hace bastante complejo para los vecinos, ya que varios deben tomar hasta tres locomociones para llegar hasta ese lugar, con el consiguiente costo econ\u00f3mico.<\/p>\n<p>Es por ello que este centro asistencial habilit\u00f3 en la sede social del sector de Bucalemu, una posta rural que entrega especialmente atenci\u00f3n m\u00e9dica, con una marcha blanca que comenz\u00f3 en el mes de marzo y que se extender\u00e1 hasta el mes de noviembre, atenci\u00f3n que se estableci\u00f3 realizar todos los a\u00f1os.<\/p>\n<p>\u201cDentro del tiempo que estamos haciendo esto, en la posta tenemos alrededor de 136 personas atendidas, donde casi entre el 45 y 50 por ciento de lo atendido tiene que ver con morbilidad, pero no solamente estamos trayendo m\u00e9dicos, sino que tambi\u00e9n estamos movilizando a los profesionales que hacen control de los distintos programas, y aqu\u00ed tenemos enfermera, matr\u00f3n, tambi\u00e9n las visitas domiciliarias se tratan de sectorizar para el d\u00eda de nuestra ronda\u201d, se\u00f1al\u00f3 la directora del Cesfam Curim\u00f3n, Jeny Henr\u00edquez.<\/p>\n<p>Adem\u00e1s en ese lugar atienden un asistente social, una pod\u00f3loga y un psic\u00f3logo, quienes dan al paciente una atenci\u00f3n integral, lugar donde adem\u00e1s se hace entrega de medicamentos, se realizan solicitud de ex\u00e1menes e interconsultas. Adem\u00e1s se realizan controles de embarazadas, ni\u00f1os y adultos mayores, as\u00ed como la entrega de leche.<\/p>\n<p>Seg\u00fan explic\u00f3 adem\u00e1s Henr\u00edquez, el trabajo de las juntas de vecinos ha sido clave en el \u00e9xito de esta iniciativa, ya que a trav\u00e9s de sus presidentas se ha podido coordinar las citaciones al m\u00e9dico para los vecinos.<\/p>\n<p>La instalaci\u00f3n de esta posta era un anhelo de hace tiempo de los vecinos, quienes plantearon la necesidad de descentralizar el Cesfam a las autoridades.<\/p>\n<p>\u201cEsto ha sido una experiencia motivadora, yo creo que los vecinos son los que est\u00e1n gozando esta nueva alternativa de poder tener un servicio de salud mucho m\u00e1s cercano a la gente\u201d, se\u00f1al\u00f3 el Alcalde Jaime Amar.<\/p>\n<p>Precisamente Viviana Meneses, presidenta del grupo de adulto mayor de Bucalemu, destac\u00f3 la iniciativa se\u00f1alando que \u201cantes nos control\u00e1bamos en Curim\u00f3n, pero siempre hab\u00eda problemas con la locomoci\u00f3n, y a veces no nos coincid\u00eda el horario de la micro, tanto para ir como para volver, porque hab\u00eda que irse a San Felipe para tomar locomoci\u00f3n, en cambio aqu\u00ed lo tenemos todo. Muy bien atendidos, tenemos m\u00e9dicos, matrona, nutricionista, psic\u00f3logo, ahora se incorpor\u00f3 pod\u00f3logo, as\u00ed que estamos muy bien\u201d.<\/p>\n<p>Seg\u00fan se\u00f1ala la dirigenta, desde que se habilit\u00f3 la iniciativa han ido aumentando las atenciones de los vecinos del sector, los que son atendidos en la sede comunitaria, siendo m\u00e1s de tres mil las personas beneficiadas.<\/p>\n","protected":false},"excerpt":{"rendered":"<p>Con el objetivo de poder acercar la atenci\u00f3n primaria a las distintas localidades, el Cesfam Curim\u00f3n habilit\u00f3 una posta rural en el sector de Bucalemu. Precisamente el Cesfam de Curim\u00f3n entrega atenci\u00f3n&#8230;<\/p>\n","protected":false},"author":482,"featured_media":18011,"comment_status":"open","ping_status":"closed","sticky":false,"template":"","format":"standard","meta":{"advanced_seo_description":"","jetpack_seo_html_title":"","jetpack_seo_noindex":false,"_jetpack_memberships_contains_paid_content":false,"footnotes":""},"categories":[1],"tags":[],"class_list":["post-18010","post","type-post","status-publish","format-standard","has-post-thumbnail","hentry","category-cronica"],"jetpack_featured_media_url":"https:\/\/i0.wp.com\/eltrabajo.cl\/portal\/wp-content\/uploads\/2012\/05\/posta-rural-2.jpg?fit=600%2C450&ssl=1","jetpack_sharing_enabled":true,"jetpack_likes_enabled":true,"jetpack-related-posts":[],"_links":{"self":[{"href":"https:\/\/eltrabajo.cl\/portal\/wp-json\/wp\/v2\/posts\/18010","targetHints":{"allow":["GET"]}}],"collection":[{"href":"https:\/\/eltrabajo.cl\/portal\/wp-json\/wp\/v2\/posts"}],"about":[{"href":"https:\/\/eltrabajo.cl\/portal\/wp-json\/wp\/v2\/types\/post"}],"author":[{"embeddable":true,"href":"https:\/\/eltrabajo.cl\/portal\/wp-json\/wp\/v2\/users\/482"}],"replies":[{"embeddable":true,"href":"https:\/\/eltrabajo.cl\/portal\/wp-json\/wp\/v2\/comments?post=18010"}],"version-history":[{"count":0,"href":"https:\/\/eltrabajo.cl\/portal\/wp-json\/wp\/v2\/posts\/18010\/revisions"}],"wp:featuredmedia":[{"embeddable":true,"href":"https:\/\/eltrabajo.cl\/portal\/wp-json\/wp\/v2\/media\/18011"}],"wp:attachment":[{"href":"https:\/\/eltrabajo.cl\/portal\/wp-json\/wp\/v2\/media?parent=18010"}],"wp:term":[{"taxonomy":"category","embeddable":true,"href":"https:\/\/eltrabajo.cl\/portal\/wp-json\/wp\/v2\/categories?post=18010"},{"taxonomy":"post_tag","embeddable":true,"href":"https:\/\/eltrabajo.cl\/portal\/wp-json\/wp\/v2\/tags?post=18010"}],"curies":[{"name":"wp","href":"https:\/\/api.w.org\/{rel}","templated":true}]}}