{"id":18014,"date":"2012-05-16T09:51:18","date_gmt":"2012-05-16T13:51:18","guid":{"rendered":"http:\/\/www.eltrabajo.cl\/portal\/?p=18014"},"modified":"2012-05-16T09:51:18","modified_gmt":"2012-05-16T13:51:18","slug":"dejo-de-trabajar-fabricando-vinos-para-convertirse-en-sepulturero","status":"publish","type":"post","link":"https:\/\/eltrabajo.cl\/portal\/dejo-de-trabajar-fabricando-vinos-para-convertirse-en-sepulturero\/","title":{"rendered":"Dej\u00f3 de trabajar fabricando vinos para convertirse en sepulturero"},"content":{"rendered":"<figure id=\"attachment_18015\" aria-describedby=\"caption-attachment-18015\" style=\"width: 600px\" class=\"wp-caption alignnone\"><a href=\"http:\/\/www.eltrabajo.cl\/portal\/2012\/05\/dejo-de-trabajar-fabricando-vinos-para-convertirse-en-sepulturero\/palada1\/\" rel=\"attachment wp-att-18015\"><img data-recalc-dims=\"1\" loading=\"lazy\" decoding=\"async\" class=\"size-full wp-image-18015\" title=\"Palada1\" src=\"https:\/\/i0.wp.com\/www.eltrabajo.cl\/portal\/wp-content\/uploads\/2012\/05\/Palada1.jpg?resize=600%2C450\" alt=\"\" width=\"600\" height=\"450\" srcset=\"https:\/\/i0.wp.com\/eltrabajo.cl\/portal\/wp-content\/uploads\/2012\/05\/Palada1.jpg?w=600&amp;ssl=1 600w, https:\/\/i0.wp.com\/eltrabajo.cl\/portal\/wp-content\/uploads\/2012\/05\/Palada1.jpg?resize=200%2C150&amp;ssl=1 200w, https:\/\/i0.wp.com\/eltrabajo.cl\/portal\/wp-content\/uploads\/2012\/05\/Palada1.jpg?resize=300%2C225&amp;ssl=1 300w, https:\/\/i0.wp.com\/eltrabajo.cl\/portal\/wp-content\/uploads\/2012\/05\/Palada1.jpg?resize=150%2C112&amp;ssl=1 150w, https:\/\/i0.wp.com\/eltrabajo.cl\/portal\/wp-content\/uploads\/2012\/05\/Palada1.jpg?resize=400%2C300&amp;ssl=1 400w\" sizes=\"auto, (max-width: 600px) 100vw, 600px\" \/><\/a><figcaption id=\"caption-attachment-18015\" class=\"wp-caption-text\">Cada hueco debe ser hecho con pala, este cementerio tiene m\u00e1s de 5.000 tumbas y dif\u00edcilmente podr\u00eda operar tractor u otra maquinaria.<\/figcaption><\/figure>\n<p>Roberto Gonz\u00e1lez Short &#8211; <a href=\"mailto:rgonzalez@eltrabajo.cl\">rgonzalez@eltrabajo.cl<\/a><\/p>\n<p><strong>SANTA MAR\u00cdA.-<\/strong> Muy pocos oficios en la vida nos pueden permitir aprender tanto de la naturaleza humana y del valor de la vida, como el que ejerce Ram\u00f3n Gustavo Tapia Rubillo, un hombre de 40 a\u00f1os, que cambi\u00f3 su trabajo en una f\u00e1brica de vinos, al de sepulturero a tiempo completo. Atr\u00e1s quedaron pues, las catas de los mejores vinos que realizara por once a\u00f1os en \u2018La Casona\u2019 del finado Luis Ibaceta y se convirtiera en el \u2018Sepulturero oficial\u2019 del Cementerio Parroquial de la comuna.<\/p>\n<p><strong>&#8211; \u00bfHace cu\u00e1nto aprendi\u00f3 el oficio de sepulturero?<\/strong><\/p>\n<p>&#8211; \u201cYo me inici\u00e9 como ayudante de sepulturero en 2003 aqu\u00ed en Santa Mar\u00eda, con Darwin Silva, el encargado de aquellos a\u00f1os. Aprend\u00ed a realizar el manejo de todo el Protocolo que Salud exige para el manejo de los restos humanos en un cementerio\u201d.<\/p>\n<p><strong>&#8211; \u00bfA qu\u00e9 \u2018Protocolo de Salud\u2019 se refiere?<\/strong><\/p>\n<p>&#8211; \u201cBueno, a que la excavaci\u00f3n debe realizarse hasta una profundidad de 2.20 metros; 80 cm. de ancho por 2.10 metros de largo. Tambi\u00e9n hay que saber que se deben colocar varias coronas de flores sobre el caj\u00f3n al momento de que la primera tierra caiga, esto porque los ruidos contra la madera estremecen a los presentes, por su sonido \u2018hueco\u2019 que afecta a los dolientes\u201d.<\/p>\n<figure id=\"attachment_18016\" aria-describedby=\"caption-attachment-18016\" style=\"width: 300px\" class=\"wp-caption alignright\"><a href=\"http:\/\/www.eltrabajo.cl\/portal\/2012\/05\/dejo-de-trabajar-fabricando-vinos-para-convertirse-en-sepulturero\/veteranos1\/\" rel=\"attachment wp-att-18016\"><img data-recalc-dims=\"1\" loading=\"lazy\" decoding=\"async\" class=\"size-medium wp-image-18016\" title=\"Veteranos1\" src=\"https:\/\/i0.wp.com\/www.eltrabajo.cl\/portal\/wp-content\/uploads\/2012\/05\/Veteranos1-300x225.jpg?resize=300%2C225\" alt=\"\" width=\"300\" height=\"225\" srcset=\"https:\/\/i0.wp.com\/eltrabajo.cl\/portal\/wp-content\/uploads\/2012\/05\/Veteranos1.jpg?resize=300%2C225&amp;ssl=1 300w, https:\/\/i0.wp.com\/eltrabajo.cl\/portal\/wp-content\/uploads\/2012\/05\/Veteranos1.jpg?resize=200%2C150&amp;ssl=1 200w, https:\/\/i0.wp.com\/eltrabajo.cl\/portal\/wp-content\/uploads\/2012\/05\/Veteranos1.jpg?resize=150%2C112&amp;ssl=1 150w, https:\/\/i0.wp.com\/eltrabajo.cl\/portal\/wp-content\/uploads\/2012\/05\/Veteranos1.jpg?resize=400%2C300&amp;ssl=1 400w, https:\/\/i0.wp.com\/eltrabajo.cl\/portal\/wp-content\/uploads\/2012\/05\/Veteranos1.jpg?w=600&amp;ssl=1 600w\" sizes=\"auto, (max-width: 300px) 100vw, 300px\" \/><\/a><figcaption id=\"caption-attachment-18016\" class=\"wp-caption-text\">Luis Silva y Juan Mill\u00f3n, son veteranos empleados del Cementerio Parroquial de Santa Mar\u00eda. Ellos se encargan de construir y reparar las b\u00f3vedas de este camposanto.<\/figcaption><\/figure>\n<p><strong>&#8211; \u00bfQu\u00e9 debe tener una persona para ser apto para este trabajo?<\/strong><\/p>\n<p>&#8211; \u201cLo que es muy importante, es conservar un gran respeto por c\u00f3mo se hacen las cosas y cu\u00e1ndo hacerlas, pero lo que es absolutamente vital para ser efectivo, es tener un est\u00f3mago fuerte, porque los olores es algo con lo que se trabaja todos los d\u00edas\u201d.<\/p>\n<p><strong>&#8211; \u00bfHa influido de alguna manera en su vida el tratar con la Muerte diariamente?<\/strong><\/p>\n<p>&#8211; \u201cEste trabajo me cambi\u00f3 la vida, ahora yo valoro m\u00e1s a las personas, busco disfrutar m\u00e1s de mi familia, aunque no soy rencoroso, aprend\u00ed a no odiar a las personas, pues todos los d\u00edas mi trabajo me demuestra que aqu\u00ed llegamos todos, ricos o pobres\u201d.<\/p>\n<p><strong>&#8211; \u00bfGana m\u00e1s un sepulturero que otra clase de empleado?<\/strong><\/p>\n<figure id=\"attachment_18017\" aria-describedby=\"caption-attachment-18017\" style=\"width: 186px\" class=\"wp-caption alignleft\"><a href=\"http:\/\/www.eltrabajo.cl\/portal\/2012\/05\/dejo-de-trabajar-fabricando-vinos-para-convertirse-en-sepulturero\/tapia1\/\" rel=\"attachment wp-att-18017\"><img data-recalc-dims=\"1\" loading=\"lazy\" decoding=\"async\" class=\"size-medium wp-image-18017 \" title=\"Tapia1\" src=\"https:\/\/i0.wp.com\/www.eltrabajo.cl\/portal\/wp-content\/uploads\/2012\/05\/Tapia1-265x300.jpg?resize=186%2C210\" alt=\"\" width=\"186\" height=\"210\" srcset=\"https:\/\/i0.wp.com\/eltrabajo.cl\/portal\/wp-content\/uploads\/2012\/05\/Tapia1.jpg?resize=265%2C300&amp;ssl=1 265w, https:\/\/i0.wp.com\/eltrabajo.cl\/portal\/wp-content\/uploads\/2012\/05\/Tapia1.jpg?resize=132%2C150&amp;ssl=1 132w, https:\/\/i0.wp.com\/eltrabajo.cl\/portal\/wp-content\/uploads\/2012\/05\/Tapia1.jpg?resize=400%2C451&amp;ssl=1 400w, https:\/\/i0.wp.com\/eltrabajo.cl\/portal\/wp-content\/uploads\/2012\/05\/Tapia1.jpg?w=907&amp;ssl=1 907w\" sizes=\"auto, (max-width: 186px) 100vw, 186px\" \/><\/a><figcaption id=\"caption-attachment-18017\" class=\"wp-caption-text\">Ram\u00f3n Gustavo Tapia Rubillo, sepulturero de Santa Mar\u00eda.<\/figcaption><\/figure>\n<p>&#8211; \u201cYo gano lo mismo que gana cualquier persona en otros trabajos, no existe ning\u00fan monto especial, sin embargo, regularmente los familiares de las personas que recibimos para sepultar, discretamente nos regalan alguna platita, a\u00fan as\u00ed, no pedimos a nadie nada, pues tenemos nuestro salario\u201d.<\/p>\n<p><strong>&#8211; \u00bfCu\u00e1l es la parte m\u00e1s dif\u00edcil de su trabajo?<\/strong><\/p>\n<p>\u201cLo m\u00e1s duro para m\u00ed, es tener que enterrar a mis propios amigos, a\u00fan no entierro a mis familiares, eso en verdad que me afecta, pues soy un ser humano como todos y cuando debo llorar, lo hago pero no delante de las personas que asisten a este amargo momento\u201d.<\/p>\n<p>Seg\u00fan lo reportado por Tapia, los cuerpos permanecen por unos ocho a\u00f1os antes de que se practique la Reducci\u00f3n a los restos, todo lo que son restos de ropa, vidrio, pl\u00e1stico y madera, son depositados en una b\u00f3veda que permanece cerrada con llave.<\/p>\n<p>Este hombre oriundo de Cabildo, asegur\u00f3 a Diario El Trabajo que su labor no es solitaria, pues trabaja tambi\u00e9n con los encargados de construir las b\u00f3vedas dentro del camposanto.<\/p>\n","protected":false},"excerpt":{"rendered":"<p>Roberto Gonz\u00e1lez Short &#8211; rgonzalez@eltrabajo.cl SANTA MAR\u00cdA.- Muy pocos oficios en la vida nos pueden permitir aprender tanto de la naturaleza humana y del valor de la vida, como el que ejerce&#8230;<\/p>\n","protected":false},"author":482,"featured_media":18015,"comment_status":"open","ping_status":"closed","sticky":false,"template":"","format":"standard","meta":{"advanced_seo_description":"","jetpack_seo_html_title":"","jetpack_seo_noindex":false,"_jetpack_memberships_contains_paid_content":false,"footnotes":""},"categories":[15],"tags":[],"class_list":["post-18014","post","type-post","status-publish","format-standard","has-post-thumbnail","hentry","category-comunidad"],"jetpack_featured_media_url":"https:\/\/i0.wp.com\/eltrabajo.cl\/portal\/wp-content\/uploads\/2012\/05\/Palada1.jpg?fit=600%2C450&ssl=1","jetpack_sharing_enabled":true,"jetpack_likes_enabled":true,"jetpack-related-posts":[],"_links":{"self":[{"href":"https:\/\/eltrabajo.cl\/portal\/wp-json\/wp\/v2\/posts\/18014","targetHints":{"allow":["GET"]}}],"collection":[{"href":"https:\/\/eltrabajo.cl\/portal\/wp-json\/wp\/v2\/posts"}],"about":[{"href":"https:\/\/eltrabajo.cl\/portal\/wp-json\/wp\/v2\/types\/post"}],"author":[{"embeddable":true,"href":"https:\/\/eltrabajo.cl\/portal\/wp-json\/wp\/v2\/users\/482"}],"replies":[{"embeddable":true,"href":"https:\/\/eltrabajo.cl\/portal\/wp-json\/wp\/v2\/comments?post=18014"}],"version-history":[{"count":0,"href":"https:\/\/eltrabajo.cl\/portal\/wp-json\/wp\/v2\/posts\/18014\/revisions"}],"wp:featuredmedia":[{"embeddable":true,"href":"https:\/\/eltrabajo.cl\/portal\/wp-json\/wp\/v2\/media\/18015"}],"wp:attachment":[{"href":"https:\/\/eltrabajo.cl\/portal\/wp-json\/wp\/v2\/media?parent=18014"}],"wp:term":[{"taxonomy":"category","embeddable":true,"href":"https:\/\/eltrabajo.cl\/portal\/wp-json\/wp\/v2\/categories?post=18014"},{"taxonomy":"post_tag","embeddable":true,"href":"https:\/\/eltrabajo.cl\/portal\/wp-json\/wp\/v2\/tags?post=18014"}],"curies":[{"name":"wp","href":"https:\/\/api.w.org\/{rel}","templated":true}]}}