{"id":18051,"date":"2012-05-17T09:21:43","date_gmt":"2012-05-17T13:21:43","guid":{"rendered":"http:\/\/www.eltrabajo.cl\/portal\/?p=18051"},"modified":"2012-05-17T09:21:43","modified_gmt":"2012-05-17T13:21:43","slug":"cerca-de-cien-lideres-de-organizaciones-de-adultos-mayores-de-la-provincia-de-san-felipe-fueron-capacitados-por-senama","status":"publish","type":"post","link":"https:\/\/eltrabajo.cl\/portal\/cerca-de-cien-lideres-de-organizaciones-de-adultos-mayores-de-la-provincia-de-san-felipe-fueron-capacitados-por-senama\/","title":{"rendered":"Cerca de cien l\u00edderes de organizaciones de adultos mayores de la provincia de San Felipe fueron capacitados por SENAMA"},"content":{"rendered":"<figure id=\"attachment_18052\" aria-describedby=\"caption-attachment-18052\" style=\"width: 600px\" class=\"wp-caption alignnone\"><a href=\"http:\/\/www.eltrabajo.cl\/portal\/2012\/05\/cerca-de-cien-lideres-de-organizaciones-de-adultos-mayores-de-la-provincia-de-san-felipe-fueron-capacitados-por-senama\/escuela-san-felipe-02\/\" rel=\"attachment wp-att-18052\"><img data-recalc-dims=\"1\" loading=\"lazy\" decoding=\"async\" class=\"size-full wp-image-18052\" title=\"ESCUELA SAN FELIPE 02\" src=\"https:\/\/i0.wp.com\/www.eltrabajo.cl\/portal\/wp-content\/uploads\/2012\/05\/ESCUELA-SAN-FELIPE-02.jpg?resize=600%2C450\" alt=\"\" width=\"600\" height=\"450\" srcset=\"https:\/\/i0.wp.com\/eltrabajo.cl\/portal\/wp-content\/uploads\/2012\/05\/ESCUELA-SAN-FELIPE-02.jpg?w=600&amp;ssl=1 600w, https:\/\/i0.wp.com\/eltrabajo.cl\/portal\/wp-content\/uploads\/2012\/05\/ESCUELA-SAN-FELIPE-02.jpg?resize=200%2C150&amp;ssl=1 200w, https:\/\/i0.wp.com\/eltrabajo.cl\/portal\/wp-content\/uploads\/2012\/05\/ESCUELA-SAN-FELIPE-02.jpg?resize=300%2C225&amp;ssl=1 300w, https:\/\/i0.wp.com\/eltrabajo.cl\/portal\/wp-content\/uploads\/2012\/05\/ESCUELA-SAN-FELIPE-02.jpg?resize=150%2C112&amp;ssl=1 150w, https:\/\/i0.wp.com\/eltrabajo.cl\/portal\/wp-content\/uploads\/2012\/05\/ESCUELA-SAN-FELIPE-02.jpg?resize=400%2C300&amp;ssl=1 400w\" sizes=\"auto, (max-width: 600px) 100vw, 600px\" \/><\/a><figcaption id=\"caption-attachment-18052\" class=\"wp-caption-text\">Alrededor de un centenar de dirigentes y l\u00edderes de los diferentes clubes de adulto mayor de la provincia de San Felipe, participaron de la jornada de capacitaci\u00f3n.<\/figcaption><\/figure>\n<p>La iniciativa forma parte de las Escuelas de Formaci\u00f3n de Dirigentes de Organizaciones de Mayores que realiza el Servicio Nacional del Adulto Mayor en todas las provincias de la regi\u00f3n de Valpara\u00edso.<\/p>\n<p>Cerca de un centenar de presidentes y representantes de organizaciones de adultos mayores de la provincia de San Felipe participaron de la primera Escuela de Formaci\u00f3n de Dirigentes de Organizaciones de mayores, iniciativa organizada por el Servicio Nacional del Adulto Mayor (SENAMA), con el apoyo de la Gobernaci\u00f3n Provincial.<\/p>\n<p>La escuela para dirigentes es un programa que forma a l\u00edderes y que desarrolla las competencias de los dirigentes y el acceso a la informaci\u00f3n, posibilitando as\u00ed la inclusi\u00f3n y participaci\u00f3n activa de este grupo.<\/p>\n<p>Estas jornadas constituyen un espacio de informaci\u00f3n sobre derechos y oferta p\u00fablica, as\u00ed como de encuentro y participaci\u00f3n, posibilitando llegar a dirigentes de adultos mayores de todas las provincias.<\/p>\n<p>En la Escuela de San Felipe estuvieron presentes la Gobernadora Patricia Boffa, la Coordinadora Regional del SENAMA, Ana Eugenia Garc\u00eda, y el alcalde de San Felipe, Jaime Amar, quienes compartieron con los presentes.<\/p>\n<p>En esta versi\u00f3n de la iniciativa se trataron temas como el rol del dirigente, oratoria y preparaci\u00f3n del discurso, y previsi\u00f3n social, temas que fueron escogidos a comienzos de a\u00f1o por los propios adultos mayores.<\/p>\n<p>Al respecto la Coordinadora Regional del SENAMA, Ana Eugenia Garc\u00eda, indic\u00f3 que \u00abcomo Servicio estamos muy contentos porque ha aumentado la cantidad de adultos mayores que quieren participar en estos talleres; hace dos a\u00f1os eran menos las personas que participaban, pero ahora tenemos un encuentro con cerca de 100 dirigentes. La regi\u00f3n es una zona envejecida, pero con muchas ganas de formar l\u00edderes, los adultos mayores est\u00e1n m\u00e1s empoderados, quieren aprender y entender los beneficios que les entrega el Estado y como ser un buen l\u00edder, a trav\u00e9s de distintos talleres\u00bb.<\/p>\n<p>En las jornadas provinciales se promueve el intercambio de experiencias y el di\u00e1logo entre los mayores participantes, se busca habilitar a los participantes para que difundan la informaci\u00f3n entregada y la compartan con un n\u00famero cada vez mayor de personas mayores organizadas y no organizadas.<\/p>\n<p>S\u00f3lo durante el a\u00f1o 2011 se desasrrollaron 50 jornadas provinciales en todo chile y 15 jornadas regionales por el derecho a saber, capacitando a cerca de 700 organizaciones en la regi\u00f3n de Valpara\u00edso.<\/p>\n","protected":false},"excerpt":{"rendered":"<p>La iniciativa forma parte de las Escuelas de Formaci\u00f3n de Dirigentes de Organizaciones de Mayores que realiza el Servicio Nacional del Adulto Mayor en todas las provincias de la regi\u00f3n de Valpara\u00edso&#8230;.<\/p>\n","protected":false},"author":482,"featured_media":18052,"comment_status":"open","ping_status":"closed","sticky":false,"template":"","format":"standard","meta":{"advanced_seo_description":"","jetpack_seo_html_title":"","jetpack_seo_noindex":false,"_jetpack_memberships_contains_paid_content":false,"footnotes":""},"categories":[1],"tags":[],"class_list":["post-18051","post","type-post","status-publish","format-standard","has-post-thumbnail","hentry","category-cronica"],"jetpack_featured_media_url":"https:\/\/i0.wp.com\/eltrabajo.cl\/portal\/wp-content\/uploads\/2012\/05\/ESCUELA-SAN-FELIPE-02.jpg?fit=600%2C450&ssl=1","jetpack_sharing_enabled":true,"jetpack_likes_enabled":true,"jetpack-related-posts":[],"_links":{"self":[{"href":"https:\/\/eltrabajo.cl\/portal\/wp-json\/wp\/v2\/posts\/18051","targetHints":{"allow":["GET"]}}],"collection":[{"href":"https:\/\/eltrabajo.cl\/portal\/wp-json\/wp\/v2\/posts"}],"about":[{"href":"https:\/\/eltrabajo.cl\/portal\/wp-json\/wp\/v2\/types\/post"}],"author":[{"embeddable":true,"href":"https:\/\/eltrabajo.cl\/portal\/wp-json\/wp\/v2\/users\/482"}],"replies":[{"embeddable":true,"href":"https:\/\/eltrabajo.cl\/portal\/wp-json\/wp\/v2\/comments?post=18051"}],"version-history":[{"count":0,"href":"https:\/\/eltrabajo.cl\/portal\/wp-json\/wp\/v2\/posts\/18051\/revisions"}],"wp:featuredmedia":[{"embeddable":true,"href":"https:\/\/eltrabajo.cl\/portal\/wp-json\/wp\/v2\/media\/18052"}],"wp:attachment":[{"href":"https:\/\/eltrabajo.cl\/portal\/wp-json\/wp\/v2\/media?parent=18051"}],"wp:term":[{"taxonomy":"category","embeddable":true,"href":"https:\/\/eltrabajo.cl\/portal\/wp-json\/wp\/v2\/categories?post=18051"},{"taxonomy":"post_tag","embeddable":true,"href":"https:\/\/eltrabajo.cl\/portal\/wp-json\/wp\/v2\/tags?post=18051"}],"curies":[{"name":"wp","href":"https:\/\/api.w.org\/{rel}","templated":true}]}}