{"id":18068,"date":"2012-05-17T09:30:55","date_gmt":"2012-05-17T13:30:55","guid":{"rendered":"http:\/\/www.eltrabajo.cl\/portal\/?p=18068"},"modified":"2012-05-17T09:30:55","modified_gmt":"2012-05-17T13:30:55","slug":"dotan-de-agua-potable-a-vecinos-del-sector-la-orilla-de-putaendo","status":"publish","type":"post","link":"https:\/\/eltrabajo.cl\/portal\/dotan-de-agua-potable-a-vecinos-del-sector-la-orilla-de-putaendo\/","title":{"rendered":"Dotan de agua potable a vecinos del sector La Orilla de Putaendo"},"content":{"rendered":"<figure id=\"attachment_18069\" aria-describedby=\"caption-attachment-18069\" style=\"width: 600px\" class=\"wp-caption alignnone\"><a href=\"http:\/\/www.eltrabajo.cl\/portal\/2012\/05\/dotan-de-agua-potable-a-vecinos-del-sector-la-orilla-de-putaendo\/agua-potable-1\/\" rel=\"attachment wp-att-18069\"><img data-recalc-dims=\"1\" loading=\"lazy\" decoding=\"async\" class=\"size-full wp-image-18069\" title=\"Agua potable 1\" src=\"https:\/\/i0.wp.com\/www.eltrabajo.cl\/portal\/wp-content\/uploads\/2012\/05\/Agua-potable-1.jpg?resize=600%2C400\" alt=\"\" width=\"600\" height=\"400\" srcset=\"https:\/\/i0.wp.com\/eltrabajo.cl\/portal\/wp-content\/uploads\/2012\/05\/Agua-potable-1.jpg?w=600&amp;ssl=1 600w, https:\/\/i0.wp.com\/eltrabajo.cl\/portal\/wp-content\/uploads\/2012\/05\/Agua-potable-1.jpg?resize=200%2C133&amp;ssl=1 200w, https:\/\/i0.wp.com\/eltrabajo.cl\/portal\/wp-content\/uploads\/2012\/05\/Agua-potable-1.jpg?resize=300%2C200&amp;ssl=1 300w, https:\/\/i0.wp.com\/eltrabajo.cl\/portal\/wp-content\/uploads\/2012\/05\/Agua-potable-1.jpg?resize=150%2C100&amp;ssl=1 150w, https:\/\/i0.wp.com\/eltrabajo.cl\/portal\/wp-content\/uploads\/2012\/05\/Agua-potable-1.jpg?resize=400%2C266&amp;ssl=1 400w\" sizes=\"auto, (max-width: 600px) 100vw, 600px\" \/><\/a><figcaption id=\"caption-attachment-18069\" class=\"wp-caption-text\">Desde esta semana, gracias a la ejecuci\u00f3n de un proyecto realizado por el municipio putaendino, los vecinos de La Orilla cuentan con agua potable.<\/figcaption><\/figure>\n<p><strong>PUTAENDO.-<\/strong> Fueron m\u00e1s de cuatro a\u00f1os que la se\u00f1ora Elizabeth del sector La Orilla de Putaendo, tuvo que vivir pidiendo agua a sus vecinos para regar su jard\u00edn. La buena noticia es que esta semana, gracias a la ejecuci\u00f3n de un proyecto realizado por el municipio putaendino, esas dificultades tan b\u00e1sicas llegaron a su fin.<\/p>\n<p>Elizabeth Navarro pertenece al grupo de 60 familias de Putaendo que han sido beneficiadas por la administraci\u00f3n del alcalde Guillermo Reyes con proyectos de conexi\u00f3n a la red p\u00fablica de Esval, enlace que sin la ayuda del municipio costar\u00eda cerca de un mill\u00f3n de pesos a los vecinos. \u201cCon gran esfuerzo, dedicaci\u00f3n y cari\u00f1o hemos tomado la decisi\u00f3n a\u00f1o a a\u00f1o de postular \u00e9stas familias que sufren d\u00eda a d\u00eda esta compleja situaci\u00f3n\u201d, coment\u00f3 el edil Reyes.<\/p>\n<p>Fueron cuatro a\u00f1os sin agua, sin embargo la se\u00f1ora Elizabeth nos cuenta que su situaci\u00f3n era buena en comparaci\u00f3n a otras familias beneficiadas, quienes, seg\u00fan relat\u00f3, \u201csacaban agua de la acequia para lavarse, cocinar e inclusive beber\u201d. \u201cEstoy muy contenta y agradecida, ya que con la gesti\u00f3n de la Municipalidad, don Guillermo y nuestro presidente de la junta de vecinos, Jorge Carvajal, logr\u00e9 tener mi agua a cero costo, situaci\u00f3n muy importante ya que nosotros somos una familia de esfuerzo y hubiese sido muy dif\u00edcil costear el mill\u00f3n de pesos que pide Esval\u201d, explic\u00f3 la vecina de La Orilla.<\/p>\n<p>Por su parte el presidente de la Junta de Vecinos de La Orilla, Jorge Carvajal, expres\u00f3 estar \u201cmuy contento por la vecina y por la gestiones del alcalde, ya que \u00e9l ha estado siempre atento a todos los problemas que tenemos en nuestro sector\u201d, dijo el dirigente, quien agreg\u00f3 que la primera meta como organizaci\u00f3n social, \u201ces ayudar a los vecinos y ahondar en los problemas principales del sector, y claramente contar con agua potable en las viviendas es una de nuestras principales dificultades\u201d, se\u00f1al\u00f3.<\/p>\n<p><strong>EL PROBLEMA DEL AGUA<\/strong><\/p>\n<p>Para el alcalde Guillermo Reyes, el problema del agua en Putaendo tiene cuatro aristas claramente definidas. Por un lado se encuentra el funcionamiento deficiente de la empresa Esval, por otro los comit\u00e9s de Agua Potable Rural, los que requieren con urgencia inversiones significativas para abordar la lista de espera que hay en estos sectores en donde en palabras del alcalde \u201cresulta molesto e incomprensible que no se financien estas ampliaciones cuando est\u00e1n hechas las ingenier\u00edas\u201d, aleg\u00f3.<\/p>\n<p>En tercer tema, el jefe comunal habl\u00f3 de la paradoja que se podr\u00eda dar en los siguientes a\u00f1os en la comuna, \u201cque tengamos agua en el embalse y que algunos sectores no tengan agua potable para servir a los usuarios de los APR\u201d. Para la autoridad, esto se explicar\u00eda por una raz\u00f3n muy simple: \u201cEst\u00e1 absolutamente comprobado que la zona central de Chile se transformar\u00e1 en algunos a\u00f1os m\u00e1s en una zona \u00e1rida, debido a la escasez de lluvia, en consecuencia los sistemas de Agua Potable Rural no encontrar\u00e1n en el subsuelo el agua que requieren\u201d, presagi\u00f3.<\/p>\n<p>Agreg\u00f3 Reyes que ser\u00e1 complejo explicar que teniendo un embalse con agua, no haya abastecimiento de los APR, esto se deber\u00e1 a que \u201cson aguas distintas, porque el agua tiene propiedad privada, es de los regantes y eso no est\u00e1 en discusi\u00f3n. Sin embargo, el Estado tiene derechos de agua eventuales inscritos en el Resguardo de Los Patos, entonces lo que tiene que hacer el Estado es traspasar un volumen de esos derechos eventuales, inscritos en Los Patos, y hacer alguna transformaci\u00f3n en el embalse para que esa agua se guarde durante un periodo largo, porque son aguas de invierno que el Estado tiene en su poder\u201d, propuso la autoridad.<\/p>\n<p>Para finalizar, Reyes puso como cuarto tema la situaci\u00f3n que viven los vecinos de Putaendo con el cobro excesivo que realiza Esval para la conexi\u00f3n a la red p\u00fablica: \u201cQu\u00e9 familia va a poder enfrentar ese gasto\u201d, critic\u00f3, \u201cm\u00e1s a\u00fan -a\u00f1adi\u00f3- si los parlamentarios, para variar, solamente participan en la regulaci\u00f3n de los precios del metro c\u00fabico y costo fijo, pero no del precio de los arranques\u201d.<\/p>\n","protected":false},"excerpt":{"rendered":"<p>PUTAENDO.- Fueron m\u00e1s de cuatro a\u00f1os que la se\u00f1ora Elizabeth del sector La Orilla de Putaendo, tuvo que vivir pidiendo agua a sus vecinos para regar su jard\u00edn. La buena noticia es&#8230;<\/p>\n","protected":false},"author":482,"featured_media":18069,"comment_status":"open","ping_status":"closed","sticky":false,"template":"","format":"standard","meta":{"advanced_seo_description":"","jetpack_seo_html_title":"","jetpack_seo_noindex":false,"_jetpack_memberships_contains_paid_content":false,"footnotes":""},"categories":[1],"tags":[],"class_list":["post-18068","post","type-post","status-publish","format-standard","has-post-thumbnail","hentry","category-cronica"],"jetpack_featured_media_url":"https:\/\/i0.wp.com\/eltrabajo.cl\/portal\/wp-content\/uploads\/2012\/05\/Agua-potable-1.jpg?fit=600%2C400&ssl=1","jetpack_sharing_enabled":true,"jetpack_likes_enabled":true,"jetpack-related-posts":[],"_links":{"self":[{"href":"https:\/\/eltrabajo.cl\/portal\/wp-json\/wp\/v2\/posts\/18068","targetHints":{"allow":["GET"]}}],"collection":[{"href":"https:\/\/eltrabajo.cl\/portal\/wp-json\/wp\/v2\/posts"}],"about":[{"href":"https:\/\/eltrabajo.cl\/portal\/wp-json\/wp\/v2\/types\/post"}],"author":[{"embeddable":true,"href":"https:\/\/eltrabajo.cl\/portal\/wp-json\/wp\/v2\/users\/482"}],"replies":[{"embeddable":true,"href":"https:\/\/eltrabajo.cl\/portal\/wp-json\/wp\/v2\/comments?post=18068"}],"version-history":[{"count":0,"href":"https:\/\/eltrabajo.cl\/portal\/wp-json\/wp\/v2\/posts\/18068\/revisions"}],"wp:featuredmedia":[{"embeddable":true,"href":"https:\/\/eltrabajo.cl\/portal\/wp-json\/wp\/v2\/media\/18069"}],"wp:attachment":[{"href":"https:\/\/eltrabajo.cl\/portal\/wp-json\/wp\/v2\/media?parent=18068"}],"wp:term":[{"taxonomy":"category","embeddable":true,"href":"https:\/\/eltrabajo.cl\/portal\/wp-json\/wp\/v2\/categories?post=18068"},{"taxonomy":"post_tag","embeddable":true,"href":"https:\/\/eltrabajo.cl\/portal\/wp-json\/wp\/v2\/tags?post=18068"}],"curies":[{"name":"wp","href":"https:\/\/api.w.org\/{rel}","templated":true}]}}