{"id":18072,"date":"2012-05-17T09:33:26","date_gmt":"2012-05-17T13:33:26","guid":{"rendered":"http:\/\/www.eltrabajo.cl\/portal\/?p=18072"},"modified":"2012-05-17T09:33:26","modified_gmt":"2012-05-17T13:33:26","slug":"comenzo-construccion-de-condominio-de-departamentos-en-sector-oriente","status":"publish","type":"post","link":"https:\/\/eltrabajo.cl\/portal\/comenzo-construccion-de-condominio-de-departamentos-en-sector-oriente\/","title":{"rendered":"Comenz\u00f3 construcci\u00f3n de condominio de departamentos en sector oriente"},"content":{"rendered":"<figure id=\"attachment_18073\" aria-describedby=\"caption-attachment-18073\" style=\"width: 600px\" class=\"wp-caption alignnone\"><a href=\"http:\/\/www.eltrabajo.cl\/portal\/2012\/05\/comenzo-construccion-de-condominio-de-departamentos-en-sector-oriente\/plano-condominio-2\/\" rel=\"attachment wp-att-18073\"><img data-recalc-dims=\"1\" loading=\"lazy\" decoding=\"async\" class=\"size-full wp-image-18073\" title=\"plano condominio (2)\" src=\"https:\/\/i0.wp.com\/www.eltrabajo.cl\/portal\/wp-content\/uploads\/2012\/05\/plano-condominio-2.jpg?resize=600%2C338\" alt=\"\" width=\"600\" height=\"338\" srcset=\"https:\/\/i0.wp.com\/eltrabajo.cl\/portal\/wp-content\/uploads\/2012\/05\/plano-condominio-2.jpg?w=600&amp;ssl=1 600w, https:\/\/i0.wp.com\/eltrabajo.cl\/portal\/wp-content\/uploads\/2012\/05\/plano-condominio-2.jpg?resize=200%2C112&amp;ssl=1 200w, https:\/\/i0.wp.com\/eltrabajo.cl\/portal\/wp-content\/uploads\/2012\/05\/plano-condominio-2.jpg?resize=300%2C169&amp;ssl=1 300w, https:\/\/i0.wp.com\/eltrabajo.cl\/portal\/wp-content\/uploads\/2012\/05\/plano-condominio-2.jpg?resize=150%2C84&amp;ssl=1 150w, https:\/\/i0.wp.com\/eltrabajo.cl\/portal\/wp-content\/uploads\/2012\/05\/plano-condominio-2.jpg?resize=400%2C225&amp;ssl=1 400w\" sizes=\"auto, (max-width: 600px) 100vw, 600px\" \/><\/a><figcaption id=\"caption-attachment-18073\" class=\"wp-caption-text\">La empresa a cargo de las obras ya inici\u00f3 las faenas para la construcci\u00f3n de los edificios de atractivo dise\u00f1o como se aprecia en el plano.<\/figcaption><\/figure>\n<p>Un nuevo proyecto de con dominio se est\u00e1 comenzando a construir en el sector oriente de la comuna, espec\u00edficamente en un sector que por a\u00f1os se ha mantenido desocupado y que se ubica en Tocornal, frente a la villa Miraflores y a un costado del supermercado L\u00edder.<\/p>\n<p>El proyecto contempla ocupar todo ese terreno, dividido en dos pa\u00f1os, con un pasaje intermedio, que va a servir de comunicaci\u00f3n peatonal entre el sector norte del loteo Miraflores y Tocornal, que es un tr\u00e1nsito que habitualmente hacen los habitantes del sector.<\/p>\n<p>Seg\u00fan explic\u00f3 el Director de Obras del municipio sanfelipe\u00f1o, Claudio D\u00edaz, en cada lote se van a construir cuatro blocks de departamentos, cada uno de cinco pisos, con un total de 112 departamentos por block.<\/p>\n<figure id=\"attachment_18074\" aria-describedby=\"caption-attachment-18074\" style=\"width: 210px\" class=\"wp-caption alignright\"><a href=\"http:\/\/www.eltrabajo.cl\/portal\/2012\/05\/comenzo-construccion-de-condominio-de-departamentos-en-sector-oriente\/claudio-diaz-1-3\/\" rel=\"attachment wp-att-18074\"><img data-recalc-dims=\"1\" loading=\"lazy\" decoding=\"async\" class=\"size-medium wp-image-18074 \" title=\"claudio diaz (1)\" src=\"https:\/\/i0.wp.com\/www.eltrabajo.cl\/portal\/wp-content\/uploads\/2012\/05\/claudio-diaz-1-300x225.jpg?resize=210%2C158\" alt=\"\" width=\"210\" height=\"158\" srcset=\"https:\/\/i0.wp.com\/eltrabajo.cl\/portal\/wp-content\/uploads\/2012\/05\/claudio-diaz-1.jpg?resize=300%2C225&amp;ssl=1 300w, https:\/\/i0.wp.com\/eltrabajo.cl\/portal\/wp-content\/uploads\/2012\/05\/claudio-diaz-1.jpg?resize=200%2C150&amp;ssl=1 200w, https:\/\/i0.wp.com\/eltrabajo.cl\/portal\/wp-content\/uploads\/2012\/05\/claudio-diaz-1.jpg?resize=150%2C112&amp;ssl=1 150w, https:\/\/i0.wp.com\/eltrabajo.cl\/portal\/wp-content\/uploads\/2012\/05\/claudio-diaz-1.jpg?resize=400%2C300&amp;ssl=1 400w, https:\/\/i0.wp.com\/eltrabajo.cl\/portal\/wp-content\/uploads\/2012\/05\/claudio-diaz-1.jpg?w=600&amp;ssl=1 600w\" sizes=\"auto, (max-width: 210px) 100vw, 210px\" \/><\/a><figcaption id=\"caption-attachment-18074\" class=\"wp-caption-text\">El Director de Obras del municipio, Claudio D\u00edaz se\u00f1al\u00f3 que el condominio de departamentos que se comienza a construir en el sector oriente no generar\u00e1 impacto en los vecinos ni a nivel vial.<\/figcaption><\/figure>\n<p>\u201cEl proyecto contempla departamentos de 50 metros cuadrados promedio, y tiene incorporado unos duplex, en los extremos de los blocks que generan unos departamentos en dos pisos de 67 metros aproximadamente\u201d.<\/p>\n<p>Los edificios vienen con 70 estacionamientos por lote, lo que significa que no todos los departamentos dispondr\u00e1n de estacionamientos, ya que la norma no lo exige de esa manera.<\/p>\n<p>\u201cEs un proyecto de est\u00e1ndar normal, departamentos para clase media emergente, tenemos entendido que el rango de venta, no siendo un rango oficial, es del rango de los 1100-1200 UF\u201d, dijo D\u00edaz.<\/p>\n<p>Consultado por el impacto que podr\u00eda generar el proyecto en los vecinos, cuyas viviendas se encuentran bastante cerca de los futuros edificios, D\u00edaz, dijo que esa es una problem\u00e1tica que se discute constantemente, sin embargo en el sector perif\u00e9rico de San Felipe, es decir fuera de las cuatro alamedas, se permiten edificios en altura.<\/p>\n<p>\u201cLa condici\u00f3n de que hayan poblaciones de un piso o de dos pisos no es limitante para que se instalen en terrenos disponibles, edificios de departamentos en altura. El concepto de privacidad tambi\u00e9n lo tiene definido la ley, define distanciamiento respecto de los predios vecinos, si bien con eso no se resguarda la privacidad completa de los vecinos, es lo que est\u00e1 definido por ley, qu\u00e9 se entiende por privacidad\u201d.<\/p>\n<p>D\u00edaz adem\u00e1s aclar\u00f3 que la cantidad de departamentos que se construir\u00e1n no alcanzan a generar impacto vial en el sector, ni hacia Tocornal ni hacia el barrio Miraflores.<\/p>\n<p>\u201cEl est\u00e1ndar de cuando un edificio genera un impacto, est\u00e1 definido por norma, por tanto bajo nuestra cultura local, un edificio de esa envergadura nos puede parecer muy impactante, pero dentro del contexto nacional o de la norma, es un edificio que no tiene ning\u00fan impacto a la vialidad, por lo menos no exige resolver problemas de impacto\u201d.<\/p>\n<p>El proyecto ya cuenta con los permisos para su ejecuci\u00f3n y la empresa est\u00e1 iniciando la instalaci\u00f3n de faenas y preparaci\u00f3n del terreno, mientras que el plazo para su ejecuci\u00f3n y terminaci\u00f3n lo maneja la misma empresa.<\/p>\n","protected":false},"excerpt":{"rendered":"<p>Un nuevo proyecto de con dominio se est\u00e1 comenzando a construir en el sector oriente de la comuna, espec\u00edficamente en un sector que por a\u00f1os se ha mantenido desocupado y que se&#8230;<\/p>\n","protected":false},"author":482,"featured_media":18073,"comment_status":"open","ping_status":"closed","sticky":false,"template":"","format":"standard","meta":{"advanced_seo_description":"","jetpack_seo_html_title":"","jetpack_seo_noindex":false,"_jetpack_memberships_contains_paid_content":false,"footnotes":""},"categories":[1],"tags":[],"class_list":["post-18072","post","type-post","status-publish","format-standard","has-post-thumbnail","hentry","category-cronica"],"jetpack_featured_media_url":"https:\/\/i0.wp.com\/eltrabajo.cl\/portal\/wp-content\/uploads\/2012\/05\/plano-condominio-2.jpg?fit=600%2C338&ssl=1","jetpack_sharing_enabled":true,"jetpack_likes_enabled":true,"jetpack-related-posts":[],"_links":{"self":[{"href":"https:\/\/eltrabajo.cl\/portal\/wp-json\/wp\/v2\/posts\/18072","targetHints":{"allow":["GET"]}}],"collection":[{"href":"https:\/\/eltrabajo.cl\/portal\/wp-json\/wp\/v2\/posts"}],"about":[{"href":"https:\/\/eltrabajo.cl\/portal\/wp-json\/wp\/v2\/types\/post"}],"author":[{"embeddable":true,"href":"https:\/\/eltrabajo.cl\/portal\/wp-json\/wp\/v2\/users\/482"}],"replies":[{"embeddable":true,"href":"https:\/\/eltrabajo.cl\/portal\/wp-json\/wp\/v2\/comments?post=18072"}],"version-history":[{"count":0,"href":"https:\/\/eltrabajo.cl\/portal\/wp-json\/wp\/v2\/posts\/18072\/revisions"}],"wp:featuredmedia":[{"embeddable":true,"href":"https:\/\/eltrabajo.cl\/portal\/wp-json\/wp\/v2\/media\/18073"}],"wp:attachment":[{"href":"https:\/\/eltrabajo.cl\/portal\/wp-json\/wp\/v2\/media?parent=18072"}],"wp:term":[{"taxonomy":"category","embeddable":true,"href":"https:\/\/eltrabajo.cl\/portal\/wp-json\/wp\/v2\/categories?post=18072"},{"taxonomy":"post_tag","embeddable":true,"href":"https:\/\/eltrabajo.cl\/portal\/wp-json\/wp\/v2\/tags?post=18072"}],"curies":[{"name":"wp","href":"https:\/\/api.w.org\/{rel}","templated":true}]}}