{"id":18083,"date":"2012-05-17T09:42:41","date_gmt":"2012-05-17T13:42:41","guid":{"rendered":"http:\/\/www.eltrabajo.cl\/portal\/?p=18083"},"modified":"2012-05-17T09:42:41","modified_gmt":"2012-05-17T13:42:41","slug":"vecinos-de-villa-250-anos-se-unen-para-evitar-mas-hechos-de-violencia","status":"publish","type":"post","link":"https:\/\/eltrabajo.cl\/portal\/vecinos-de-villa-250-anos-se-unen-para-evitar-mas-hechos-de-violencia\/","title":{"rendered":"Vecinos de villa 250 A\u00f1os se unen para evitar m\u00e1s hechos de violencia"},"content":{"rendered":"<figure id=\"attachment_18084\" aria-describedby=\"caption-attachment-18084\" style=\"width: 300px\" class=\"wp-caption alignleft\"><a href=\"http:\/\/www.eltrabajo.cl\/portal\/2012\/05\/vecinos-de-villa-250-anos-se-unen-para-evitar-mas-hechos-de-violencia\/debora-berrios-1\/\" rel=\"attachment wp-att-18084\"><img data-recalc-dims=\"1\" loading=\"lazy\" decoding=\"async\" class=\"size-medium wp-image-18084\" title=\"debora berrios (1)\" src=\"https:\/\/i0.wp.com\/www.eltrabajo.cl\/portal\/wp-content\/uploads\/2012\/05\/debora-berrios-1-300x225.jpg?resize=300%2C225\" alt=\"\" width=\"300\" height=\"225\" srcset=\"https:\/\/i0.wp.com\/eltrabajo.cl\/portal\/wp-content\/uploads\/2012\/05\/debora-berrios-1.jpg?resize=300%2C225&amp;ssl=1 300w, https:\/\/i0.wp.com\/eltrabajo.cl\/portal\/wp-content\/uploads\/2012\/05\/debora-berrios-1.jpg?resize=200%2C150&amp;ssl=1 200w, https:\/\/i0.wp.com\/eltrabajo.cl\/portal\/wp-content\/uploads\/2012\/05\/debora-berrios-1.jpg?resize=150%2C112&amp;ssl=1 150w, https:\/\/i0.wp.com\/eltrabajo.cl\/portal\/wp-content\/uploads\/2012\/05\/debora-berrios-1.jpg?resize=400%2C300&amp;ssl=1 400w, https:\/\/i0.wp.com\/eltrabajo.cl\/portal\/wp-content\/uploads\/2012\/05\/debora-berrios-1.jpg?w=600&amp;ssl=1 600w\" sizes=\"auto, (max-width: 300px) 100vw, 300px\" \/><\/a><figcaption id=\"caption-attachment-18084\" class=\"wp-caption-text\">D\u00e9bora Berr\u00edos concord\u00f3 en que \u2018El Chaucha\u2019 es un problema en el sector, se\u00f1alando que los vecinos se encuentran unidos para actuar contra estos sujetos.<\/figcaption><\/figure>\n<ul>\n<li><strong>Nueva denuncia contra \u2018El Chaucha\u2019 corrobora que el sujeto es un problema en el sector.<\/strong><\/li>\n<\/ul>\n<p>Un nuevo caso de ataque que habr\u00eda perpetrado \u2018El Chaucha\u2019 junto a un grupo de personas hace algunos d\u00edas, dio a conocer otra vecina de la villa 250 A\u00f1os.<\/p>\n<p>Seg\u00fan explic\u00f3 D\u00e9bora Berr\u00edos, su madre fue v\u00edctima de un robo hace dos semanas, mientras se desempe\u00f1aba como guarida de seguridad en el jard\u00edn infantil Sol Naciente.<\/p>\n<p>\u201cEsa noche tuvo turno y se metieron \u00e9l y otro cabro m\u00e1s y la asaltaron. Ella los vio, los reconoci\u00f3 y esper\u00f3 que la citaran de Fiscal\u00eda, le robaron el celular, un radio transmisor, porque mi mam\u00e1 trabaja para la empresa Protec, entonces mi mam\u00e1 est\u00e1 mal y la tuvieron que cambiar de instalaci\u00f3n\u201d.<\/p>\n<p>Adem\u00e1s desminti\u00f3 lo manifestado por los padres de \u2018El Chaucha\u2019, se\u00f1alando que Cristi\u00e1n y Mar\u00eda Elena se habr\u00edan dirigido el martes a la casa de las j\u00f3venes que hicieron la denuncia contra este sujeto para amedrentarlas, situaci\u00f3n que los vecinos del sector habr\u00edan rechazado, increp\u00e1ndolos para luego llamar a Carabineros y denunciar la situaci\u00f3n.<\/p>\n<p>\u201cEllos donde vieron que empezaron a salir los vecinos, y ninguno sali\u00f3 con palos ni con nada, armas de fuego no hubo en ning\u00fan momento, y como vieron que llegaron los vecinos, ellos se fueron y lleg\u00f3 Carabineros y les dimos la patente del veh\u00edculo en que andaban estos tipos, el pap\u00e1 y la mam\u00e1 del \u2018Chaucha\u2019, pero no s\u00e9 qu\u00e9 habr\u00e1 pasado despu\u00e9s, pero Carabineros ha estado bien pendiente y se han estado dando vueltas por all\u00e1\u201d.<\/p>\n<p>De todas maneras los vecinos est\u00e1n cansados de esta situaci\u00f3n y esperan que el tema termine.<\/p>\n<p>\u201cLa intenci\u00f3n de nosotros es que lo pillen y ya no haga m\u00e1s da\u00f1o, no queremos m\u00e1s da\u00f1o, porque hay ni\u00f1os chicos que est\u00e1n en la escuela que est\u00e1 cerca, los ni\u00f1os transitan por ese lugar, entonces ser\u00eda terrible que pillemos a un ni\u00f1o muerto por ah\u00ed porque \u00e9l lo asalt\u00f3 por un celular, todos sabemos que los ni\u00f1os andan con celulares, entonces qu\u00e9 est\u00e1n esperando\u201d, se pregunta D\u00e9bora.<\/p>\n<p>Adem\u00e1s esta vecina manifest\u00f3 que los vecinos se encuentran unidos y no dejar\u00e1n que estos sujetos los ataquen.<\/p>\n","protected":false},"excerpt":{"rendered":"<p>Nueva denuncia contra \u2018El Chaucha\u2019 corrobora que el sujeto es un problema en el sector. Un nuevo caso de ataque que habr\u00eda perpetrado \u2018El Chaucha\u2019 junto a un grupo de personas hace&#8230;<\/p>\n","protected":false},"author":482,"featured_media":18084,"comment_status":"open","ping_status":"closed","sticky":false,"template":"","format":"standard","meta":{"advanced_seo_description":"","jetpack_seo_html_title":"","jetpack_seo_noindex":false,"_jetpack_memberships_contains_paid_content":false,"footnotes":""},"categories":[15],"tags":[],"class_list":["post-18083","post","type-post","status-publish","format-standard","has-post-thumbnail","hentry","category-comunidad"],"jetpack_featured_media_url":"https:\/\/i0.wp.com\/eltrabajo.cl\/portal\/wp-content\/uploads\/2012\/05\/debora-berrios-1.jpg?fit=600%2C451&ssl=1","jetpack_sharing_enabled":true,"jetpack_likes_enabled":true,"jetpack-related-posts":[],"_links":{"self":[{"href":"https:\/\/eltrabajo.cl\/portal\/wp-json\/wp\/v2\/posts\/18083","targetHints":{"allow":["GET"]}}],"collection":[{"href":"https:\/\/eltrabajo.cl\/portal\/wp-json\/wp\/v2\/posts"}],"about":[{"href":"https:\/\/eltrabajo.cl\/portal\/wp-json\/wp\/v2\/types\/post"}],"author":[{"embeddable":true,"href":"https:\/\/eltrabajo.cl\/portal\/wp-json\/wp\/v2\/users\/482"}],"replies":[{"embeddable":true,"href":"https:\/\/eltrabajo.cl\/portal\/wp-json\/wp\/v2\/comments?post=18083"}],"version-history":[{"count":0,"href":"https:\/\/eltrabajo.cl\/portal\/wp-json\/wp\/v2\/posts\/18083\/revisions"}],"wp:featuredmedia":[{"embeddable":true,"href":"https:\/\/eltrabajo.cl\/portal\/wp-json\/wp\/v2\/media\/18084"}],"wp:attachment":[{"href":"https:\/\/eltrabajo.cl\/portal\/wp-json\/wp\/v2\/media?parent=18083"}],"wp:term":[{"taxonomy":"category","embeddable":true,"href":"https:\/\/eltrabajo.cl\/portal\/wp-json\/wp\/v2\/categories?post=18083"},{"taxonomy":"post_tag","embeddable":true,"href":"https:\/\/eltrabajo.cl\/portal\/wp-json\/wp\/v2\/tags?post=18083"}],"curies":[{"name":"wp","href":"https:\/\/api.w.org\/{rel}","templated":true}]}}