{"id":18101,"date":"2012-05-18T09:24:11","date_gmt":"2012-05-18T13:24:11","guid":{"rendered":"http:\/\/www.eltrabajo.cl\/portal\/?p=18101"},"modified":"2012-05-18T09:24:11","modified_gmt":"2012-05-18T13:24:11","slug":"ninos-de-putaendo-viviran-fin-de-semana-de-fiesta-en-el-parque-municipal","status":"publish","type":"post","link":"https:\/\/eltrabajo.cl\/portal\/ninos-de-putaendo-viviran-fin-de-semana-de-fiesta-en-el-parque-municipal\/","title":{"rendered":"Ni\u00f1os de Putaendo vivir\u00e1n fin de semana de fiesta en el Parque Municipal"},"content":{"rendered":"<figure id=\"attachment_18102\" aria-describedby=\"caption-attachment-18102\" style=\"width: 600px\" class=\"wp-caption alignnone\"><a href=\"http:\/\/www.eltrabajo.cl\/portal\/2012\/05\/ninos-de-putaendo-viviran-fin-de-semana-de-fiesta-en-el-parque-municipal\/parque-municipal-2\/\" rel=\"attachment wp-att-18102\"><img data-recalc-dims=\"1\" loading=\"lazy\" decoding=\"async\" class=\"size-full wp-image-18102\" title=\"Parque Municipal 2\" src=\"https:\/\/i0.wp.com\/www.eltrabajo.cl\/portal\/wp-content\/uploads\/2012\/05\/Parque-Municipal-2.jpg?resize=600%2C400\" alt=\"\" width=\"600\" height=\"400\" srcset=\"https:\/\/i0.wp.com\/eltrabajo.cl\/portal\/wp-content\/uploads\/2012\/05\/Parque-Municipal-2.jpg?w=600&amp;ssl=1 600w, https:\/\/i0.wp.com\/eltrabajo.cl\/portal\/wp-content\/uploads\/2012\/05\/Parque-Municipal-2.jpg?resize=200%2C133&amp;ssl=1 200w, https:\/\/i0.wp.com\/eltrabajo.cl\/portal\/wp-content\/uploads\/2012\/05\/Parque-Municipal-2.jpg?resize=300%2C200&amp;ssl=1 300w, https:\/\/i0.wp.com\/eltrabajo.cl\/portal\/wp-content\/uploads\/2012\/05\/Parque-Municipal-2.jpg?resize=150%2C100&amp;ssl=1 150w, https:\/\/i0.wp.com\/eltrabajo.cl\/portal\/wp-content\/uploads\/2012\/05\/Parque-Municipal-2.jpg?resize=400%2C266&amp;ssl=1 400w\" sizes=\"auto, (max-width: 600px) 100vw, 600px\" \/><\/a><figcaption id=\"caption-attachment-18102\" class=\"wp-caption-text\">Ni\u00f1os de b\u00e1sica y preescolares podr\u00e1n disfrutar de un atractivo fin de semana en el \u2018Parque Patrimonial Infantil\u2019.<\/figcaption><\/figure>\n<p><strong>PUTAENDO.-<\/strong> Con el fin de dar a conocer el patrimonio comunal de manera entretenida, la Municipalidad de Putaendo, junto con el Servicio Nacional de Turismo, Sernatur, organizaron la actividad denominada \u2018Parque Patrimonial Infantil\u2019, dedicada a los escolares de ense\u00f1anza pre-escolar y b\u00e1sica de la comuna, y que se llevar\u00e1 a cabo este s\u00e1bado 19 de mayo desde las 10:00 de la ma\u00f1ana hasta las 17:30 horas en las dependencias del Parque Municipal.<\/p>\n<p>Complacido con la iniciativa, el Alcalde Guillermo Reyes realiz\u00f3 una cordial invitaci\u00f3n a todos los ni\u00f1os y ni\u00f1as de la comuna para que asistan a este gran encuentro patrimonial infantil. \u201cQueremos que todos los ni\u00f1os de Putaendo se sientas identificados con nuestro patrimonio y valoricen los espacios p\u00fablicos que hemos construido con cari\u00f1o para ellos\u201d, expres\u00f3 el alcalde.<\/p>\n<p>En el lugar se desarrollar\u00e1 una verdadera fiesta patrimonial que mezclar\u00e1 juegos criollos, recorridos a caballo, espect\u00e1culos musicales y una serie de sorpresas preparadas para disfrutar de forma sana, entretenida y gratuita esta actividad infantil. Adem\u00e1s, se presentar\u00e1 la compa\u00f1\u00eda de teatro \u2018Maleta de Sue\u00f1os\u2019 y su obra \u2018Cuentos que Cuentan Cuentos\u2019, quienes realizar\u00e1n una presentaci\u00f3n de sus f\u00e1bulas identitarias, y la compa\u00f1\u00eda de orquesta de m\u00fasica carnavalesca \u2018Coleto Allegreto\u2019 y su presentaci\u00f3n de mu\u00f1ecos gigantes \u2018Sue\u00f1os de Mache\u2019, los cuales mediante m\u00edmica, coreograf\u00eda y juegos mostrar\u00e1n su obra.<\/p>\n<p>Una hermosa fiesta infantil patrimonial en el Parque Municipal de Putaendo, \u00fanico en el Valle de Aconcagua, que con sus \u00e1reas verdes, senderos, espacios deportivos, de esparcimiento, descanso y juegos, recibir\u00e1 a todos los ni\u00f1os de la comuna, quienes podr\u00e1n disfrutar, entre otras tantas actividades, de granjas educativas, como de las diferentes labores que realizan los artesanos de la comuna.<\/p>\n<p>Combinaci\u00f3n de folclor, tradiciones chilenas, m\u00fasica popular y entretenciones para los m\u00e1s peque\u00f1os, son parte de la oferta gratuita ofrecida para este fin de semana por el municipio de Putaendo a los habitantes, turistas y por sobre todo a los ni\u00f1os y ni\u00f1as de la comuna, quienes recibir\u00e1n un obsequio especial por su asistencia a dicha actividad.<\/p>\n","protected":false},"excerpt":{"rendered":"<p>PUTAENDO.- Con el fin de dar a conocer el patrimonio comunal de manera entretenida, la Municipalidad de Putaendo, junto con el Servicio Nacional de Turismo, Sernatur, organizaron la actividad denominada \u2018Parque Patrimonial&#8230;<\/p>\n","protected":false},"author":482,"featured_media":18102,"comment_status":"open","ping_status":"closed","sticky":false,"template":"","format":"standard","meta":{"advanced_seo_description":"","jetpack_seo_html_title":"","jetpack_seo_noindex":false,"_jetpack_memberships_contains_paid_content":false,"footnotes":""},"categories":[1],"tags":[],"class_list":["post-18101","post","type-post","status-publish","format-standard","has-post-thumbnail","hentry","category-cronica"],"jetpack_featured_media_url":"https:\/\/i0.wp.com\/eltrabajo.cl\/portal\/wp-content\/uploads\/2012\/05\/Parque-Municipal-2.jpg?fit=600%2C400&ssl=1","jetpack_sharing_enabled":true,"jetpack_likes_enabled":true,"jetpack-related-posts":[],"_links":{"self":[{"href":"https:\/\/eltrabajo.cl\/portal\/wp-json\/wp\/v2\/posts\/18101","targetHints":{"allow":["GET"]}}],"collection":[{"href":"https:\/\/eltrabajo.cl\/portal\/wp-json\/wp\/v2\/posts"}],"about":[{"href":"https:\/\/eltrabajo.cl\/portal\/wp-json\/wp\/v2\/types\/post"}],"author":[{"embeddable":true,"href":"https:\/\/eltrabajo.cl\/portal\/wp-json\/wp\/v2\/users\/482"}],"replies":[{"embeddable":true,"href":"https:\/\/eltrabajo.cl\/portal\/wp-json\/wp\/v2\/comments?post=18101"}],"version-history":[{"count":0,"href":"https:\/\/eltrabajo.cl\/portal\/wp-json\/wp\/v2\/posts\/18101\/revisions"}],"wp:featuredmedia":[{"embeddable":true,"href":"https:\/\/eltrabajo.cl\/portal\/wp-json\/wp\/v2\/media\/18102"}],"wp:attachment":[{"href":"https:\/\/eltrabajo.cl\/portal\/wp-json\/wp\/v2\/media?parent=18101"}],"wp:term":[{"taxonomy":"category","embeddable":true,"href":"https:\/\/eltrabajo.cl\/portal\/wp-json\/wp\/v2\/categories?post=18101"},{"taxonomy":"post_tag","embeddable":true,"href":"https:\/\/eltrabajo.cl\/portal\/wp-json\/wp\/v2\/tags?post=18101"}],"curies":[{"name":"wp","href":"https:\/\/api.w.org\/{rel}","templated":true}]}}