{"id":18105,"date":"2012-05-18T09:27:12","date_gmt":"2012-05-18T13:27:12","guid":{"rendered":"http:\/\/www.eltrabajo.cl\/portal\/?p=18105"},"modified":"2012-05-18T09:27:12","modified_gmt":"2012-05-18T13:27:12","slug":"pequenos-agricultores-reciben-pulverizadora-para-mejorar-produccion-agricola","status":"publish","type":"post","link":"https:\/\/eltrabajo.cl\/portal\/pequenos-agricultores-reciben-pulverizadora-para-mejorar-produccion-agricola\/","title":{"rendered":"Peque\u00f1os agricultores reciben pulverizadora para mejorar producci\u00f3n agr\u00edcola"},"content":{"rendered":"<figure id=\"attachment_18106\" aria-describedby=\"caption-attachment-18106\" style=\"width: 600px\" class=\"wp-caption alignnone\"><a href=\"http:\/\/www.eltrabajo.cl\/portal\/2012\/05\/pequenos-agricultores-reciben-pulverizadora-para-mejorar-produccion-agricola\/beneficiados\/\" rel=\"attachment wp-att-18106\"><img data-recalc-dims=\"1\" loading=\"lazy\" decoding=\"async\" class=\"size-full wp-image-18106\" title=\"beneficiados\" src=\"https:\/\/i0.wp.com\/www.eltrabajo.cl\/portal\/wp-content\/uploads\/2012\/05\/beneficiados.jpg?resize=600%2C450\" alt=\"\" width=\"600\" height=\"450\" srcset=\"https:\/\/i0.wp.com\/eltrabajo.cl\/portal\/wp-content\/uploads\/2012\/05\/beneficiados.jpg?w=600&amp;ssl=1 600w, https:\/\/i0.wp.com\/eltrabajo.cl\/portal\/wp-content\/uploads\/2012\/05\/beneficiados.jpg?resize=200%2C150&amp;ssl=1 200w, https:\/\/i0.wp.com\/eltrabajo.cl\/portal\/wp-content\/uploads\/2012\/05\/beneficiados.jpg?resize=300%2C225&amp;ssl=1 300w, https:\/\/i0.wp.com\/eltrabajo.cl\/portal\/wp-content\/uploads\/2012\/05\/beneficiados.jpg?resize=150%2C112&amp;ssl=1 150w, https:\/\/i0.wp.com\/eltrabajo.cl\/portal\/wp-content\/uploads\/2012\/05\/beneficiados.jpg?resize=400%2C300&amp;ssl=1 400w\" sizes=\"auto, (max-width: 600px) 100vw, 600px\" \/><\/a><figcaption id=\"caption-attachment-18106\" class=\"wp-caption-text\">Veintisiete fueron los peque\u00f1os agricultores beneficiados con la entrega de la pulverizadora.<\/figcaption><\/figure>\n<p>En el marco del trabajo que est\u00e1 realizando el Programa de Desarrollo de Acci\u00f3n Local, Prodesal en la comuna de San Felipe, la ma\u00f1ana de este jueves se entregaron bombas pulverizadoras a 27 agricultores que participaron en diversas capacitaciones, entre las que se cuenta el uso adecuado de plaguicidas.<\/p>\n<p>La entrega del material se realiz\u00f3 en el sal\u00f3n de honor del municipio de San Felipe, cont\u00f3 con la participaci\u00f3n de las autoridades de la provincia y ten\u00eda como objetivo apoyar a estos agricultores en su trabajo diario.<\/p>\n<figure id=\"attachment_18107\" aria-describedby=\"caption-attachment-18107\" style=\"width: 210px\" class=\"wp-caption alignright\"><a href=\"http:\/\/www.eltrabajo.cl\/portal\/2012\/05\/pequenos-agricultores-reciben-pulverizadora-para-mejorar-produccion-agricola\/pamela-lopez\/\" rel=\"attachment wp-att-18107\"><img data-recalc-dims=\"1\" loading=\"lazy\" decoding=\"async\" class=\"size-medium wp-image-18107 \" title=\"pamela lopez\" src=\"https:\/\/i0.wp.com\/www.eltrabajo.cl\/portal\/wp-content\/uploads\/2012\/05\/pamela-lopez-300x225.jpg?resize=210%2C158\" alt=\"\" width=\"210\" height=\"158\" srcset=\"https:\/\/i0.wp.com\/eltrabajo.cl\/portal\/wp-content\/uploads\/2012\/05\/pamela-lopez.jpg?resize=300%2C225&amp;ssl=1 300w, https:\/\/i0.wp.com\/eltrabajo.cl\/portal\/wp-content\/uploads\/2012\/05\/pamela-lopez.jpg?resize=200%2C150&amp;ssl=1 200w, https:\/\/i0.wp.com\/eltrabajo.cl\/portal\/wp-content\/uploads\/2012\/05\/pamela-lopez.jpg?resize=150%2C112&amp;ssl=1 150w, https:\/\/i0.wp.com\/eltrabajo.cl\/portal\/wp-content\/uploads\/2012\/05\/pamela-lopez.jpg?resize=400%2C300&amp;ssl=1 400w, https:\/\/i0.wp.com\/eltrabajo.cl\/portal\/wp-content\/uploads\/2012\/05\/pamela-lopez.jpg?w=600&amp;ssl=1 600w\" sizes=\"auto, (max-width: 210px) 100vw, 210px\" \/><\/a><figcaption id=\"caption-attachment-18107\" class=\"wp-caption-text\">La jefe t\u00e9cnico del programa dijo que adem\u00e1s de esta entrega, la idea es educar a los peque\u00f1os agricultores en el uso de plaguicidas.<\/figcaption><\/figure>\n<p>El programa tiene una n\u00f3mina de 256 usuarios que participaron en diversas capacitaciones, que fueron fertilizaci\u00f3n, manejo sanitario bovino y ovino y uso correcto de plaguicidas. En cada una de esas capacitaciones fue entregado material de apoyo y en esta oportunidad se entregaron los pulverizadores para quienes participaron en este curso.<\/p>\n<p>\u201cLas personas que participan en el Prodesal son personas que se inscribieron para participar en el programa, pero tienen que cumplir ciertos requisitos, entre ellos ser productores agr\u00edcolas, que sus ingresos provengan principalmente de la actividad agr\u00edcola, tienen que tener menos de 5 hect\u00e1reas de riego b\u00e1sico y tener alguna forma de tenencia de la tierra\u201d, sostuvo Pamela L\u00f3pez, ingeniera agr\u00f3nomo, jefe t\u00e9cnico del programa.<\/p>\n<p>En esta oportunidad se entregaron solamente pulverizadoras ya que los productos qu\u00edmicos no estaban contemplados, ya que se espera atacar fuertemente el tema de la educaci\u00f3n de los agricultores puesto que en las primeras visitas en terreno, los profesionales de Indap se dieron cuenta que no hay un uso adecuado del producto qu\u00edmico, hay bastante desinformaci\u00f3n y uso incorrecto de los materiales, como mascarilla, trajes adecuados, un tema bastante delicado, sostuvo L\u00f3pez.<\/p>\n<p>En la zona existen bastantes horticultores que ten\u00edan d\u00e9ficit de esta herramienta, por lo que Indap quiso apoyarlos con un insumo que se espera les perdure en el tiempo.<\/p>\n<figure id=\"attachment_18108\" aria-describedby=\"caption-attachment-18108\" style=\"width: 210px\" class=\"wp-caption alignleft\"><a href=\"http:\/\/www.eltrabajo.cl\/portal\/2012\/05\/pequenos-agricultores-reciben-pulverizadora-para-mejorar-produccion-agricola\/paola-palma\/\" rel=\"attachment wp-att-18108\"><img data-recalc-dims=\"1\" loading=\"lazy\" decoding=\"async\" class=\"size-medium wp-image-18108 \" title=\"paola palma\" src=\"https:\/\/i0.wp.com\/www.eltrabajo.cl\/portal\/wp-content\/uploads\/2012\/05\/paola-palma-300x225.jpg?resize=210%2C158\" alt=\"\" width=\"210\" height=\"158\" srcset=\"https:\/\/i0.wp.com\/eltrabajo.cl\/portal\/wp-content\/uploads\/2012\/05\/paola-palma.jpg?resize=300%2C225&amp;ssl=1 300w, https:\/\/i0.wp.com\/eltrabajo.cl\/portal\/wp-content\/uploads\/2012\/05\/paola-palma.jpg?resize=200%2C150&amp;ssl=1 200w, https:\/\/i0.wp.com\/eltrabajo.cl\/portal\/wp-content\/uploads\/2012\/05\/paola-palma.jpg?resize=150%2C112&amp;ssl=1 150w, https:\/\/i0.wp.com\/eltrabajo.cl\/portal\/wp-content\/uploads\/2012\/05\/paola-palma.jpg?resize=400%2C300&amp;ssl=1 400w, https:\/\/i0.wp.com\/eltrabajo.cl\/portal\/wp-content\/uploads\/2012\/05\/paola-palma.jpg?w=600&amp;ssl=1 600w\" sizes=\"auto, (max-width: 210px) 100vw, 210px\" \/><\/a><figcaption id=\"caption-attachment-18108\" class=\"wp-caption-text\">Paola Palma fue una de las beneficiadas con la entrega y dijo que ser\u00e1 de gran ayuda para el trabajo agr\u00edcola.<\/figcaption><\/figure>\n<p>El Prodesal es un programa destinado a peque\u00f1os agricultores, cuyo objetivo principal es que aumenten su producci\u00f3n agr\u00edcola y as\u00ed puedan mejorar su calidad de vida.<\/p>\n<p>Adem\u00e1s es un programa que se financia en un convenio entre la Municipalidad de San Felipe e Indap.<\/p>\n<p>Paola Palma fue una de las beneficiadas con la entrega de esta herramienta, y se\u00f1ala que ser\u00e1 de gran ayuda porque no es f\u00e1cil conseguirlas, y son de suma necesidad para el trabajo agr\u00edcola.<\/p>\n<p>\u201cYo era una simple trabajadora que trabajaba en las parras, y ahora quiero dedicarme a mis \u00e1rboles frutales, incluso quiero tener gallinas y estoy postulando para las dos cosas, ahora que me sali\u00f3 esta maquinita puedo tener mejor producci\u00f3n\u201d.<\/p>\n<p>Paola vende los productos en su casa, pero con este tipo de ayuda podr\u00e1 ampliar su negocio.<\/p>\n<p>\u201cTengo tantos proyectos, pero voy de a poquito\u201d, comenta.<\/p>\n","protected":false},"excerpt":{"rendered":"<p>En el marco del trabajo que est\u00e1 realizando el Programa de Desarrollo de Acci\u00f3n Local, Prodesal en la comuna de San Felipe, la ma\u00f1ana de este jueves se entregaron bombas pulverizadoras a&#8230;<\/p>\n","protected":false},"author":482,"featured_media":18106,"comment_status":"open","ping_status":"closed","sticky":false,"template":"","format":"standard","meta":{"advanced_seo_description":"","jetpack_seo_html_title":"","jetpack_seo_noindex":false,"_jetpack_memberships_contains_paid_content":false,"footnotes":""},"categories":[1],"tags":[],"class_list":["post-18105","post","type-post","status-publish","format-standard","has-post-thumbnail","hentry","category-cronica"],"jetpack_featured_media_url":"https:\/\/i0.wp.com\/eltrabajo.cl\/portal\/wp-content\/uploads\/2012\/05\/beneficiados.jpg?fit=600%2C450&ssl=1","jetpack_sharing_enabled":true,"jetpack_likes_enabled":true,"jetpack-related-posts":[],"_links":{"self":[{"href":"https:\/\/eltrabajo.cl\/portal\/wp-json\/wp\/v2\/posts\/18105","targetHints":{"allow":["GET"]}}],"collection":[{"href":"https:\/\/eltrabajo.cl\/portal\/wp-json\/wp\/v2\/posts"}],"about":[{"href":"https:\/\/eltrabajo.cl\/portal\/wp-json\/wp\/v2\/types\/post"}],"author":[{"embeddable":true,"href":"https:\/\/eltrabajo.cl\/portal\/wp-json\/wp\/v2\/users\/482"}],"replies":[{"embeddable":true,"href":"https:\/\/eltrabajo.cl\/portal\/wp-json\/wp\/v2\/comments?post=18105"}],"version-history":[{"count":0,"href":"https:\/\/eltrabajo.cl\/portal\/wp-json\/wp\/v2\/posts\/18105\/revisions"}],"wp:featuredmedia":[{"embeddable":true,"href":"https:\/\/eltrabajo.cl\/portal\/wp-json\/wp\/v2\/media\/18106"}],"wp:attachment":[{"href":"https:\/\/eltrabajo.cl\/portal\/wp-json\/wp\/v2\/media?parent=18105"}],"wp:term":[{"taxonomy":"category","embeddable":true,"href":"https:\/\/eltrabajo.cl\/portal\/wp-json\/wp\/v2\/categories?post=18105"},{"taxonomy":"post_tag","embeddable":true,"href":"https:\/\/eltrabajo.cl\/portal\/wp-json\/wp\/v2\/tags?post=18105"}],"curies":[{"name":"wp","href":"https:\/\/api.w.org\/{rel}","templated":true}]}}