{"id":18111,"date":"2012-05-18T09:31:47","date_gmt":"2012-05-18T13:31:47","guid":{"rendered":"http:\/\/www.eltrabajo.cl\/portal\/?p=18111"},"modified":"2012-05-18T09:31:47","modified_gmt":"2012-05-18T13:31:47","slug":"en-total-normalidad-se-desarrollo-marcha-de-contratistas-por-el-centro","status":"publish","type":"post","link":"https:\/\/eltrabajo.cl\/portal\/en-total-normalidad-se-desarrollo-marcha-de-contratistas-por-el-centro\/","title":{"rendered":"En total normalidad se desarroll\u00f3 marcha de contratistas por el centro"},"content":{"rendered":"<figure id=\"attachment_18112\" aria-describedby=\"caption-attachment-18112\" style=\"width: 600px\" class=\"wp-caption alignnone\"><a href=\"http:\/\/www.eltrabajo.cl\/portal\/2012\/05\/en-total-normalidad-se-desarrollo-marcha-de-contratistas-por-el-centro\/marcha-contratistas\/\" rel=\"attachment wp-att-18112\"><img data-recalc-dims=\"1\" loading=\"lazy\" decoding=\"async\" class=\"size-full wp-image-18112\" title=\"marcha contratistas\" src=\"https:\/\/i0.wp.com\/www.eltrabajo.cl\/portal\/wp-content\/uploads\/2012\/05\/marcha-contratistas.jpg?resize=600%2C449\" alt=\"\" width=\"600\" height=\"449\" srcset=\"https:\/\/i0.wp.com\/eltrabajo.cl\/portal\/wp-content\/uploads\/2012\/05\/marcha-contratistas.jpg?w=600&amp;ssl=1 600w, https:\/\/i0.wp.com\/eltrabajo.cl\/portal\/wp-content\/uploads\/2012\/05\/marcha-contratistas.jpg?resize=200%2C150&amp;ssl=1 200w, https:\/\/i0.wp.com\/eltrabajo.cl\/portal\/wp-content\/uploads\/2012\/05\/marcha-contratistas.jpg?resize=300%2C224&amp;ssl=1 300w, https:\/\/i0.wp.com\/eltrabajo.cl\/portal\/wp-content\/uploads\/2012\/05\/marcha-contratistas.jpg?resize=150%2C112&amp;ssl=1 150w, https:\/\/i0.wp.com\/eltrabajo.cl\/portal\/wp-content\/uploads\/2012\/05\/marcha-contratistas.jpg?resize=400%2C299&amp;ssl=1 400w\" sizes=\"auto, (max-width: 600px) 100vw, 600px\" \/><\/a><figcaption id=\"caption-attachment-18112\" class=\"wp-caption-text\">Unos 500 trabajadores de empresas contratistas marcharon con normalidad por las calles de Los Andes (derecha), luego que en la madrugada bloquearan por cinco horas el camino que une R\u00edo Blanco con Saladillo (izquierda).<\/figcaption><\/figure>\n<p><strong>LOS ANDES.-<\/strong> Como todo un \u00e9xito catalog\u00f3 el Presidente de la Confederaci\u00f3n de Trabajadores del Cobre, Cristi\u00e1n Cuevas, la movilizaci\u00f3n de los trabajadores contratistas, tanto a nivel nacional como a nivel local desarrollada este jueves.<\/p>\n<p>Luego de terminar el bloqueo del camino que une R\u00edo Blanco con Saladillo, que se extendi\u00f3 por cinco horas, los trabajadores bajaron en buses hasta la ciudad de Los Andes, donde llevaron adelante una marcha por las principales calles de la ciudad, finalizando con un mitin frente al edificio de la gobernaci\u00f3n en la plaza de armas.<\/p>\n<p>Cristi\u00e1n Cuevas reiter\u00f3 que lo que demandan los contratistas son derechos ya ganados con esfuerzos y lucha, y hoy d\u00eda Codelco est\u00e1 entregando contratos a empresas transnacionales con el \u00fanico objetivo de quitarles esos beneficios.<\/p>\n<p>\u201cSe trata de una privatizaci\u00f3n encubierta de Codelco, pero a la vez se est\u00e1 despojando de derechos a los trabajadores contratistas y esta es una situaci\u00f3n insostenible\u201d, expres\u00f3.<\/p>\n<p>Agreg\u00f3 que hoy d\u00eda miles de trabajadores contratistas est\u00e1n siendo sometidos a jornadas laborales de doce horas y percibiendo remuneraciones entre los 182 mil y 400 mil pesos, \u201clo que se contradice con las grandes utilidades que tienen las mineras del cobre, especialmente las privadas como Escondida\u201d.<\/p>\n<p>El Presidente de la CTC interpel\u00f3 duramente tanto al Presidente Pi\u00f1era como a la Ministra del Trabajo Evelyn Mattei debido a que en la industria minera hoy existe una gran inversi\u00f3n, pero en condici\u00f3n de abuso de los trabajadores con sueldos miserables, \u201cy esto no es sostenible en jornadas abusivas que est\u00e1 generando un da\u00f1o a la convivencia del pa\u00eds\u201d.<\/p>\n<p>El dirigente reiter\u00f3 que esta s\u00f3lo fue una advertencia para lo que ser\u00e1 el gran paro general de todos los contratistas del pa\u00eds.<\/p>\n","protected":false},"excerpt":{"rendered":"<p>LOS ANDES.- Como todo un \u00e9xito catalog\u00f3 el Presidente de la Confederaci\u00f3n de Trabajadores del Cobre, Cristi\u00e1n Cuevas, la movilizaci\u00f3n de los trabajadores contratistas, tanto a nivel nacional como a nivel local&#8230;<\/p>\n","protected":false},"author":482,"featured_media":18112,"comment_status":"open","ping_status":"closed","sticky":false,"template":"","format":"standard","meta":{"advanced_seo_description":"","jetpack_seo_html_title":"","jetpack_seo_noindex":false,"_jetpack_memberships_contains_paid_content":false,"footnotes":""},"categories":[1],"tags":[],"class_list":["post-18111","post","type-post","status-publish","format-standard","has-post-thumbnail","hentry","category-cronica"],"jetpack_featured_media_url":"https:\/\/i0.wp.com\/eltrabajo.cl\/portal\/wp-content\/uploads\/2012\/05\/marcha-contratistas.jpg?fit=600%2C449&ssl=1","jetpack_sharing_enabled":true,"jetpack_likes_enabled":true,"jetpack-related-posts":[],"_links":{"self":[{"href":"https:\/\/eltrabajo.cl\/portal\/wp-json\/wp\/v2\/posts\/18111","targetHints":{"allow":["GET"]}}],"collection":[{"href":"https:\/\/eltrabajo.cl\/portal\/wp-json\/wp\/v2\/posts"}],"about":[{"href":"https:\/\/eltrabajo.cl\/portal\/wp-json\/wp\/v2\/types\/post"}],"author":[{"embeddable":true,"href":"https:\/\/eltrabajo.cl\/portal\/wp-json\/wp\/v2\/users\/482"}],"replies":[{"embeddable":true,"href":"https:\/\/eltrabajo.cl\/portal\/wp-json\/wp\/v2\/comments?post=18111"}],"version-history":[{"count":0,"href":"https:\/\/eltrabajo.cl\/portal\/wp-json\/wp\/v2\/posts\/18111\/revisions"}],"wp:featuredmedia":[{"embeddable":true,"href":"https:\/\/eltrabajo.cl\/portal\/wp-json\/wp\/v2\/media\/18112"}],"wp:attachment":[{"href":"https:\/\/eltrabajo.cl\/portal\/wp-json\/wp\/v2\/media?parent=18111"}],"wp:term":[{"taxonomy":"category","embeddable":true,"href":"https:\/\/eltrabajo.cl\/portal\/wp-json\/wp\/v2\/categories?post=18111"},{"taxonomy":"post_tag","embeddable":true,"href":"https:\/\/eltrabajo.cl\/portal\/wp-json\/wp\/v2\/tags?post=18111"}],"curies":[{"name":"wp","href":"https:\/\/api.w.org\/{rel}","templated":true}]}}