{"id":18115,"date":"2012-05-18T09:32:52","date_gmt":"2012-05-18T13:32:52","guid":{"rendered":"http:\/\/www.eltrabajo.cl\/portal\/?p=18115"},"modified":"2012-05-18T09:32:52","modified_gmt":"2012-05-18T13:32:52","slug":"todo-listo-para-%e2%80%98colecta-anual%e2%80%99-del-hogar-nuestra-senora-de-la-visitacion","status":"publish","type":"post","link":"https:\/\/eltrabajo.cl\/portal\/todo-listo-para-%e2%80%98colecta-anual%e2%80%99-del-hogar-nuestra-senora-de-la-visitacion\/","title":{"rendered":"Todo listo para \u2018Colecta Anual\u2019 del Hogar Nuestra Se\u00f1ora de la Visitaci\u00f3n"},"content":{"rendered":"<figure id=\"attachment_18116\" aria-describedby=\"caption-attachment-18116\" style=\"width: 600px\" class=\"wp-caption alignnone\"><a href=\"http:\/\/www.eltrabajo.cl\/portal\/2012\/05\/todo-listo-para-%e2%80%98colecta-anual%e2%80%99-del-hogar-nuestra-senora-de-la-visitacion\/hogar1\/\" rel=\"attachment wp-att-18116\"><img data-recalc-dims=\"1\" loading=\"lazy\" decoding=\"async\" class=\"size-full wp-image-18116\" title=\"Hogar1\" src=\"https:\/\/i0.wp.com\/www.eltrabajo.cl\/portal\/wp-content\/uploads\/2012\/05\/Hogar1.jpg?resize=600%2C450\" alt=\"\" width=\"600\" height=\"450\" srcset=\"https:\/\/i0.wp.com\/eltrabajo.cl\/portal\/wp-content\/uploads\/2012\/05\/Hogar1.jpg?w=600&amp;ssl=1 600w, https:\/\/i0.wp.com\/eltrabajo.cl\/portal\/wp-content\/uploads\/2012\/05\/Hogar1.jpg?resize=200%2C150&amp;ssl=1 200w, https:\/\/i0.wp.com\/eltrabajo.cl\/portal\/wp-content\/uploads\/2012\/05\/Hogar1.jpg?resize=300%2C225&amp;ssl=1 300w, https:\/\/i0.wp.com\/eltrabajo.cl\/portal\/wp-content\/uploads\/2012\/05\/Hogar1.jpg?resize=150%2C112&amp;ssl=1 150w, https:\/\/i0.wp.com\/eltrabajo.cl\/portal\/wp-content\/uploads\/2012\/05\/Hogar1.jpg?resize=400%2C300&amp;ssl=1 400w\" sizes=\"auto, (max-width: 600px) 100vw, 600px\" \/><\/a><figcaption id=\"caption-attachment-18116\" class=\"wp-caption-text\">El Hogar Nuestra Se\u00f1ora de la Visitaci\u00f3n de San Felipe realizar\u00e1 la colecta anual este 25 de mayo para as\u00ed sostener en pie esta obra social a favor de las ni\u00f1as y adolescentes madres vinculadas al Programa.<\/figcaption><\/figure>\n<p>El Hogar Nuestra Se\u00f1ora de la Visitaci\u00f3n de San Felipe, que atiende a once ni\u00f1as en riesgo social y a sus hijos, nacidos o en gestaci\u00f3n y que funciona con aportes del Sename y de la comunidad, realizar\u00e1 la colecta anual el pr\u00f3ximo viernes 25 de mayo desde tempranas horas de la ma\u00f1ana en todo el territorio nacional.<\/p>\n<p>Esta instituci\u00f3n es administrada por la Fundaci\u00f3n Mar\u00eda Ayuda, que atiende a m\u00e1s de 4.000 menores en todo el pa\u00eds. Una parte importante del dinero necesario para la operaci\u00f3n del Hogar, se obtiene de esta colecta anual.\u00a0<\/p>\n<p>El Hogar Nuestra Se\u00f1ora de la Visitaci\u00f3n de San Felipe, acoge a j\u00f3venes embarazadas con sus hijos nacidos o en gestaci\u00f3n y que han sido gravemente vulneradas en sus derechos. Ah\u00ed reciben una atenci\u00f3n integral por parte de la corporaci\u00f3n, brind\u00e1ndoles a ellas y sus beb\u00e9s apoyo emocional, psicol\u00f3gico, espiritual y material, con el fin de promover su bienestar y posterior reinserci\u00f3n familiar.<\/p>\n","protected":false},"excerpt":{"rendered":"<p>El Hogar Nuestra Se\u00f1ora de la Visitaci\u00f3n de San Felipe, que atiende a once ni\u00f1as en riesgo social y a sus hijos, nacidos o en gestaci\u00f3n y que funciona con aportes del&#8230;<\/p>\n","protected":false},"author":482,"featured_media":18116,"comment_status":"open","ping_status":"closed","sticky":false,"template":"","format":"standard","meta":{"advanced_seo_description":"","jetpack_seo_html_title":"","jetpack_seo_noindex":false,"_jetpack_memberships_contains_paid_content":false,"footnotes":""},"categories":[1],"tags":[],"class_list":["post-18115","post","type-post","status-publish","format-standard","has-post-thumbnail","hentry","category-cronica"],"jetpack_featured_media_url":"https:\/\/i0.wp.com\/eltrabajo.cl\/portal\/wp-content\/uploads\/2012\/05\/Hogar1.jpg?fit=600%2C450&ssl=1","jetpack_sharing_enabled":true,"jetpack_likes_enabled":true,"jetpack-related-posts":[],"_links":{"self":[{"href":"https:\/\/eltrabajo.cl\/portal\/wp-json\/wp\/v2\/posts\/18115","targetHints":{"allow":["GET"]}}],"collection":[{"href":"https:\/\/eltrabajo.cl\/portal\/wp-json\/wp\/v2\/posts"}],"about":[{"href":"https:\/\/eltrabajo.cl\/portal\/wp-json\/wp\/v2\/types\/post"}],"author":[{"embeddable":true,"href":"https:\/\/eltrabajo.cl\/portal\/wp-json\/wp\/v2\/users\/482"}],"replies":[{"embeddable":true,"href":"https:\/\/eltrabajo.cl\/portal\/wp-json\/wp\/v2\/comments?post=18115"}],"version-history":[{"count":0,"href":"https:\/\/eltrabajo.cl\/portal\/wp-json\/wp\/v2\/posts\/18115\/revisions"}],"wp:featuredmedia":[{"embeddable":true,"href":"https:\/\/eltrabajo.cl\/portal\/wp-json\/wp\/v2\/media\/18116"}],"wp:attachment":[{"href":"https:\/\/eltrabajo.cl\/portal\/wp-json\/wp\/v2\/media?parent=18115"}],"wp:term":[{"taxonomy":"category","embeddable":true,"href":"https:\/\/eltrabajo.cl\/portal\/wp-json\/wp\/v2\/categories?post=18115"},{"taxonomy":"post_tag","embeddable":true,"href":"https:\/\/eltrabajo.cl\/portal\/wp-json\/wp\/v2\/tags?post=18115"}],"curies":[{"name":"wp","href":"https:\/\/api.w.org\/{rel}","templated":true}]}}