{"id":18119,"date":"2012-05-18T09:34:12","date_gmt":"2012-05-18T13:34:12","guid":{"rendered":"http:\/\/www.eltrabajo.cl\/portal\/?p=18119"},"modified":"2012-05-18T09:34:12","modified_gmt":"2012-05-18T13:34:12","slug":"rechazan-recurso-de-nulidad-interpuesto-por-el-municipio-por-bono-sae","status":"publish","type":"post","link":"https:\/\/eltrabajo.cl\/portal\/rechazan-recurso-de-nulidad-interpuesto-por-el-municipio-por-bono-sae\/","title":{"rendered":"Rechazan Recurso de Nulidad interpuesto por el municipio por Bono SAE"},"content":{"rendered":"<figure id=\"attachment_18120\" aria-describedby=\"caption-attachment-18120\" style=\"width: 300px\" class=\"wp-caption alignleft\"><a href=\"http:\/\/www.eltrabajo.cl\/portal\/2012\/05\/rechazan-recurso-de-nulidad-interpuesto-por-el-municipio-por-bono-sae\/sonia-fernandez-2\/\" rel=\"attachment wp-att-18120\"><img data-recalc-dims=\"1\" loading=\"lazy\" decoding=\"async\" class=\"size-medium wp-image-18120\" title=\"sonia-fernandez (2)\" src=\"https:\/\/i0.wp.com\/www.eltrabajo.cl\/portal\/wp-content\/uploads\/2012\/05\/sonia-fernandez-2-300x225.jpg?resize=300%2C225\" alt=\"\" width=\"300\" height=\"225\" srcset=\"https:\/\/i0.wp.com\/eltrabajo.cl\/portal\/wp-content\/uploads\/2012\/05\/sonia-fernandez-2.jpg?resize=300%2C225&amp;ssl=1 300w, https:\/\/i0.wp.com\/eltrabajo.cl\/portal\/wp-content\/uploads\/2012\/05\/sonia-fernandez-2.jpg?resize=200%2C150&amp;ssl=1 200w, https:\/\/i0.wp.com\/eltrabajo.cl\/portal\/wp-content\/uploads\/2012\/05\/sonia-fernandez-2.jpg?resize=150%2C112&amp;ssl=1 150w, https:\/\/i0.wp.com\/eltrabajo.cl\/portal\/wp-content\/uploads\/2012\/05\/sonia-fernandez-2.jpg?resize=400%2C300&amp;ssl=1 400w, https:\/\/i0.wp.com\/eltrabajo.cl\/portal\/wp-content\/uploads\/2012\/05\/sonia-fernandez-2.jpg?w=600&amp;ssl=1 600w\" sizes=\"auto, (max-width: 300px) 100vw, 300px\" \/><\/a><figcaption id=\"caption-attachment-18120\" class=\"wp-caption-text\">La informaci\u00f3n fue entregada por la dirigenta Sonia Fern\u00e1ndez, quien se\u00f1al\u00f3 su satisfacci\u00f3n por los docentes que se encuentran en esta situaci\u00f3n.<\/figcaption><\/figure>\n<p>En horas de la ma\u00f1ana la directiva del Colegio de Profesores en San Felipe fue informada del rechazo que habr\u00eda emitido la Corte de Apelaciones respecto del recurso de nulidad que present\u00f3 el municipio de San Felipe, en el caso del Bono SAE.<\/p>\n<p>La informaci\u00f3n fue recibida con satisfacci\u00f3n por los docentes, quienes se\u00f1alaron que por segunda instancia se ratifica que estos dineros se les adeudan a los profesores.<\/p>\n<p>Seg\u00fan se\u00f1al\u00f3 la tesorera de la directiva provincial del Colegio de Profesores, Sonia Fern\u00e1ndez, ahora estiman que el municipio apele a la Corte Suprema, situaci\u00f3n que preocupa a los docentes, especialmente por los recursos que se pudieran utilizar en este tr\u00e1mite, se\u00f1ala Fern\u00e1ndez.<\/p>\n<p>\u201cSi el municipio est\u00e1 tan empobrecido, tan endeudado, si va a tener los recursos suficientes como para cancelarle a un abogado de la Corte Suprema para que los defienda, porque ah\u00ed se est\u00e1 hablando sobre los 10 \u00f3 20 millones de pesos, entonces yo creo que ya con esto, el municipio lo \u00fanico que le queda es cancelar, porque quienes han faltado a la verdad han sido ellos, estos son recursos que el municipio recibi\u00f3 y fueron desviados a otros fines\u201d.<\/p>\n<p>Adem\u00e1s Fern\u00e1ndez se\u00f1al\u00f3 que la Corte se pronunci\u00f3 sobre la situaci\u00f3n de cuatro profesores, en que sus casos hab\u00edan sido declarados prescritos, siendo incorporados en esta oportunidad.<\/p>\n<p>En el caso de que el municipio no apele a la Corte Suprema, la dirigenta dijo que el abogado de los profesores deber\u00eda contactarse con el Alcalde Jaime Amar para ver la forma de pago para los profesores.<\/p>\n<p>\u201cLos c\u00e1lculos los hicieron en los Tribunales, en estos momentos nosotros no manejamos cifras, pero los c\u00e1lculos en la audiencia que tuvimos en el Tribunal del Trabajo lo hac\u00edan en los Tribunales. Los profesores demandaron por el 2009 y 2010, esos son los dineros que tienen que ser calculados, porque el 7 (2007) y el 8 (2008) se cancelaron a trav\u00e9s de un acuerdo tripartito, que hab\u00edan sido mal calculados, pero eso lo declararon prescrito\u201d.<\/p>\n","protected":false},"excerpt":{"rendered":"<p>En horas de la ma\u00f1ana la directiva del Colegio de Profesores en San Felipe fue informada del rechazo que habr\u00eda emitido la Corte de Apelaciones respecto del recurso de nulidad que present\u00f3&#8230;<\/p>\n","protected":false},"author":482,"featured_media":18120,"comment_status":"open","ping_status":"closed","sticky":false,"template":"","format":"standard","meta":{"advanced_seo_description":"","jetpack_seo_html_title":"","jetpack_seo_noindex":false,"_jetpack_memberships_contains_paid_content":false,"footnotes":""},"categories":[1],"tags":[],"class_list":["post-18119","post","type-post","status-publish","format-standard","has-post-thumbnail","hentry","category-cronica"],"jetpack_featured_media_url":"https:\/\/i0.wp.com\/eltrabajo.cl\/portal\/wp-content\/uploads\/2012\/05\/sonia-fernandez-2.jpg?fit=600%2C450&ssl=1","jetpack_sharing_enabled":true,"jetpack_likes_enabled":true,"jetpack-related-posts":[],"_links":{"self":[{"href":"https:\/\/eltrabajo.cl\/portal\/wp-json\/wp\/v2\/posts\/18119","targetHints":{"allow":["GET"]}}],"collection":[{"href":"https:\/\/eltrabajo.cl\/portal\/wp-json\/wp\/v2\/posts"}],"about":[{"href":"https:\/\/eltrabajo.cl\/portal\/wp-json\/wp\/v2\/types\/post"}],"author":[{"embeddable":true,"href":"https:\/\/eltrabajo.cl\/portal\/wp-json\/wp\/v2\/users\/482"}],"replies":[{"embeddable":true,"href":"https:\/\/eltrabajo.cl\/portal\/wp-json\/wp\/v2\/comments?post=18119"}],"version-history":[{"count":0,"href":"https:\/\/eltrabajo.cl\/portal\/wp-json\/wp\/v2\/posts\/18119\/revisions"}],"wp:featuredmedia":[{"embeddable":true,"href":"https:\/\/eltrabajo.cl\/portal\/wp-json\/wp\/v2\/media\/18120"}],"wp:attachment":[{"href":"https:\/\/eltrabajo.cl\/portal\/wp-json\/wp\/v2\/media?parent=18119"}],"wp:term":[{"taxonomy":"category","embeddable":true,"href":"https:\/\/eltrabajo.cl\/portal\/wp-json\/wp\/v2\/categories?post=18119"},{"taxonomy":"post_tag","embeddable":true,"href":"https:\/\/eltrabajo.cl\/portal\/wp-json\/wp\/v2\/tags?post=18119"}],"curies":[{"name":"wp","href":"https:\/\/api.w.org\/{rel}","templated":true}]}}