{"id":18123,"date":"2012-05-18T09:42:11","date_gmt":"2012-05-18T13:42:11","guid":{"rendered":"http:\/\/www.eltrabajo.cl\/portal\/?p=18123"},"modified":"2012-05-18T09:42:11","modified_gmt":"2012-05-18T13:42:11","slug":"escuela-buen-pastor-cumplio-141-anos-de-labor-educativa","status":"publish","type":"post","link":"https:\/\/eltrabajo.cl\/portal\/escuela-buen-pastor-cumplio-141-anos-de-labor-educativa\/","title":{"rendered":"Escuela Buen Pastor cumpli\u00f3 141 a\u00f1os de labor educativa"},"content":{"rendered":"<figure id=\"attachment_18124\" aria-describedby=\"caption-attachment-18124\" style=\"width: 600px\" class=\"wp-caption alignnone\"><a href=\"http:\/\/www.eltrabajo.cl\/portal\/2012\/05\/escuela-buen-pastor-cumplio-141-anos-de-labor-educativa\/numero-artistico\/\" rel=\"attachment wp-att-18124\"><img data-recalc-dims=\"1\" loading=\"lazy\" decoding=\"async\" class=\"size-full wp-image-18124\" title=\"Numero artistico\" src=\"https:\/\/i0.wp.com\/www.eltrabajo.cl\/portal\/wp-content\/uploads\/2012\/05\/Numero-artistico.jpg?resize=600%2C485\" alt=\"\" width=\"600\" height=\"485\" srcset=\"https:\/\/i0.wp.com\/eltrabajo.cl\/portal\/wp-content\/uploads\/2012\/05\/Numero-artistico.jpg?w=600&amp;ssl=1 600w, https:\/\/i0.wp.com\/eltrabajo.cl\/portal\/wp-content\/uploads\/2012\/05\/Numero-artistico.jpg?resize=185%2C150&amp;ssl=1 185w, https:\/\/i0.wp.com\/eltrabajo.cl\/portal\/wp-content\/uploads\/2012\/05\/Numero-artistico.jpg?resize=300%2C242&amp;ssl=1 300w, https:\/\/i0.wp.com\/eltrabajo.cl\/portal\/wp-content\/uploads\/2012\/05\/Numero-artistico.jpg?resize=150%2C121&amp;ssl=1 150w, https:\/\/i0.wp.com\/eltrabajo.cl\/portal\/wp-content\/uploads\/2012\/05\/Numero-artistico.jpg?resize=400%2C323&amp;ssl=1 400w\" sizes=\"auto, (max-width: 600px) 100vw, 600px\" \/><\/a><figcaption id=\"caption-attachment-18124\" class=\"wp-caption-text\">Estudiantes presentaron una obra teatral recordando la llegada de las religiosas de la congregaci\u00f3n que fundaron el establecimiento el siglo XIX.<\/figcaption><\/figure>\n<p>Con grandes logros acad\u00e9micos, que se han visto reflejados en alzas de puntajes por sobre el promedio nacional en la prueba Simce, la Escuela Buen Pastor de San Felipe celebr\u00f3 141 a\u00f1os al servicio de la educaci\u00f3n.<\/p>\n<figure id=\"attachment_18125\" aria-describedby=\"caption-attachment-18125\" style=\"width: 294px\" class=\"wp-caption alignright\"><a href=\"http:\/\/www.eltrabajo.cl\/portal\/2012\/05\/escuela-buen-pastor-cumplio-141-anos-de-labor-educativa\/distinciones\/\" rel=\"attachment wp-att-18125\"><img data-recalc-dims=\"1\" loading=\"lazy\" decoding=\"async\" class=\"size-medium wp-image-18125\" title=\"Distinciones\" src=\"https:\/\/i0.wp.com\/www.eltrabajo.cl\/portal\/wp-content\/uploads\/2012\/05\/Distinciones-294x300.jpg?resize=294%2C300\" alt=\"\" width=\"294\" height=\"300\" srcset=\"https:\/\/i0.wp.com\/eltrabajo.cl\/portal\/wp-content\/uploads\/2012\/05\/Distinciones.jpg?resize=294%2C300&amp;ssl=1 294w, https:\/\/i0.wp.com\/eltrabajo.cl\/portal\/wp-content\/uploads\/2012\/05\/Distinciones.jpg?resize=147%2C150&amp;ssl=1 147w, https:\/\/i0.wp.com\/eltrabajo.cl\/portal\/wp-content\/uploads\/2012\/05\/Distinciones.jpg?resize=400%2C407&amp;ssl=1 400w, https:\/\/i0.wp.com\/eltrabajo.cl\/portal\/wp-content\/uploads\/2012\/05\/Distinciones.jpg?w=1006&amp;ssl=1 1006w\" sizes=\"auto, (max-width: 294px) 100vw, 294px\" \/><\/a><figcaption id=\"caption-attachment-18125\" class=\"wp-caption-text\">En la oportunidad se entregaron distinciones a docentes que han destacado por el buen rendimiento que han obtenido sus alumnos.<\/figcaption><\/figure>\n<p>A la ceremonia de aniversario asistieron autoridades de la zona encabezadas por la gobernadora provincial Patricia Boffa, el director provincial de Educaci\u00f3n Rosalindo Gonz\u00e1lez y el alcalde de la comuna Jaime Amar.<\/p>\n<p>Los estudiantes del establecimiento presentaron n\u00fameros art\u00edsticos, entre ellos una obra teatral que recuerda la llegada de las religiosas de la congregaci\u00f3n que fundaron el establecimiento el siglo ante pasado y que fue traspasado a la administraci\u00f3n municipal en el a\u00f1o 1986.<\/p>\n<p>En la oportunidad se entregaron distinciones a docentes que han destacado por el buen rendimiento que han obtenido sus alumnos.<\/p>\n<p>El director, Marcos Castillo, se mostr\u00f3 satisfecho por los resultados acad\u00e9micos que ha logrado el establecimiento, por el compromiso del equipo de trabajo docente y el apoyo de los apoderados.<\/p>\n<p>Tambi\u00e9n destac\u00f3 la colaboraci\u00f3n de empresas privadas, tales como Falabella y Telef\u00f3nica que han hecho importantes aportes en material did\u00e1ctico y vestuario para los alumnos.<\/p>\n<p>&nbsp;<\/p>\n<figure id=\"attachment_18126\" aria-describedby=\"caption-attachment-18126\" style=\"width: 148px\" class=\"wp-caption alignleft\"><a href=\"http:\/\/www.eltrabajo.cl\/portal\/2012\/05\/escuela-buen-pastor-cumplio-141-anos-de-labor-educativa\/director-marcos-castillo\/\" rel=\"attachment wp-att-18126\"><img data-recalc-dims=\"1\" loading=\"lazy\" decoding=\"async\" class=\"size-medium wp-image-18126 \" title=\"Director Marcos Castillo\" src=\"https:\/\/i0.wp.com\/www.eltrabajo.cl\/portal\/wp-content\/uploads\/2012\/05\/Director-Marcos-Castillo-212x300.jpg?resize=148%2C210\" alt=\"\" width=\"148\" height=\"210\" srcset=\"https:\/\/i0.wp.com\/eltrabajo.cl\/portal\/wp-content\/uploads\/2012\/05\/Director-Marcos-Castillo.jpg?resize=212%2C300&amp;ssl=1 212w, https:\/\/i0.wp.com\/eltrabajo.cl\/portal\/wp-content\/uploads\/2012\/05\/Director-Marcos-Castillo.jpg?resize=106%2C150&amp;ssl=1 106w, https:\/\/i0.wp.com\/eltrabajo.cl\/portal\/wp-content\/uploads\/2012\/05\/Director-Marcos-Castillo.jpg?resize=400%2C564&amp;ssl=1 400w, https:\/\/i0.wp.com\/eltrabajo.cl\/portal\/wp-content\/uploads\/2012\/05\/Director-Marcos-Castillo.jpg?w=726&amp;ssl=1 726w\" sizes=\"auto, (max-width: 148px) 100vw, 148px\" \/><\/a><figcaption id=\"caption-attachment-18126\" class=\"wp-caption-text\">Marcos Castillo, Director del establecimiento.<\/figcaption><\/figure>\n<p>&nbsp;<\/p>\n<p>Por su parte el alcalde Jaime Amar calific\u00f3 al establecimiento como \u201cuna escuela modelo\u201d dentro del sistema educativo municipal, destacando la labor y el liderazgo de su director como as\u00ed tambi\u00e9n el compromiso del cuerpo docente, asistentes de la educaci\u00f3n y funcionarios administrativos.<\/p>\n<p>\u201cEn este establecimiento hemos compartido con el director el tema de la responsabilidad social empresarial, y en esta escuela vemos a Telef\u00f3nica y Falabella y eso ha generado un ambiente y una caracterizaci\u00f3n de este establecimiento, donde tenemos la mayor cantidad de alumnos prioritarios y alumnos con problemas de aprendizaje. Esta es una escuela que cubre un sector socio cultural bajo y por lo tanto cumple el rol principal que debe tener una escuela, centrada en valores y en servir a la familia\u201d, puntualiz\u00f3 el alcalde.<\/p>\n","protected":false},"excerpt":{"rendered":"<p>Con grandes logros acad\u00e9micos, que se han visto reflejados en alzas de puntajes por sobre el promedio nacional en la prueba Simce, la Escuela Buen Pastor de San Felipe celebr\u00f3 141 a\u00f1os&#8230;<\/p>\n","protected":false},"author":482,"featured_media":18124,"comment_status":"open","ping_status":"closed","sticky":false,"template":"","format":"standard","meta":{"advanced_seo_description":"","jetpack_seo_html_title":"","jetpack_seo_noindex":false,"_jetpack_memberships_contains_paid_content":false,"footnotes":""},"categories":[15],"tags":[],"class_list":["post-18123","post","type-post","status-publish","format-standard","has-post-thumbnail","hentry","category-comunidad"],"jetpack_featured_media_url":"https:\/\/i0.wp.com\/eltrabajo.cl\/portal\/wp-content\/uploads\/2012\/05\/Numero-artistico.jpg?fit=600%2C485&ssl=1","jetpack_sharing_enabled":true,"jetpack_likes_enabled":true,"jetpack-related-posts":[],"_links":{"self":[{"href":"https:\/\/eltrabajo.cl\/portal\/wp-json\/wp\/v2\/posts\/18123","targetHints":{"allow":["GET"]}}],"collection":[{"href":"https:\/\/eltrabajo.cl\/portal\/wp-json\/wp\/v2\/posts"}],"about":[{"href":"https:\/\/eltrabajo.cl\/portal\/wp-json\/wp\/v2\/types\/post"}],"author":[{"embeddable":true,"href":"https:\/\/eltrabajo.cl\/portal\/wp-json\/wp\/v2\/users\/482"}],"replies":[{"embeddable":true,"href":"https:\/\/eltrabajo.cl\/portal\/wp-json\/wp\/v2\/comments?post=18123"}],"version-history":[{"count":0,"href":"https:\/\/eltrabajo.cl\/portal\/wp-json\/wp\/v2\/posts\/18123\/revisions"}],"wp:featuredmedia":[{"embeddable":true,"href":"https:\/\/eltrabajo.cl\/portal\/wp-json\/wp\/v2\/media\/18124"}],"wp:attachment":[{"href":"https:\/\/eltrabajo.cl\/portal\/wp-json\/wp\/v2\/media?parent=18123"}],"wp:term":[{"taxonomy":"category","embeddable":true,"href":"https:\/\/eltrabajo.cl\/portal\/wp-json\/wp\/v2\/categories?post=18123"},{"taxonomy":"post_tag","embeddable":true,"href":"https:\/\/eltrabajo.cl\/portal\/wp-json\/wp\/v2\/tags?post=18123"}],"curies":[{"name":"wp","href":"https:\/\/api.w.org\/{rel}","templated":true}]}}