{"id":18135,"date":"2012-05-18T09:49:03","date_gmt":"2012-05-18T13:49:03","guid":{"rendered":"http:\/\/www.eltrabajo.cl\/portal\/?p=18135"},"modified":"2012-05-18T09:49:03","modified_gmt":"2012-05-18T13:49:03","slug":"denuncian-ante-sernac-a-distribuidora-dipac-por-supuesta-discriminacion","status":"publish","type":"post","link":"https:\/\/eltrabajo.cl\/portal\/denuncian-ante-sernac-a-distribuidora-dipac-por-supuesta-discriminacion\/","title":{"rendered":"Denuncian ante Sernac a Distribuidora Dipac por supuesta discriminaci\u00f3n"},"content":{"rendered":"<figure id=\"attachment_18136\" aria-describedby=\"caption-attachment-18136\" style=\"width: 600px\" class=\"wp-caption alignnone\"><a href=\"http:\/\/www.eltrabajo.cl\/portal\/2012\/05\/denuncian-ante-sernac-a-distribuidora-dipac-por-supuesta-discriminacion\/denuncia1-3\/\" rel=\"attachment wp-att-18136\"><img data-recalc-dims=\"1\" loading=\"lazy\" decoding=\"async\" class=\"size-full wp-image-18136\" title=\"Denuncia1\" src=\"https:\/\/i0.wp.com\/www.eltrabajo.cl\/portal\/wp-content\/uploads\/2012\/05\/Denuncia1.jpg?resize=600%2C414\" alt=\"\" width=\"600\" height=\"414\" srcset=\"https:\/\/i0.wp.com\/eltrabajo.cl\/portal\/wp-content\/uploads\/2012\/05\/Denuncia1.jpg?w=600&amp;ssl=1 600w, https:\/\/i0.wp.com\/eltrabajo.cl\/portal\/wp-content\/uploads\/2012\/05\/Denuncia1.jpg?resize=200%2C138&amp;ssl=1 200w, https:\/\/i0.wp.com\/eltrabajo.cl\/portal\/wp-content\/uploads\/2012\/05\/Denuncia1.jpg?resize=300%2C207&amp;ssl=1 300w, https:\/\/i0.wp.com\/eltrabajo.cl\/portal\/wp-content\/uploads\/2012\/05\/Denuncia1.jpg?resize=150%2C103&amp;ssl=1 150w, https:\/\/i0.wp.com\/eltrabajo.cl\/portal\/wp-content\/uploads\/2012\/05\/Denuncia1.jpg?resize=400%2C276&amp;ssl=1 400w\" sizes=\"auto, (max-width: 600px) 100vw, 600px\" \/><\/a><figcaption id=\"caption-attachment-18136\" class=\"wp-caption-text\">Copia de la denuncia interpuesta por Sandra Jorquera ante Sernac.<\/figcaption><\/figure>\n<p>Roberto Gonz\u00e1lez Short &#8211; <a href=\"mailto:rgonzalez@eltrabajo.cl\">rgonzalez@eltrabajo.cl<\/a><\/p>\n<p>Cuando Sandra Jorquera Inostroza, una cliente de Distribuidora Dipac de San Felipe, se dispon\u00eda a pagar en caja una compra regular, se vio sorprendida por una orden emitida por el Jefe del centro comercial a la cajera del local, en el sentido de anular de inmediato la factura en proceso y expulsar del establecimiento a quien por casi ocho a\u00f1os compr\u00f3 en su almac\u00e9n.<\/p>\n<figure id=\"attachment_18137\" aria-describedby=\"caption-attachment-18137\" style=\"width: 300px\" class=\"wp-caption alignright\"><a href=\"http:\/\/www.eltrabajo.cl\/portal\/2012\/05\/denuncian-ante-sernac-a-distribuidora-dipac-por-supuesta-discriminacion\/denuncia8\/\" rel=\"attachment wp-att-18137\"><img data-recalc-dims=\"1\" loading=\"lazy\" decoding=\"async\" class=\"size-medium wp-image-18137\" title=\"Denuncia8\" src=\"https:\/\/i0.wp.com\/www.eltrabajo.cl\/portal\/wp-content\/uploads\/2012\/05\/Denuncia8-300x274.jpg?resize=300%2C274\" alt=\"\" width=\"300\" height=\"274\" srcset=\"https:\/\/i0.wp.com\/eltrabajo.cl\/portal\/wp-content\/uploads\/2012\/05\/Denuncia8.jpg?resize=300%2C274&amp;ssl=1 300w, https:\/\/i0.wp.com\/eltrabajo.cl\/portal\/wp-content\/uploads\/2012\/05\/Denuncia8.jpg?resize=164%2C150&amp;ssl=1 164w, https:\/\/i0.wp.com\/eltrabajo.cl\/portal\/wp-content\/uploads\/2012\/05\/Denuncia8.jpg?resize=150%2C137&amp;ssl=1 150w, https:\/\/i0.wp.com\/eltrabajo.cl\/portal\/wp-content\/uploads\/2012\/05\/Denuncia8.jpg?resize=400%2C365&amp;ssl=1 400w, https:\/\/i0.wp.com\/eltrabajo.cl\/portal\/wp-content\/uploads\/2012\/05\/Denuncia8.jpg?w=600&amp;ssl=1 600w\" sizes=\"auto, (max-width: 300px) 100vw, 300px\" \/><\/a><figcaption id=\"caption-attachment-18137\" class=\"wp-caption-text\">Sandra Jorquera Inostroza interpuso una denuncia ante Sernac, pues asegur\u00f3 a Diario El Trabajo haber sido discriminada por el due\u00f1o de Distribuidora Dipac de San Felipe.<\/figcaption><\/figure>\n<p>La denunciante mencion\u00f3 en su queja que lo anterior obedecer\u00eda a que hace algunas semanas ella compr\u00f3 190.000 pesos en productos en Dipac, sin embargo, cuando lleg\u00f3 a su casa, not\u00f3 que le faltaban 90.000 pesos de la mercader\u00eda, por lo que regres\u00f3 a reclamar. El propietario le habr\u00eda devuelto los productos sin ning\u00fan inconveniente, pero, seg\u00fan Jorquera, al se\u00f1or \u2018Alfonso\u2019 no le hab\u00edan gustado los reclamos de su cliente.<\/p>\n<p><strong>EXPULSADA DEL ALMAC\u00c9N<\/strong><\/p>\n<p>Muy angustiada, Jorquera interpuso una denuncia por \u2018Discriminaci\u00f3n\u2019 en contra de Dipac para visitar luego nuestra Sala de Redacci\u00f3n.<\/p>\n<p>\u201cMe estoy quejando contra el Jefe de la Distribuidora Dipac, se llama \u2018Alfonso\u2019, pues yo entr\u00e9 a comprar, ya me estaban haciendo la factura, me atendi\u00f3 la se\u00f1orita \u2018Doris\u2019, ella me atendi\u00f3 como cliente durante casi ocho a\u00f1os, entonces \u00e9l (el Jefe) orden\u00f3 que se me anulara mi factura, no entregarme la mercader\u00eda y me ech\u00f3 del local\u201d, asegur\u00f3 Jorquera.<\/p>\n<p>Seg\u00fan lo expresado por la mujer, ella recurri\u00f3 a la oficina del Servicio Nacional del Consumidor (Sernac) para denunciar el hecho.<\/p>\n<p>\u201cEn ese momento yo no dije nada, pero me sent\u00ed muy mal (\u2026) yo he gastado en Dipac millones de pesos en todos estos a\u00f1os comprando ah\u00ed (\u2026) es por eso que yo interpuse una denuncia en el Sernac, mi denuncia fue muy bien acogida, me dijeron que eso era discriminaci\u00f3n y que eso no pod\u00eda ser\u201d, agreg\u00f3 Sandra a Diario El Trabajo.<\/p>\n<figure id=\"attachment_18138\" aria-describedby=\"caption-attachment-18138\" style=\"width: 300px\" class=\"wp-caption alignleft\"><a href=\"http:\/\/www.eltrabajo.cl\/portal\/2012\/05\/denuncian-ante-sernac-a-distribuidora-dipac-por-supuesta-discriminacion\/dipac1\/\" rel=\"attachment wp-att-18138\"><img data-recalc-dims=\"1\" loading=\"lazy\" decoding=\"async\" class=\"size-medium wp-image-18138\" title=\"Dipac1\" src=\"https:\/\/i0.wp.com\/www.eltrabajo.cl\/portal\/wp-content\/uploads\/2012\/05\/Dipac1-300x204.jpg?resize=300%2C204\" alt=\"\" width=\"300\" height=\"204\" srcset=\"https:\/\/i0.wp.com\/eltrabajo.cl\/portal\/wp-content\/uploads\/2012\/05\/Dipac1.jpg?resize=300%2C204&amp;ssl=1 300w, https:\/\/i0.wp.com\/eltrabajo.cl\/portal\/wp-content\/uploads\/2012\/05\/Dipac1.jpg?resize=200%2C136&amp;ssl=1 200w, https:\/\/i0.wp.com\/eltrabajo.cl\/portal\/wp-content\/uploads\/2012\/05\/Dipac1.jpg?resize=150%2C102&amp;ssl=1 150w, https:\/\/i0.wp.com\/eltrabajo.cl\/portal\/wp-content\/uploads\/2012\/05\/Dipac1.jpg?resize=400%2C272&amp;ssl=1 400w, https:\/\/i0.wp.com\/eltrabajo.cl\/portal\/wp-content\/uploads\/2012\/05\/Dipac1.jpg?w=600&amp;ssl=1 600w\" sizes=\"auto, (max-width: 300px) 100vw, 300px\" \/><\/a><figcaption id=\"caption-attachment-18138\" class=\"wp-caption-text\">Dipac de San Felipe es una distribuidora bastante conocida en la ciudad.<\/figcaption><\/figure>\n<p><strong>\u201cMUY ENOJ\u00d3N\u201d<\/strong><\/p>\n<p>Por otra parte, Jorquera tambi\u00e9n denuncia ante Sernac que a sus hijos tampoco les venden mercader\u00eda en dicho local, pues al pagar con la tarjeta y verificar su nombre en el sistema, de inmediato son sacados del establecimiento.<\/p>\n<p>\u201cCreo que el se\u00f1or \u2018Alfonso\u2019 actu\u00f3 as\u00ed porque es muy \u2018enoj\u00f3n\u2019 y porque anteriormente yo le hab\u00eda reclamado por una mercader\u00eda que se me qued\u00f3 en su almac\u00e9n y no me llamaron para reportarme ese olvido, yo lo que reclamo, es que este se\u00f1or se disculpe p\u00fablicamente por haberme sacado e impedirme comprar en su almac\u00e9n\u201d, indic\u00f3 Sandra Jorquera.<\/p>\n<p>Diario El Trabajo habl\u00f3 con la Subjefa de Dipac, Patricia Arag\u00f3n, sobre el hecho denunciado, pero poco es lo que refiri\u00f3 sobre lo ocurrido ese d\u00eda en las dependencias comerciales de Dipac.<\/p>\n<p>\u201cEstamos enterados de lo que dice la se\u00f1ora Sandra Jorquera y tambi\u00e9n de que interpuso una denuncia ante Sernac, a\u00fan as\u00ed, no nos referiremos por ahora sobre este asunto\u201d, explic\u00f3 Arag\u00f3n a nuestro medio.<\/p>\n","protected":false},"excerpt":{"rendered":"<p>Roberto Gonz\u00e1lez Short &#8211; rgonzalez@eltrabajo.cl Cuando Sandra Jorquera Inostroza, una cliente de Distribuidora Dipac de San Felipe, se dispon\u00eda a pagar en caja una compra regular, se vio sorprendida por una orden&#8230;<\/p>\n","protected":false},"author":482,"featured_media":18136,"comment_status":"open","ping_status":"closed","sticky":false,"template":"","format":"standard","meta":{"advanced_seo_description":"","jetpack_seo_html_title":"","jetpack_seo_noindex":false,"_jetpack_memberships_contains_paid_content":false,"footnotes":""},"categories":[15],"tags":[],"class_list":["post-18135","post","type-post","status-publish","format-standard","has-post-thumbnail","hentry","category-comunidad"],"jetpack_featured_media_url":"https:\/\/i0.wp.com\/eltrabajo.cl\/portal\/wp-content\/uploads\/2012\/05\/Denuncia1.jpg?fit=600%2C414&ssl=1","jetpack_sharing_enabled":true,"jetpack_likes_enabled":true,"jetpack-related-posts":[],"_links":{"self":[{"href":"https:\/\/eltrabajo.cl\/portal\/wp-json\/wp\/v2\/posts\/18135","targetHints":{"allow":["GET"]}}],"collection":[{"href":"https:\/\/eltrabajo.cl\/portal\/wp-json\/wp\/v2\/posts"}],"about":[{"href":"https:\/\/eltrabajo.cl\/portal\/wp-json\/wp\/v2\/types\/post"}],"author":[{"embeddable":true,"href":"https:\/\/eltrabajo.cl\/portal\/wp-json\/wp\/v2\/users\/482"}],"replies":[{"embeddable":true,"href":"https:\/\/eltrabajo.cl\/portal\/wp-json\/wp\/v2\/comments?post=18135"}],"version-history":[{"count":0,"href":"https:\/\/eltrabajo.cl\/portal\/wp-json\/wp\/v2\/posts\/18135\/revisions"}],"wp:featuredmedia":[{"embeddable":true,"href":"https:\/\/eltrabajo.cl\/portal\/wp-json\/wp\/v2\/media\/18136"}],"wp:attachment":[{"href":"https:\/\/eltrabajo.cl\/portal\/wp-json\/wp\/v2\/media?parent=18135"}],"wp:term":[{"taxonomy":"category","embeddable":true,"href":"https:\/\/eltrabajo.cl\/portal\/wp-json\/wp\/v2\/categories?post=18135"},{"taxonomy":"post_tag","embeddable":true,"href":"https:\/\/eltrabajo.cl\/portal\/wp-json\/wp\/v2\/tags?post=18135"}],"curies":[{"name":"wp","href":"https:\/\/api.w.org\/{rel}","templated":true}]}}