{"id":18141,"date":"2012-05-18T09:52:21","date_gmt":"2012-05-18T13:52:21","guid":{"rendered":"http:\/\/www.eltrabajo.cl\/portal\/?p=18141"},"modified":"2012-05-18T09:52:21","modified_gmt":"2012-05-18T13:52:21","slug":"proyecto-destinado-a-ferias-libres-entregara-recursos-para-su-modernizacion","status":"publish","type":"post","link":"https:\/\/eltrabajo.cl\/portal\/proyecto-destinado-a-ferias-libres-entregara-recursos-para-su-modernizacion\/","title":{"rendered":"Proyecto destinado a ferias libres entregar\u00e1 recursos para su modernizaci\u00f3n"},"content":{"rendered":"<figure id=\"attachment_18142\" aria-describedby=\"caption-attachment-18142\" style=\"width: 600px\" class=\"wp-caption alignnone\"><a href=\"http:\/\/www.eltrabajo.cl\/portal\/2012\/05\/proyecto-destinado-a-ferias-libres-entregara-recursos-para-su-modernizacion\/programa-ferias-libres-1\/\" rel=\"attachment wp-att-18142\"><img data-recalc-dims=\"1\" loading=\"lazy\" decoding=\"async\" class=\"size-full wp-image-18142\" title=\"programa ferias libres (1)\" src=\"https:\/\/i0.wp.com\/www.eltrabajo.cl\/portal\/wp-content\/uploads\/2012\/05\/programa-ferias-libres-1.jpg?resize=600%2C450\" alt=\"\" width=\"600\" height=\"450\" srcset=\"https:\/\/i0.wp.com\/eltrabajo.cl\/portal\/wp-content\/uploads\/2012\/05\/programa-ferias-libres-1.jpg?w=600&amp;ssl=1 600w, https:\/\/i0.wp.com\/eltrabajo.cl\/portal\/wp-content\/uploads\/2012\/05\/programa-ferias-libres-1.jpg?resize=200%2C150&amp;ssl=1 200w, https:\/\/i0.wp.com\/eltrabajo.cl\/portal\/wp-content\/uploads\/2012\/05\/programa-ferias-libres-1.jpg?resize=300%2C225&amp;ssl=1 300w, https:\/\/i0.wp.com\/eltrabajo.cl\/portal\/wp-content\/uploads\/2012\/05\/programa-ferias-libres-1.jpg?resize=150%2C112&amp;ssl=1 150w, https:\/\/i0.wp.com\/eltrabajo.cl\/portal\/wp-content\/uploads\/2012\/05\/programa-ferias-libres-1.jpg?resize=400%2C300&amp;ssl=1 400w\" sizes=\"auto, (max-width: 600px) 100vw, 600px\" \/><\/a><figcaption id=\"caption-attachment-18142\" class=\"wp-caption-text\">Las autoridades realizaron un recorrido por la feria municipal de San Felipe.<\/figcaption><\/figure>\n<p>Este jueves fue lanzado el programa de modernizaci\u00f3n de ferias libres, que contempla un subsidio para los comerciantes agrupados en sindicados, y que tiene como objetivo modernizar las ferias, mejorar su infraestructura y las condiciones en que funcionan.<\/p>\n<p>El lanzamiento en San Felipe se realiz\u00f3 en la feria municipal de la comuna, hasta donde se traslad\u00f3 la Gobernadora Patricia Boffa y el Director Regional de Sercotec, Luis Rivera.<\/p>\n<p>Las autoridades realizaron un recorrido por las instalaciones para entregar la informaci\u00f3n a los comerciantes, para organizarse y postular al programa, muchos de los cuales se mostraron esc\u00e9pticos de poder acceder a recursos que permitan su mejoramiento.<\/p>\n<p>\u201cEllos muchas veces est\u00e1n esc\u00e9pticos y yo los entiendo, muchas veces se han quedado con las ganas de poder postular, hoy les dijimos que el Gobierno cumple y estamos haciendo todo lo posible porque estas personas se vean beneficiadas con los programas\u201d, dijo Boffa.<\/p>\n<p>Este programa busca modernizar las ferias libres, y entregarles las herramientas necesarias para que mejoren, incorporando avances en infraestructura, imagen corporativa y capacitaci\u00f3n en atenci\u00f3n al cliente, adem\u00e1s de una serie de aspectos.<\/p>\n<p>\u201cUna serie de cosas que le van a permitir ser un lugar agradable para que la gente venga y pueda encontrar la mejor fruta y verdura a excelente precio y calidad\u201d, se\u00f1al\u00f3 Rivera.<\/p>\n<p>Para postular a este programa los comerciantes deben acceder al sitio ww.sercotec.cl, donde se encuentra toda la informaci\u00f3n al respecto, o bien trasladarse hasta la oficina provincial de Sercotec, que se ubica en el quinto piso del edificio de la Gobernaci\u00f3n provincial en San Felipe.<\/p>\n<p>El programa contempla la entrega de recursos para habilitaci\u00f3n de infraestructura cuando las ferias se encuentran dentro de un recinto, mientras que cuando es itinerante, las mejoras se refieren a toldos, fierros, cierres perimetrales.<\/p>\n<p>Adem\u00e1s la idea es que los comerciantes reciban capacitaci\u00f3n para mejorar la imagen del local.<\/p>\n<p>\u201cLa feria libre es un patrimonio nacional y nosotros tenemos el deber de apoyarlos\u201d, se\u00f1al\u00f3 Rivera.<\/p>\n<p>El tope m\u00e1ximo de dineros que podr\u00e1n recibir por m\u00f3dulo es de 180 mil pesos, y deben postular como agrupaci\u00f3n, con un m\u00ednimo de 15 puestos.<\/p>\n<p>Mar\u00eda Elena Silva, presidenta de los copropietarios de la feria central, calific\u00f3 como positiva la iniciativa, aunque reconoci\u00f3 que los comerciantes se encuentran esc\u00e9pticos de poder acceder a este beneficio, porque en anteriores oportunidades hab\u00edan recibido una respuesta negativa para realizar una modernizaci\u00f3n a la feria.<\/p>\n<p>\u201cEra algo que yo estaba buscando, desde antes de ser presidenta, espero que logre concretarse esto, tengo la esperanza de que as\u00ed sea\u201d.<\/p>\n","protected":false},"excerpt":{"rendered":"<p>Este jueves fue lanzado el programa de modernizaci\u00f3n de ferias libres, que contempla un subsidio para los comerciantes agrupados en sindicados, y que tiene como objetivo modernizar las ferias, mejorar su infraestructura&#8230;<\/p>\n","protected":false},"author":482,"featured_media":18142,"comment_status":"open","ping_status":"closed","sticky":false,"template":"","format":"standard","meta":{"advanced_seo_description":"","jetpack_seo_html_title":"","jetpack_seo_noindex":false,"_jetpack_memberships_contains_paid_content":false,"footnotes":""},"categories":[1],"tags":[],"class_list":["post-18141","post","type-post","status-publish","format-standard","has-post-thumbnail","hentry","category-cronica"],"jetpack_featured_media_url":"https:\/\/i0.wp.com\/eltrabajo.cl\/portal\/wp-content\/uploads\/2012\/05\/programa-ferias-libres-1.jpg?fit=600%2C450&ssl=1","jetpack_sharing_enabled":true,"jetpack_likes_enabled":true,"jetpack-related-posts":[],"_links":{"self":[{"href":"https:\/\/eltrabajo.cl\/portal\/wp-json\/wp\/v2\/posts\/18141","targetHints":{"allow":["GET"]}}],"collection":[{"href":"https:\/\/eltrabajo.cl\/portal\/wp-json\/wp\/v2\/posts"}],"about":[{"href":"https:\/\/eltrabajo.cl\/portal\/wp-json\/wp\/v2\/types\/post"}],"author":[{"embeddable":true,"href":"https:\/\/eltrabajo.cl\/portal\/wp-json\/wp\/v2\/users\/482"}],"replies":[{"embeddable":true,"href":"https:\/\/eltrabajo.cl\/portal\/wp-json\/wp\/v2\/comments?post=18141"}],"version-history":[{"count":0,"href":"https:\/\/eltrabajo.cl\/portal\/wp-json\/wp\/v2\/posts\/18141\/revisions"}],"wp:featuredmedia":[{"embeddable":true,"href":"https:\/\/eltrabajo.cl\/portal\/wp-json\/wp\/v2\/media\/18142"}],"wp:attachment":[{"href":"https:\/\/eltrabajo.cl\/portal\/wp-json\/wp\/v2\/media?parent=18141"}],"wp:term":[{"taxonomy":"category","embeddable":true,"href":"https:\/\/eltrabajo.cl\/portal\/wp-json\/wp\/v2\/categories?post=18141"},{"taxonomy":"post_tag","embeddable":true,"href":"https:\/\/eltrabajo.cl\/portal\/wp-json\/wp\/v2\/tags?post=18141"}],"curies":[{"name":"wp","href":"https:\/\/api.w.org\/{rel}","templated":true}]}}