{"id":18145,"date":"2012-05-18T09:56:15","date_gmt":"2012-05-18T13:56:15","guid":{"rendered":"http:\/\/www.eltrabajo.cl\/portal\/?p=18145"},"modified":"2012-05-18T09:56:15","modified_gmt":"2012-05-18T13:56:15","slug":"vecinos-de-villa-san-rafael-exigen-solucion-a-problema-sanitario-que-viven","status":"publish","type":"post","link":"https:\/\/eltrabajo.cl\/portal\/vecinos-de-villa-san-rafael-exigen-solucion-a-problema-sanitario-que-viven\/","title":{"rendered":"Vecinos de villa San Rafael exigen soluci\u00f3n a problema sanitario que viven"},"content":{"rendered":"<figure id=\"attachment_18146\" aria-describedby=\"caption-attachment-18146\" style=\"width: 600px\" class=\"wp-caption alignnone\"><a href=\"http:\/\/www.eltrabajo.cl\/portal\/2012\/05\/vecinos-de-villa-san-rafael-exigen-solucion-a-problema-sanitario-que-viven\/vecinos-protestando\/\" rel=\"attachment wp-att-18146\"><img data-recalc-dims=\"1\" loading=\"lazy\" decoding=\"async\" class=\"size-full wp-image-18146\" title=\"vecinos protestando\" src=\"https:\/\/i0.wp.com\/www.eltrabajo.cl\/portal\/wp-content\/uploads\/2012\/05\/vecinos-protestando.jpg?resize=600%2C450\" alt=\"\" width=\"600\" height=\"450\" srcset=\"https:\/\/i0.wp.com\/eltrabajo.cl\/portal\/wp-content\/uploads\/2012\/05\/vecinos-protestando.jpg?w=600&amp;ssl=1 600w, https:\/\/i0.wp.com\/eltrabajo.cl\/portal\/wp-content\/uploads\/2012\/05\/vecinos-protestando.jpg?resize=200%2C150&amp;ssl=1 200w, https:\/\/i0.wp.com\/eltrabajo.cl\/portal\/wp-content\/uploads\/2012\/05\/vecinos-protestando.jpg?resize=300%2C225&amp;ssl=1 300w, https:\/\/i0.wp.com\/eltrabajo.cl\/portal\/wp-content\/uploads\/2012\/05\/vecinos-protestando.jpg?resize=150%2C112&amp;ssl=1 150w, https:\/\/i0.wp.com\/eltrabajo.cl\/portal\/wp-content\/uploads\/2012\/05\/vecinos-protestando.jpg?resize=400%2C300&amp;ssl=1 400w\" sizes=\"auto, (max-width: 600px) 100vw, 600px\" \/><\/a><figcaption id=\"caption-attachment-18146\" class=\"wp-caption-text\">Una peque\u00f1a protesta realizaron los vecinos que est\u00e1n siendo afectados.<\/figcaption><\/figure>\n<p>Alrededor de 20 familias de la villa San Rafael est\u00e1n atravesando una complicada situaci\u00f3n, ya que el sistema de pozos s\u00e9pticos que ellos tienen est\u00e1 colapsando cada cierto tiempo, desde hace alrededor de un a\u00f1o.<\/p>\n<p>Los vecinos han acudido a las autoridades de la provincia, pero lamentablemente no han recibido ninguna soluci\u00f3n a su problema, el que se sigue presentando.<\/p>\n<figure id=\"attachment_18147\" aria-describedby=\"caption-attachment-18147\" style=\"width: 300px\" class=\"wp-caption alignright\"><a href=\"http:\/\/www.eltrabajo.cl\/portal\/2012\/05\/vecinos-de-villa-san-rafael-exigen-solucion-a-problema-sanitario-que-viven\/camara-y-pozo-1\/\" rel=\"attachment wp-att-18147\"><img data-recalc-dims=\"1\" loading=\"lazy\" decoding=\"async\" class=\"size-medium wp-image-18147\" title=\"camara y pozo (1)\" src=\"https:\/\/i0.wp.com\/www.eltrabajo.cl\/portal\/wp-content\/uploads\/2012\/05\/camara-y-pozo-1-300x225.jpg?resize=300%2C225\" alt=\"\" width=\"300\" height=\"225\" srcset=\"https:\/\/i0.wp.com\/eltrabajo.cl\/portal\/wp-content\/uploads\/2012\/05\/camara-y-pozo-1.jpg?resize=300%2C225&amp;ssl=1 300w, https:\/\/i0.wp.com\/eltrabajo.cl\/portal\/wp-content\/uploads\/2012\/05\/camara-y-pozo-1.jpg?resize=200%2C150&amp;ssl=1 200w, https:\/\/i0.wp.com\/eltrabajo.cl\/portal\/wp-content\/uploads\/2012\/05\/camara-y-pozo-1.jpg?resize=150%2C112&amp;ssl=1 150w, https:\/\/i0.wp.com\/eltrabajo.cl\/portal\/wp-content\/uploads\/2012\/05\/camara-y-pozo-1.jpg?resize=400%2C300&amp;ssl=1 400w, https:\/\/i0.wp.com\/eltrabajo.cl\/portal\/wp-content\/uploads\/2012\/05\/camara-y-pozo-1.jpg?w=600&amp;ssl=1 600w\" sizes=\"auto, (max-width: 300px) 100vw, 300px\" \/><\/a><figcaption id=\"caption-attachment-18147\" class=\"wp-caption-text\">La c\u00e1mara se encuentra colapsada, ya que el pozo se llena cada cierto tiempo y los vecinos deben gastar alrededor de 60 mil pesos en limpiarlo, una suma que no est\u00e1 al alcance de todos los vecinos.<\/figcaption><\/figure>\n<p>Seg\u00fan explica Nelly Navarrete, dirigenta de la villa San Rafael, los pozos, debido a su tama\u00f1o, de 2,5 metros, se llenan de los desechos sanitarios, los que comienzan a salir por la ducha y la c\u00e1mara sanitaria.<\/p>\n<p>\u201cUno tira la cadena y se devuelve por la ducha, entonces se puede ver que hay muchas personas adultas y c\u00f3mo nos ba\u00f1amos, nos han ofrecido montones de soluciones, que nos van a hacer c\u00e1mara desengrasante, que nos van a venir a hacer otro pozo, que nos van a conectar a alcantarillado, pero hasta el momento nada\u201d.<\/p>\n<p>El problema se ve acentuado, debido a que los pozos son utilizados por dos casas, y algunas de estas viviendas son usadas por familias bastante numerosas, lo que hace que el pozo se llene m\u00e1s r\u00e1pidamente.<\/p>\n<p>El hecho de que los residuos sanitarios se rebalsen de las c\u00e1maras y del pozo, ha producido que el olor que se siente, especialmente por las noches, sea insoportable para los vecinos.<\/p>\n<figure id=\"attachment_18148\" aria-describedby=\"caption-attachment-18148\" style=\"width: 210px\" class=\"wp-caption alignleft\"><a href=\"http:\/\/www.eltrabajo.cl\/portal\/2012\/05\/vecinos-de-villa-san-rafael-exigen-solucion-a-problema-sanitario-que-viven\/nelly-navarrete-1\/\" rel=\"attachment wp-att-18148\"><img data-recalc-dims=\"1\" loading=\"lazy\" decoding=\"async\" class=\"size-medium wp-image-18148 \" title=\"nelly navarrete (1)\" src=\"https:\/\/i0.wp.com\/www.eltrabajo.cl\/portal\/wp-content\/uploads\/2012\/05\/nelly-navarrete-1-300x225.jpg?resize=210%2C158\" alt=\"\" width=\"210\" height=\"158\" srcset=\"https:\/\/i0.wp.com\/eltrabajo.cl\/portal\/wp-content\/uploads\/2012\/05\/nelly-navarrete-1.jpg?resize=300%2C225&amp;ssl=1 300w, https:\/\/i0.wp.com\/eltrabajo.cl\/portal\/wp-content\/uploads\/2012\/05\/nelly-navarrete-1.jpg?resize=200%2C150&amp;ssl=1 200w, https:\/\/i0.wp.com\/eltrabajo.cl\/portal\/wp-content\/uploads\/2012\/05\/nelly-navarrete-1.jpg?resize=150%2C112&amp;ssl=1 150w, https:\/\/i0.wp.com\/eltrabajo.cl\/portal\/wp-content\/uploads\/2012\/05\/nelly-navarrete-1.jpg?resize=400%2C300&amp;ssl=1 400w, https:\/\/i0.wp.com\/eltrabajo.cl\/portal\/wp-content\/uploads\/2012\/05\/nelly-navarrete-1.jpg?w=600&amp;ssl=1 600w\" sizes=\"auto, (max-width: 210px) 100vw, 210px\" \/><\/a><figcaption id=\"caption-attachment-18148\" class=\"wp-caption-text\">Nelly Navarrete es dirigenta del sector y se\u00f1al\u00f3 que la situaci\u00f3n ya es insoportable, ya que el olor de los desechos no lo pueden aguantar.<\/figcaption><\/figure>\n<p>adem\u00e1s habr\u00eda generado enfermedades seg\u00fan la dirigenta, ya que varias personas han sufrido colitis.<\/p>\n<p>\u201cEstamos pidiendo que nos ayuden para una soluci\u00f3n definitiva para los pozos, porque no tenemos para pagar todos los meses el cami\u00f3n\u201d, dijo Nelly, ya que el costo de la visita del cami\u00f3n limpia fosas es de 60 mil pesos, una suma inalcanzable para varias familias del sector, que son jubilados.<\/p>\n<p>El caso de estos vecinos ya fue conocido por la Oficina de la Seremi de Salud de Aconcagua, ya que los profesionales realizaron una visita el 1 de marzo del 2012, oportunidad en que solamente se estableci\u00f3 cual era la situaci\u00f3n.<\/p>\n","protected":false},"excerpt":{"rendered":"<p>Alrededor de 20 familias de la villa San Rafael est\u00e1n atravesando una complicada situaci\u00f3n, ya que el sistema de pozos s\u00e9pticos que ellos tienen est\u00e1 colapsando cada cierto tiempo, desde hace alrededor&#8230;<\/p>\n","protected":false},"author":482,"featured_media":18146,"comment_status":"open","ping_status":"closed","sticky":false,"template":"","format":"standard","meta":{"advanced_seo_description":"","jetpack_seo_html_title":"","jetpack_seo_noindex":false,"_jetpack_memberships_contains_paid_content":false,"footnotes":""},"categories":[15],"tags":[],"class_list":["post-18145","post","type-post","status-publish","format-standard","has-post-thumbnail","hentry","category-comunidad"],"jetpack_featured_media_url":"https:\/\/i0.wp.com\/eltrabajo.cl\/portal\/wp-content\/uploads\/2012\/05\/vecinos-protestando.jpg?fit=600%2C450&ssl=1","jetpack_sharing_enabled":true,"jetpack_likes_enabled":true,"jetpack-related-posts":[],"_links":{"self":[{"href":"https:\/\/eltrabajo.cl\/portal\/wp-json\/wp\/v2\/posts\/18145","targetHints":{"allow":["GET"]}}],"collection":[{"href":"https:\/\/eltrabajo.cl\/portal\/wp-json\/wp\/v2\/posts"}],"about":[{"href":"https:\/\/eltrabajo.cl\/portal\/wp-json\/wp\/v2\/types\/post"}],"author":[{"embeddable":true,"href":"https:\/\/eltrabajo.cl\/portal\/wp-json\/wp\/v2\/users\/482"}],"replies":[{"embeddable":true,"href":"https:\/\/eltrabajo.cl\/portal\/wp-json\/wp\/v2\/comments?post=18145"}],"version-history":[{"count":0,"href":"https:\/\/eltrabajo.cl\/portal\/wp-json\/wp\/v2\/posts\/18145\/revisions"}],"wp:featuredmedia":[{"embeddable":true,"href":"https:\/\/eltrabajo.cl\/portal\/wp-json\/wp\/v2\/media\/18146"}],"wp:attachment":[{"href":"https:\/\/eltrabajo.cl\/portal\/wp-json\/wp\/v2\/media?parent=18145"}],"wp:term":[{"taxonomy":"category","embeddable":true,"href":"https:\/\/eltrabajo.cl\/portal\/wp-json\/wp\/v2\/categories?post=18145"},{"taxonomy":"post_tag","embeddable":true,"href":"https:\/\/eltrabajo.cl\/portal\/wp-json\/wp\/v2\/tags?post=18145"}],"curies":[{"name":"wp","href":"https:\/\/api.w.org\/{rel}","templated":true}]}}