{"id":18151,"date":"2012-05-18T10:02:32","date_gmt":"2012-05-18T14:02:32","guid":{"rendered":"http:\/\/www.eltrabajo.cl\/portal\/?p=18151"},"modified":"2012-05-18T10:02:32","modified_gmt":"2012-05-18T14:02:32","slug":"vecinos-aseguran-que-%e2%80%98ratones-gigantes%e2%80%99-del-estero-quilpue-invaden-sus-casas","status":"publish","type":"post","link":"https:\/\/eltrabajo.cl\/portal\/vecinos-aseguran-que-%e2%80%98ratones-gigantes%e2%80%99-del-estero-quilpue-invaden-sus-casas\/","title":{"rendered":"Vecinos aseguran que \u2018ratones gigantes\u2019 del estero Quilpu\u00e9 invaden sus casas"},"content":{"rendered":"<figure id=\"attachment_18152\" aria-describedby=\"caption-attachment-18152\" style=\"width: 600px\" class=\"wp-caption alignnone\"><a href=\"http:\/\/www.eltrabajo.cl\/portal\/2012\/05\/vecinos-aseguran-que-%e2%80%98ratones-gigantes%e2%80%99-del-estero-quilpue-invaden-sus-casas\/basura1-3\/\" rel=\"attachment wp-att-18152\"><img data-recalc-dims=\"1\" loading=\"lazy\" decoding=\"async\" class=\"size-full wp-image-18152\" title=\"Basura1\" src=\"https:\/\/i0.wp.com\/www.eltrabajo.cl\/portal\/wp-content\/uploads\/2012\/05\/Basura11.jpg?resize=600%2C450\" alt=\"\" width=\"600\" height=\"450\" srcset=\"https:\/\/i0.wp.com\/eltrabajo.cl\/portal\/wp-content\/uploads\/2012\/05\/Basura11.jpg?w=600&amp;ssl=1 600w, https:\/\/i0.wp.com\/eltrabajo.cl\/portal\/wp-content\/uploads\/2012\/05\/Basura11.jpg?resize=200%2C150&amp;ssl=1 200w, https:\/\/i0.wp.com\/eltrabajo.cl\/portal\/wp-content\/uploads\/2012\/05\/Basura11.jpg?resize=300%2C225&amp;ssl=1 300w, https:\/\/i0.wp.com\/eltrabajo.cl\/portal\/wp-content\/uploads\/2012\/05\/Basura11.jpg?resize=150%2C112&amp;ssl=1 150w, https:\/\/i0.wp.com\/eltrabajo.cl\/portal\/wp-content\/uploads\/2012\/05\/Basura11.jpg?resize=400%2C300&amp;ssl=1 400w\" sizes=\"auto, (max-width: 600px) 100vw, 600px\" \/><\/a><figcaption id=\"caption-attachment-18152\" class=\"wp-caption-text\">Los vecinos de Hacienda Quilpu\u00e9 aseguran que los desechos son tirados al estero por gente que vive fuera de su poblaci\u00f3n.<\/figcaption><\/figure>\n<p>Roberto Gonz\u00e1lez Short &#8211; <a href=\"mailto:rgonzalez@eltrabajo.cl\">rgonzalez@eltrabajo.cl<\/a><\/p>\n<p>&nbsp;<\/p>\n<figure id=\"attachment_18153\" aria-describedby=\"caption-attachment-18153\" style=\"width: 300px\" class=\"wp-caption alignright\"><a href=\"http:\/\/www.eltrabajo.cl\/portal\/2012\/05\/vecinos-aseguran-que-%e2%80%98ratones-gigantes%e2%80%99-del-estero-quilpue-invaden-sus-casas\/sillones1\/\" rel=\"attachment wp-att-18153\"><img data-recalc-dims=\"1\" loading=\"lazy\" decoding=\"async\" class=\"size-medium wp-image-18153\" title=\"Sillones1\" src=\"https:\/\/i0.wp.com\/www.eltrabajo.cl\/portal\/wp-content\/uploads\/2012\/05\/Sillones1-300x225.jpg?resize=300%2C225\" alt=\"\" width=\"300\" height=\"225\" srcset=\"https:\/\/i0.wp.com\/eltrabajo.cl\/portal\/wp-content\/uploads\/2012\/05\/Sillones1.jpg?resize=300%2C225&amp;ssl=1 300w, https:\/\/i0.wp.com\/eltrabajo.cl\/portal\/wp-content\/uploads\/2012\/05\/Sillones1.jpg?resize=200%2C150&amp;ssl=1 200w, https:\/\/i0.wp.com\/eltrabajo.cl\/portal\/wp-content\/uploads\/2012\/05\/Sillones1.jpg?resize=150%2C112&amp;ssl=1 150w, https:\/\/i0.wp.com\/eltrabajo.cl\/portal\/wp-content\/uploads\/2012\/05\/Sillones1.jpg?resize=400%2C300&amp;ssl=1 400w, https:\/\/i0.wp.com\/eltrabajo.cl\/portal\/wp-content\/uploads\/2012\/05\/Sillones1.jpg?w=600&amp;ssl=1 600w\" sizes=\"auto, (max-width: 300px) 100vw, 300px\" \/><\/a><figcaption id=\"caption-attachment-18153\" class=\"wp-caption-text\">Hasta sillones usados son tirados al cauce del estero. La Dipma asegura que en los siguientes d\u00edas abordar\u00e1n el problema.<\/figcaption><\/figure>\n<p>&nbsp;<\/p>\n<p>Muy preocupados se encuentran los vecinos de la poblaci\u00f3n Hacienda de Quilpu\u00e9 en relaci\u00f3n al estado de suciedad en que se encuentra el estero San Francisco, m\u00e1s conocido como \u2018Estero Quilpu\u00e9\u2019, en el que las c\u00e1maras de Diario El Trabajo registraron la permanencia de algunos sillones, botellas y basura dejada ah\u00ed por personas poco responsables con su entorno.<\/p>\n<p>\u00abAqu\u00ed vivimos unas 82 familias que estamos denunciando la asquerosidad del estero que est\u00e1 lleno de grandes ratones que en realidad parecen guarenes por lo grandes que son\u00bb explic\u00f3 a nuestro medio Erna N\u00fa\u00f1ez, Presidente de la Junta Vecinal N\u00ba 27 de la poblaci\u00f3n Hacienda Quilpu\u00e9.<\/p>\n<p><strong>RATONES HASTA POR LOS TECHOS<\/strong><\/p>\n<p>Lo m\u00e1s alarmante, seg\u00fan asegura Erna N\u00fa\u00f1ez, son los grandes ratones que viven en dicho estero y que regularmente entran al vecindario en busca de alimentos.<\/p>\n<figure id=\"attachment_18154\" aria-describedby=\"caption-attachment-18154\" style=\"width: 204px\" class=\"wp-caption alignleft\"><a href=\"http:\/\/www.eltrabajo.cl\/portal\/2012\/05\/vecinos-aseguran-que-%e2%80%98ratones-gigantes%e2%80%99-del-estero-quilpue-invaden-sus-casas\/gaston1-2\/\" rel=\"attachment wp-att-18154\"><img data-recalc-dims=\"1\" loading=\"lazy\" decoding=\"async\" class=\"size-medium wp-image-18154 \" title=\"Gast\u00f3n1\" src=\"https:\/\/i0.wp.com\/www.eltrabajo.cl\/portal\/wp-content\/uploads\/2012\/05\/Gast%C3%B3n11-291x300.jpg?resize=204%2C210\" alt=\"\" width=\"204\" height=\"210\" srcset=\"https:\/\/i0.wp.com\/eltrabajo.cl\/portal\/wp-content\/uploads\/2012\/05\/Gast%C3%B3n11.jpg?resize=291%2C300&amp;ssl=1 291w, https:\/\/i0.wp.com\/eltrabajo.cl\/portal\/wp-content\/uploads\/2012\/05\/Gast%C3%B3n11.jpg?resize=145%2C150&amp;ssl=1 145w, https:\/\/i0.wp.com\/eltrabajo.cl\/portal\/wp-content\/uploads\/2012\/05\/Gast%C3%B3n11.jpg?resize=400%2C412&amp;ssl=1 400w, https:\/\/i0.wp.com\/eltrabajo.cl\/portal\/wp-content\/uploads\/2012\/05\/Gast%C3%B3n11.jpg?w=994&amp;ssl=1 994w\" sizes=\"auto, (max-width: 204px) 100vw, 204px\" \/><\/a><figcaption id=\"caption-attachment-18154\" class=\"wp-caption-text\">Gast\u00f3n Hern\u00e1ndez, personero de la Dipma.<\/figcaption><\/figure>\n<p>\u00abEstos ratones se meten a nuestras casas y algunos andan por los techos, nosotros estamos a la espera desde hace unas semanas a que la Municipalidad disponga de las m\u00e1quinas, pero me dicen que este problema no es tan urgente\u00bb, comenta Erna a Diario El Trabajo.<\/p>\n<p>En ese sentido, la Dipma gir\u00f3 \u00f3rdenes en forma interna para solucionar la situaci\u00f3n denunciada por esta junta vecinal.<\/p>\n<figure id=\"attachment_18155\" aria-describedby=\"caption-attachment-18155\" style=\"width: 187px\" class=\"wp-caption alignright\"><a href=\"http:\/\/www.eltrabajo.cl\/portal\/2012\/05\/vecinos-aseguran-que-%e2%80%98ratones-gigantes%e2%80%99-del-estero-quilpue-invaden-sus-casas\/presidente1-3\/\" rel=\"attachment wp-att-18155\"><img data-recalc-dims=\"1\" loading=\"lazy\" decoding=\"async\" class=\"size-medium wp-image-18155 \" title=\"Presidente1\" src=\"https:\/\/i0.wp.com\/www.eltrabajo.cl\/portal\/wp-content\/uploads\/2012\/05\/Presidente1-267x300.jpg?resize=187%2C210\" alt=\"\" width=\"187\" height=\"210\" srcset=\"https:\/\/i0.wp.com\/eltrabajo.cl\/portal\/wp-content\/uploads\/2012\/05\/Presidente1.jpg?resize=267%2C300&amp;ssl=1 267w, https:\/\/i0.wp.com\/eltrabajo.cl\/portal\/wp-content\/uploads\/2012\/05\/Presidente1.jpg?resize=133%2C150&amp;ssl=1 133w, https:\/\/i0.wp.com\/eltrabajo.cl\/portal\/wp-content\/uploads\/2012\/05\/Presidente1.jpg?resize=400%2C448&amp;ssl=1 400w, https:\/\/i0.wp.com\/eltrabajo.cl\/portal\/wp-content\/uploads\/2012\/05\/Presidente1.jpg?w=914&amp;ssl=1 914w\" sizes=\"auto, (max-width: 187px) 100vw, 187px\" \/><\/a><figcaption id=\"caption-attachment-18155\" class=\"wp-caption-text\">Erna N\u00fa\u00f1ez, Presidente de la Junta Vecinal N\u00ba 27 de la poblaci\u00f3n Hacienda de Quilpu\u00e9.<\/figcaption><\/figure>\n<p>\u00abEs la primera vez que me entero de este reclamo en lo que va del a\u00f1o, este jueves (ayer) gir\u00e9 la solicitud para que el Departamento de Aseo y Ornato genere un operativo de limpieza en el sector se\u00f1alado, posiblemente coloquemos algunas trampas para sacar a todos los ratones que sea posible\u00bb, respondi\u00f3 Gast\u00f3n Hern\u00e1ndez, personero de la Direcci\u00f3n de Protecci\u00f3n y Medio Ambiente (Dipma), al ser consultado.<\/p>\n","protected":false},"excerpt":{"rendered":"<p>Roberto Gonz\u00e1lez Short &#8211; rgonzalez@eltrabajo.cl &nbsp; &nbsp; Muy preocupados se encuentran los vecinos de la poblaci\u00f3n Hacienda de Quilpu\u00e9 en relaci\u00f3n al estado de suciedad en que se encuentra el estero San&#8230;<\/p>\n","protected":false},"author":482,"featured_media":18152,"comment_status":"open","ping_status":"closed","sticky":false,"template":"","format":"standard","meta":{"advanced_seo_description":"","jetpack_seo_html_title":"","jetpack_seo_noindex":false,"_jetpack_memberships_contains_paid_content":false,"footnotes":""},"categories":[15],"tags":[],"class_list":["post-18151","post","type-post","status-publish","format-standard","has-post-thumbnail","hentry","category-comunidad"],"jetpack_featured_media_url":"https:\/\/i0.wp.com\/eltrabajo.cl\/portal\/wp-content\/uploads\/2012\/05\/Basura11.jpg?fit=600%2C450&ssl=1","jetpack_sharing_enabled":true,"jetpack_likes_enabled":true,"jetpack-related-posts":[],"_links":{"self":[{"href":"https:\/\/eltrabajo.cl\/portal\/wp-json\/wp\/v2\/posts\/18151","targetHints":{"allow":["GET"]}}],"collection":[{"href":"https:\/\/eltrabajo.cl\/portal\/wp-json\/wp\/v2\/posts"}],"about":[{"href":"https:\/\/eltrabajo.cl\/portal\/wp-json\/wp\/v2\/types\/post"}],"author":[{"embeddable":true,"href":"https:\/\/eltrabajo.cl\/portal\/wp-json\/wp\/v2\/users\/482"}],"replies":[{"embeddable":true,"href":"https:\/\/eltrabajo.cl\/portal\/wp-json\/wp\/v2\/comments?post=18151"}],"version-history":[{"count":0,"href":"https:\/\/eltrabajo.cl\/portal\/wp-json\/wp\/v2\/posts\/18151\/revisions"}],"wp:featuredmedia":[{"embeddable":true,"href":"https:\/\/eltrabajo.cl\/portal\/wp-json\/wp\/v2\/media\/18152"}],"wp:attachment":[{"href":"https:\/\/eltrabajo.cl\/portal\/wp-json\/wp\/v2\/media?parent=18151"}],"wp:term":[{"taxonomy":"category","embeddable":true,"href":"https:\/\/eltrabajo.cl\/portal\/wp-json\/wp\/v2\/categories?post=18151"},{"taxonomy":"post_tag","embeddable":true,"href":"https:\/\/eltrabajo.cl\/portal\/wp-json\/wp\/v2\/tags?post=18151"}],"curies":[{"name":"wp","href":"https:\/\/api.w.org\/{rel}","templated":true}]}}