{"id":18184,"date":"2012-05-22T09:49:33","date_gmt":"2012-05-22T13:49:33","guid":{"rendered":"http:\/\/www.eltrabajo.cl\/portal\/?p=18184"},"modified":"2012-05-22T09:49:34","modified_gmt":"2012-05-22T13:49:34","slug":"%e2%80%98jesucristo-super-star%e2%80%99-y-otras-actividades-realizara-la-oficina-de-cultura-y-recreacion","status":"publish","type":"post","link":"https:\/\/eltrabajo.cl\/portal\/%e2%80%98jesucristo-super-star%e2%80%99-y-otras-actividades-realizara-la-oficina-de-cultura-y-recreacion\/","title":{"rendered":"\u2018Jesucristo S\u00faper Star\u2019 y otras actividades realizar\u00e1 la Oficina de Cultura y Recreaci\u00f3n"},"content":{"rendered":"<figure id=\"attachment_18185\" aria-describedby=\"caption-attachment-18185\" style=\"width: 300px\" class=\"wp-caption alignleft\"><a href=\"http:\/\/www.eltrabajo.cl\/portal\/2012\/05\/%e2%80%98jesucristo-super-star%e2%80%99-y-otras-actividades-realizara-la-oficina-de-cultura-y-recreacion\/copia-de-patricia-lolas\/\" rel=\"attachment wp-att-18185\"><img data-recalc-dims=\"1\" loading=\"lazy\" decoding=\"async\" class=\"size-medium wp-image-18185\" title=\"Copia de patricia lolas\" src=\"https:\/\/i0.wp.com\/www.eltrabajo.cl\/portal\/wp-content\/uploads\/2012\/05\/Copia-de-patricia-lolas-300x225.jpg?resize=300%2C225\" alt=\"\" width=\"300\" height=\"225\" srcset=\"https:\/\/i0.wp.com\/eltrabajo.cl\/portal\/wp-content\/uploads\/2012\/05\/Copia-de-patricia-lolas.jpg?resize=300%2C225&amp;ssl=1 300w, https:\/\/i0.wp.com\/eltrabajo.cl\/portal\/wp-content\/uploads\/2012\/05\/Copia-de-patricia-lolas.jpg?resize=200%2C150&amp;ssl=1 200w, https:\/\/i0.wp.com\/eltrabajo.cl\/portal\/wp-content\/uploads\/2012\/05\/Copia-de-patricia-lolas.jpg?resize=150%2C112&amp;ssl=1 150w, https:\/\/i0.wp.com\/eltrabajo.cl\/portal\/wp-content\/uploads\/2012\/05\/Copia-de-patricia-lolas.jpg?resize=400%2C300&amp;ssl=1 400w, https:\/\/i0.wp.com\/eltrabajo.cl\/portal\/wp-content\/uploads\/2012\/05\/Copia-de-patricia-lolas.jpg?w=600&amp;ssl=1 600w\" sizes=\"auto, (max-width: 300px) 100vw, 300px\" \/><\/a><figcaption id=\"caption-attachment-18185\" class=\"wp-caption-text\">La Coordinadora de la Oficina de Cultura realiz\u00f3 la invitaci\u00f3n a toda la comunidad a disfrutar de estos espect\u00e1culos.<\/figcaption><\/figure>\n<p>Una serie de actividades desarrollar\u00e1 la Oficina de Cultura y Recreaci\u00f3n de la Municipalidad de San Felipe, que forman parte de la agenda programada de la entidad durante el a\u00f1o. Esta semana, las actividades comenzar\u00e1n este mi\u00e9rcoles 23, con la celebraci\u00f3n del D\u00eda Internacional de la Danza, actividad que se desarrollar\u00e1 a las 19:30 horas en el Teatro Municipal de San Felipe y donde se presentar\u00e1n diferentes grupos y escuelas que forman parte de la Oficina de Cultura, adem\u00e1s del Ballet Folkl\u00f3rico, Ballet Cl\u00e1sico, danza flamenca, \u00e1rabe y moderna.<\/p>\n<p>La actividad es totalmente gratuita, por lo que la invitaci\u00f3n es a toda la comunidad a ver la presentaci\u00f3n. El Programa contin\u00faa el s\u00e1bado 26 de mayo, con una actividad que se desarrollar\u00e1 en conjunto con grupos culturales de la comuna, que tienen relaci\u00f3n con la m\u00fasica. Ese d\u00eda, desde las 15 horas en la Plaza C\u00edvica, se presentar\u00e1n alrededor de doce bandas locales.<\/p>\n<p>\u201cLa idea es difundir estas actividades, para que los j\u00f3venes que tienen ligaz\u00f3n a la m\u00fasica, puedan ser parte y conocer \u2018in situ\u2019 los tipos de grupos culturales y a lo que se dedican hoy d\u00eda estas organizaciones de la sociedad civil\u201d, se\u00f1al\u00f3 Patricia Lolas, coordinadora de la Oficina de Cultura y Recreaci\u00f3n.<\/p>\n<p>Ese mismo s\u00e1bado 26, a las 20 horas se realizar\u00e1 el estreno de un musical, que ser\u00e1 montado por los integrantes de un taller nuevo que se dicta al interior de Cultura.<\/p>\n<p>\u201cAqu\u00ed trabajamos netamente con j\u00f3venes en el \u00e1mbito de la actuaci\u00f3n, del teatro y del canto, estrenamos este s\u00e1bado 26 en el Gimnasio del Liceo Polit\u00e9cnico, la entrada tambi\u00e9n es totalmente gratuita, la obra \u2018Jesucristo S\u00faper Estrella\u00b4, con j\u00f3venes y adolescentes de nuestra comuna, que est\u00e1n trabajando desde el a\u00f1o 2011 en esta tem\u00e1tica\u201d explic\u00f3 Lolas.<\/p>\n","protected":false},"excerpt":{"rendered":"<p>Una serie de actividades desarrollar\u00e1 la Oficina de Cultura y Recreaci\u00f3n de la Municipalidad de San Felipe, que forman parte de la agenda programada de la entidad durante el a\u00f1o. Esta semana,&#8230;<\/p>\n","protected":false},"author":482,"featured_media":18185,"comment_status":"open","ping_status":"closed","sticky":false,"template":"","format":"standard","meta":{"advanced_seo_description":"","jetpack_seo_html_title":"","jetpack_seo_noindex":false,"_jetpack_memberships_contains_paid_content":false,"footnotes":""},"categories":[1],"tags":[],"class_list":["post-18184","post","type-post","status-publish","format-standard","has-post-thumbnail","hentry","category-cronica"],"jetpack_featured_media_url":"https:\/\/i0.wp.com\/eltrabajo.cl\/portal\/wp-content\/uploads\/2012\/05\/Copia-de-patricia-lolas.jpg?fit=600%2C451&ssl=1","jetpack_sharing_enabled":true,"jetpack_likes_enabled":true,"jetpack-related-posts":[],"_links":{"self":[{"href":"https:\/\/eltrabajo.cl\/portal\/wp-json\/wp\/v2\/posts\/18184","targetHints":{"allow":["GET"]}}],"collection":[{"href":"https:\/\/eltrabajo.cl\/portal\/wp-json\/wp\/v2\/posts"}],"about":[{"href":"https:\/\/eltrabajo.cl\/portal\/wp-json\/wp\/v2\/types\/post"}],"author":[{"embeddable":true,"href":"https:\/\/eltrabajo.cl\/portal\/wp-json\/wp\/v2\/users\/482"}],"replies":[{"embeddable":true,"href":"https:\/\/eltrabajo.cl\/portal\/wp-json\/wp\/v2\/comments?post=18184"}],"version-history":[{"count":0,"href":"https:\/\/eltrabajo.cl\/portal\/wp-json\/wp\/v2\/posts\/18184\/revisions"}],"wp:featuredmedia":[{"embeddable":true,"href":"https:\/\/eltrabajo.cl\/portal\/wp-json\/wp\/v2\/media\/18185"}],"wp:attachment":[{"href":"https:\/\/eltrabajo.cl\/portal\/wp-json\/wp\/v2\/media?parent=18184"}],"wp:term":[{"taxonomy":"category","embeddable":true,"href":"https:\/\/eltrabajo.cl\/portal\/wp-json\/wp\/v2\/categories?post=18184"},{"taxonomy":"post_tag","embeddable":true,"href":"https:\/\/eltrabajo.cl\/portal\/wp-json\/wp\/v2\/tags?post=18184"}],"curies":[{"name":"wp","href":"https:\/\/api.w.org\/{rel}","templated":true}]}}