{"id":18188,"date":"2012-05-22T09:51:07","date_gmt":"2012-05-22T13:51:07","guid":{"rendered":"http:\/\/www.eltrabajo.cl\/portal\/?p=18188"},"modified":"2012-05-22T09:51:07","modified_gmt":"2012-05-22T13:51:07","slug":"unas-23-familias-recibieron-sus-certificados-para-mejorar-su-nivel-de-vida","status":"publish","type":"post","link":"https:\/\/eltrabajo.cl\/portal\/unas-23-familias-recibieron-sus-certificados-para-mejorar-su-nivel-de-vida\/","title":{"rendered":"Unas 23 familias recibieron sus certificados para mejorar su nivel de vida"},"content":{"rendered":"<figure id=\"attachment_18189\" aria-describedby=\"caption-attachment-18189\" style=\"width: 600px\" class=\"wp-caption alignnone\"><a href=\"http:\/\/www.eltrabajo.cl\/portal\/2012\/05\/unas-23-familias-recibieron-sus-certificados-para-mejorar-su-nivel-de-vida\/soluciones1\/\" rel=\"attachment wp-att-18189\"><img data-recalc-dims=\"1\" loading=\"lazy\" decoding=\"async\" class=\"size-full wp-image-18189\" title=\"Soluciones1\" src=\"https:\/\/i0.wp.com\/www.eltrabajo.cl\/portal\/wp-content\/uploads\/2012\/05\/Soluciones1.jpg?resize=600%2C389\" alt=\"\" width=\"600\" height=\"389\" srcset=\"https:\/\/i0.wp.com\/eltrabajo.cl\/portal\/wp-content\/uploads\/2012\/05\/Soluciones1.jpg?w=600&amp;ssl=1 600w, https:\/\/i0.wp.com\/eltrabajo.cl\/portal\/wp-content\/uploads\/2012\/05\/Soluciones1.jpg?resize=200%2C129&amp;ssl=1 200w, https:\/\/i0.wp.com\/eltrabajo.cl\/portal\/wp-content\/uploads\/2012\/05\/Soluciones1.jpg?resize=300%2C194&amp;ssl=1 300w, https:\/\/i0.wp.com\/eltrabajo.cl\/portal\/wp-content\/uploads\/2012\/05\/Soluciones1.jpg?resize=150%2C97&amp;ssl=1 150w, https:\/\/i0.wp.com\/eltrabajo.cl\/portal\/wp-content\/uploads\/2012\/05\/Soluciones1.jpg?resize=400%2C259&amp;ssl=1 400w\" sizes=\"auto, (max-width: 600px) 100vw, 600px\" \/><\/a><figcaption id=\"caption-attachment-18189\" class=\"wp-caption-text\">En este acto, estuvieron presentes la Gobernadora Provincial Patricia Boffa, el Secretario regional de Desarrollo Social, Tomas Ochoa y el Alcalde Jaime Amar.<\/figcaption><\/figure>\n<p>Un total de 23 familias de la comuna de San Felipe, recibieron los certificados que acredita su egreso del programa de habitabilidad. Se trata de un Programa inserto en el marco del Sistema de Protecci\u00f3n Social Chile Solidario, el Ministerio de Desarrollo Social y la Ilustre Municipalidad de San Felipe, que permiti\u00f3 suscribir un convenio para la ejecuci\u00f3n del programa Habitabilidad Chile Solidario.<\/p>\n<p>Dicho Programa tiene como objetivo, potenciar las posibilidades y oportunidades de desarrollo, inclusi\u00f3n e integraci\u00f3n social de las familias y personas beneficiarias del Sistema Chile Solidario, a partir del cumplimiento de condiciones m\u00ednimas de calidad de vida de la dimensi\u00f3n habitabilidad.<\/p>\n<p>Los beneficiarios del Programa son 23 familias pertenecientes al Sistema de Protecci\u00f3n Social Chile Solidario, seleccionadas de acuerdo a criterios y diagn\u00f3stico de la situaci\u00f3n habitacional de las familias.<\/p>\n<p><strong>SOLUCIONANDO<\/strong><\/p>\n<p>En la pr\u00e1ctica, los recursos transferidos por la Seremi de Desarrollo Social, fueron 28 millones de pesos de los cuales, 22 millones 190 mil pesos, fueron directamente para las personas a trav\u00e9s de mejoramiento sistema el\u00e9ctrico con 17 Soluciones, mejoramiento sistema agua potable con dos Soluciones, reparaci\u00f3n de ba\u00f1os con dos Soluciones, sello de la vivienda y reparaci\u00f3n techumbre con once Soluciones, instalaci\u00f3n de ventanas y divisiones interiores que permiten contar con dos piezas habitables con ocho Soluciones, equipamiento de camas con la entrega de marquesa, colchones, s\u00e1banas, almohadas y frazadas para 18 familias, equipamiento para preparaci\u00f3n y consumo alimentos consistentes en bater\u00eda de cocina, juego de servicio y juego de tazas para 23 familias, Soluci\u00f3n constructiva persona con discapacidad consistente en rampa baranda y pasamanos en una familia.<\/p>\n<p>La construcci\u00f3n y entrega de estas Soluciones, se realiz\u00f3 de acuerdo a un diagn\u00f3stico t\u00e9cnico &#8211; social que elabora una dupla de profesionales contratados para estos efectos con recursos de proyecto, equivalentes a la suma de cuatro millones 30 mil pesos. La dupla tambi\u00e9n realiza el seguimiento, monitoreo y supervisi\u00f3n de las obras, las que son recepcionadas por un profesional que dispone el Fosis.<\/p>\n<p>Por su parte la Municipalidad de San Felipe aport\u00f3 directamente con horas profesionales que correspondieron a la coordinaci\u00f3n general del proyecto, coordinaci\u00f3n del equipo de trabajo, control financiero y administrativo del proyecto.<\/p>\n","protected":false},"excerpt":{"rendered":"<p>Un total de 23 familias de la comuna de San Felipe, recibieron los certificados que acredita su egreso del programa de habitabilidad. Se trata de un Programa inserto en el marco del&#8230;<\/p>\n","protected":false},"author":482,"featured_media":18189,"comment_status":"open","ping_status":"closed","sticky":false,"template":"","format":"standard","meta":{"advanced_seo_description":"","jetpack_seo_html_title":"","jetpack_seo_noindex":false,"_jetpack_memberships_contains_paid_content":false,"footnotes":""},"categories":[1],"tags":[],"class_list":["post-18188","post","type-post","status-publish","format-standard","has-post-thumbnail","hentry","category-cronica"],"jetpack_featured_media_url":"https:\/\/i0.wp.com\/eltrabajo.cl\/portal\/wp-content\/uploads\/2012\/05\/Soluciones1.jpg?fit=600%2C389&ssl=1","jetpack_sharing_enabled":true,"jetpack_likes_enabled":true,"jetpack-related-posts":[],"_links":{"self":[{"href":"https:\/\/eltrabajo.cl\/portal\/wp-json\/wp\/v2\/posts\/18188","targetHints":{"allow":["GET"]}}],"collection":[{"href":"https:\/\/eltrabajo.cl\/portal\/wp-json\/wp\/v2\/posts"}],"about":[{"href":"https:\/\/eltrabajo.cl\/portal\/wp-json\/wp\/v2\/types\/post"}],"author":[{"embeddable":true,"href":"https:\/\/eltrabajo.cl\/portal\/wp-json\/wp\/v2\/users\/482"}],"replies":[{"embeddable":true,"href":"https:\/\/eltrabajo.cl\/portal\/wp-json\/wp\/v2\/comments?post=18188"}],"version-history":[{"count":0,"href":"https:\/\/eltrabajo.cl\/portal\/wp-json\/wp\/v2\/posts\/18188\/revisions"}],"wp:featuredmedia":[{"embeddable":true,"href":"https:\/\/eltrabajo.cl\/portal\/wp-json\/wp\/v2\/media\/18189"}],"wp:attachment":[{"href":"https:\/\/eltrabajo.cl\/portal\/wp-json\/wp\/v2\/media?parent=18188"}],"wp:term":[{"taxonomy":"category","embeddable":true,"href":"https:\/\/eltrabajo.cl\/portal\/wp-json\/wp\/v2\/categories?post=18188"},{"taxonomy":"post_tag","embeddable":true,"href":"https:\/\/eltrabajo.cl\/portal\/wp-json\/wp\/v2\/tags?post=18188"}],"curies":[{"name":"wp","href":"https:\/\/api.w.org\/{rel}","templated":true}]}}