{"id":18192,"date":"2012-05-22T09:53:32","date_gmt":"2012-05-22T13:53:32","guid":{"rendered":"http:\/\/www.eltrabajo.cl\/portal\/?p=18192"},"modified":"2012-05-22T09:53:32","modified_gmt":"2012-05-22T13:53:32","slug":"municipio-sanfelipeno-acudira-a-la-corte-suprema-con-un-recurso-de-unificacion","status":"publish","type":"post","link":"https:\/\/eltrabajo.cl\/portal\/municipio-sanfelipeno-acudira-a-la-corte-suprema-con-un-recurso-de-unificacion\/","title":{"rendered":"Municipio sanfelipe\u00f1o acudir\u00e1 a la Corte Suprema con un Recurso de Unificaci\u00f3n"},"content":{"rendered":"<figure id=\"attachment_18193\" aria-describedby=\"caption-attachment-18193\" style=\"width: 300px\" class=\"wp-caption alignleft\"><a href=\"http:\/\/www.eltrabajo.cl\/portal\/2012\/05\/municipio-sanfelipeno-acudira-a-la-corte-suprema-con-un-recurso-de-unificacion\/paulina1-3\/\" rel=\"attachment wp-att-18193\"><img data-recalc-dims=\"1\" loading=\"lazy\" decoding=\"async\" class=\"size-medium wp-image-18193\" title=\"Paulina1\" src=\"https:\/\/i0.wp.com\/www.eltrabajo.cl\/portal\/wp-content\/uploads\/2012\/05\/Paulina1-300x262.jpg?resize=300%2C262\" alt=\"\" width=\"300\" height=\"262\" srcset=\"https:\/\/i0.wp.com\/eltrabajo.cl\/portal\/wp-content\/uploads\/2012\/05\/Paulina1.jpg?resize=300%2C262&amp;ssl=1 300w, https:\/\/i0.wp.com\/eltrabajo.cl\/portal\/wp-content\/uploads\/2012\/05\/Paulina1.jpg?resize=171%2C150&amp;ssl=1 171w, https:\/\/i0.wp.com\/eltrabajo.cl\/portal\/wp-content\/uploads\/2012\/05\/Paulina1.jpg?resize=150%2C131&amp;ssl=1 150w, https:\/\/i0.wp.com\/eltrabajo.cl\/portal\/wp-content\/uploads\/2012\/05\/Paulina1.jpg?resize=400%2C350&amp;ssl=1 400w, https:\/\/i0.wp.com\/eltrabajo.cl\/portal\/wp-content\/uploads\/2012\/05\/Paulina1.jpg?w=600&amp;ssl=1 600w\" sizes=\"auto, (max-width: 300px) 100vw, 300px\" \/><\/a><figcaption id=\"caption-attachment-18193\" class=\"wp-caption-text\">La abogada Paulina Fern\u00e1ndez, se\u00f1al\u00f3 que ahora presentar\u00e1n un Recurso de Unificaci\u00f3n, que tendr\u00e1 que ver la Corte Suprema.<\/figcaption><\/figure>\n<p>El jueves reci\u00e9n pasado, el Municipio de San Felipe fue notificado formalmente por la Corte de Apelaciones de Valpara\u00edso, del Fallo que emiti\u00f3 la Quinta Sala de la Corte, donde se estableci\u00f3 el rechazo al Recurso de Nulidad. Este Fallo fue emitido con fecha 16 de mayo por la Corte de Apelaciones, luego de que el Recurso fuera alegado por las partes la semana pasada.<\/p>\n<p>En ese Fallo, la Corte indic\u00f3 el rechazo del Recurso de Nulidad interpuesto por el Municipio de San Felipe y mantiene lo establecido por el Tribunal Laboral de San Felipe.<\/p>\n<p>Frente a este nuevo Fallo, la Municipalidad tiene un plazo de 15 d\u00edas para presentar en la Corte de Apelaciones de Valpara\u00edso un Recurso de Unificaci\u00f3n de Fallo, que no es revisado en esta instancia legal, sino que hace un examen de admisibilidad de este nuevo Recurso y posteriormente env\u00eda los antecedentes a la Corte Suprema, entidad que s\u00ed conoce del Recurso en su totalidad.<\/p>\n<p>\u201cEste Recurso, fundamentalmente nosotros lo vamos a presentar acompa\u00f1ando todos los Fallos de las distintas cortes, que le dieron en su oportunidad el favor al municipio, en el sentido de que el c\u00e1lculo para el pago del Bono SAE se hab\u00eda hecho de acuerdo a las instrucciones que hab\u00eda emitido en su oportunidad la Contralor\u00eda General de la Rep\u00fablica\u201d, se\u00f1al\u00f3 la abogada del municipio, Paulina Fern\u00e1ndez.<\/p>\n<p>Acompa\u00f1ando esos distintos Fallos, lo que la Municipalidad solicitar\u00e1 a la Corte Suprema, es que unifique de una vez la jurisprudencia y disponga que los municipios han calculado en forma correcta el Bono SAE y han procedido al pago y as\u00ed que se determine un criterio uniforme.<\/p>\n<p>\u201cAl mismo tiempo nosotros como municipio, vamos a solicitar la Suspensi\u00f3n del Procedimiento ante el Tribunal Laboral de San Felipe, lo que significa que el Tribunal no va a estar en condiciones a\u00fan de efectuar la liquidaci\u00f3n que se hab\u00eda ordenado en la Sentencia de Primera Instancia, hasta que la Corte Suprema no resuelva el Recurso de Unificaci\u00f3n de Fallo\u201d, dijo Fern\u00e1ndez.<\/p>\n<p>De acuerdo a lo se\u00f1alado por la abogada, la Corte Suprema podr\u00eda estar llamando a Alegato, en un plazo de un mes y medio o dos meses m\u00e1s.<\/p>\n<p>\u201cNo es menor ir a la Corte Suprema, en la Corte Suprema se constituyen salas especializadas en temas de Derecho Administrativo P\u00fablico, de manera que los ministros de la Corte Suprema, van a revisar todos estos Fallos que vamos a tener que acompa\u00f1ar en su oportunidad procesal y en definitiva van a determinar si existe o no, Unificaci\u00f3n en la Jurisprudencia\u201d.<\/p>\n","protected":false},"excerpt":{"rendered":"<p>El jueves reci\u00e9n pasado, el Municipio de San Felipe fue notificado formalmente por la Corte de Apelaciones de Valpara\u00edso, del Fallo que emiti\u00f3 la Quinta Sala de la Corte, donde se estableci\u00f3&#8230;<\/p>\n","protected":false},"author":482,"featured_media":18193,"comment_status":"open","ping_status":"closed","sticky":false,"template":"","format":"standard","meta":{"advanced_seo_description":"","jetpack_seo_html_title":"","jetpack_seo_noindex":false,"_jetpack_memberships_contains_paid_content":false,"footnotes":""},"categories":[1],"tags":[],"class_list":["post-18192","post","type-post","status-publish","format-standard","has-post-thumbnail","hentry","category-cronica"],"jetpack_featured_media_url":"https:\/\/i0.wp.com\/eltrabajo.cl\/portal\/wp-content\/uploads\/2012\/05\/Paulina1.jpg?fit=600%2C525&ssl=1","jetpack_sharing_enabled":true,"jetpack_likes_enabled":true,"jetpack-related-posts":[],"_links":{"self":[{"href":"https:\/\/eltrabajo.cl\/portal\/wp-json\/wp\/v2\/posts\/18192","targetHints":{"allow":["GET"]}}],"collection":[{"href":"https:\/\/eltrabajo.cl\/portal\/wp-json\/wp\/v2\/posts"}],"about":[{"href":"https:\/\/eltrabajo.cl\/portal\/wp-json\/wp\/v2\/types\/post"}],"author":[{"embeddable":true,"href":"https:\/\/eltrabajo.cl\/portal\/wp-json\/wp\/v2\/users\/482"}],"replies":[{"embeddable":true,"href":"https:\/\/eltrabajo.cl\/portal\/wp-json\/wp\/v2\/comments?post=18192"}],"version-history":[{"count":0,"href":"https:\/\/eltrabajo.cl\/portal\/wp-json\/wp\/v2\/posts\/18192\/revisions"}],"wp:featuredmedia":[{"embeddable":true,"href":"https:\/\/eltrabajo.cl\/portal\/wp-json\/wp\/v2\/media\/18193"}],"wp:attachment":[{"href":"https:\/\/eltrabajo.cl\/portal\/wp-json\/wp\/v2\/media?parent=18192"}],"wp:term":[{"taxonomy":"category","embeddable":true,"href":"https:\/\/eltrabajo.cl\/portal\/wp-json\/wp\/v2\/categories?post=18192"},{"taxonomy":"post_tag","embeddable":true,"href":"https:\/\/eltrabajo.cl\/portal\/wp-json\/wp\/v2\/tags?post=18192"}],"curies":[{"name":"wp","href":"https:\/\/api.w.org\/{rel}","templated":true}]}}