{"id":18196,"date":"2012-05-22T09:55:27","date_gmt":"2012-05-22T13:55:27","guid":{"rendered":"http:\/\/www.eltrabajo.cl\/portal\/?p=18196"},"modified":"2012-05-22T09:55:27","modified_gmt":"2012-05-22T13:55:27","slug":"destacan-creacion-de-espacio-para-primera-infancia-y-oficina-para-la-nueva-ficha-social","status":"publish","type":"post","link":"https:\/\/eltrabajo.cl\/portal\/destacan-creacion-de-espacio-para-primera-infancia-y-oficina-para-la-nueva-ficha-social\/","title":{"rendered":"Destacan creaci\u00f3n de espacio para Primera Infancia y oficina para la nueva Ficha Social"},"content":{"rendered":"<figure id=\"attachment_18197\" aria-describedby=\"caption-attachment-18197\" style=\"width: 600px\" class=\"wp-caption alignnone\"><a href=\"http:\/\/www.eltrabajo.cl\/portal\/2012\/05\/destacan-creacion-de-espacio-para-primera-infancia-y-oficina-para-la-nueva-ficha-social\/seremi1\/\" rel=\"attachment wp-att-18197\"><img data-recalc-dims=\"1\" loading=\"lazy\" decoding=\"async\" class=\"size-full wp-image-18197\" title=\"Seremi1\" src=\"https:\/\/i0.wp.com\/www.eltrabajo.cl\/portal\/wp-content\/uploads\/2012\/05\/Seremi1.jpg?resize=600%2C420\" alt=\"\" width=\"600\" height=\"420\" srcset=\"https:\/\/i0.wp.com\/eltrabajo.cl\/portal\/wp-content\/uploads\/2012\/05\/Seremi1.jpg?w=600&amp;ssl=1 600w, https:\/\/i0.wp.com\/eltrabajo.cl\/portal\/wp-content\/uploads\/2012\/05\/Seremi1.jpg?resize=200%2C140&amp;ssl=1 200w, https:\/\/i0.wp.com\/eltrabajo.cl\/portal\/wp-content\/uploads\/2012\/05\/Seremi1.jpg?resize=300%2C210&amp;ssl=1 300w, https:\/\/i0.wp.com\/eltrabajo.cl\/portal\/wp-content\/uploads\/2012\/05\/Seremi1.jpg?resize=150%2C105&amp;ssl=1 150w, https:\/\/i0.wp.com\/eltrabajo.cl\/portal\/wp-content\/uploads\/2012\/05\/Seremi1.jpg?resize=400%2C280&amp;ssl=1 400w\" sizes=\"auto, (max-width: 600px) 100vw, 600px\" \/><\/a><figcaption id=\"caption-attachment-18197\" class=\"wp-caption-text\">El Seremi de Desarrollo Social, Tom\u00e1s Ochoa, destac\u00f3 la gesti\u00f3n del Alcalde Jaime Amar, en materia de protecci\u00f3n de la Primera Infancia y en el trabajo orientado a implementar la nueva Ficha Social.<\/figcaption><\/figure>\n<p>Muy conforme se mostr\u00f3 el Seremi de Desarrollo Social, Tom\u00e1s Ochoa, de la gesti\u00f3n que ha liderado el Alcalde Jaime Amar, en materia de protecci\u00f3n de la Primera Infancia y en el trabajo orientado a implementar la nueva Ficha Social, que reemplaza a la Ficha de Protecci\u00f3n Social.<\/p>\n<p>Lo anterior, luego de efectuar dos visitas: la primera a la zona de juegos destinada a los m\u00e1s peque\u00f1os, en las inmediaciones del Cecosf de Quebrada de Herrera, proyecto financiado por la Seremi de Desarrollo Social; y la segunda, a la oficina ubicada en Calle San Mart\u00edn, casi esquina de Traslavi\u00f1a, donde funcionar\u00e1 todo el proceso de implementaci\u00f3n de la Ficha Social.<\/p>\n<p>Respecto de la visita al Cecosf, el Seremi comparti\u00f3 con funcionarios del establecimiento y conoci\u00f3 de parte de profesionales municipales, acerca de la forma en que se invirtieron los escasos recursos obtenidos para desarrollar esta zona de juegos infantiles.<\/p>\n<p>En el caso de la Oficina de Ficha Social \u2013y donde tambi\u00e9n opera la Omil-, Ochoa dijo que la iniciativa municipal permite que se cumpla un objetivo fijado por la Seremi, en cuanto a mejorar la atenci\u00f3n de p\u00fablico.<\/p>\n<p>\u00abY yo creo que lo que ac\u00e1 ha hecho la Municipalidad de San Felipe, es efectivamente un ejemplo para todo el pa\u00eds, al disponer de una instalaci\u00f3n de buen nivel, con buenos profesionales y buena implementaci\u00f3n, cosa que la gente pueda sentirse c\u00f3moda, cuando venga a atenderse y obtener su nueva ficha\u00bb, dijo el Seremi.<\/p>\n<p>Agreg\u00f3 que \u00abM\u00e1s importante a\u00fan, es haber generado una instancia y crear un equipo, que le ha permitido a la Municipalidad de San Felipe ser la municipalidad que m\u00e1s avance tiene en el reencuestaje tiene en la regi\u00f3n y muy probablemente una de las mejores del pa\u00eds\u00bb agreg\u00f3 Ochoa.<\/p>\n<p>Consultado el Alcalde Jaime Amar por esta iniciativa de habilitar una oficina especial para la ficha social, dijo que \u00abHemos hecho un gran esfuerzo al arrendar una propiedad, separada de la Dideco (Direcci\u00f3n de Desarrollo Comunitario), y atender ah\u00ed todo lo que es la Ficha Social, eso significa en la pr\u00e1ctica, que nosotros le damos prioridad especialmente a un instrumento que es utilizado por el sistema P\u00fablico para muchas cosas, y por lo tanto, lo que estamos haciendo es facilitarle a la gente todo este proceso\u00bb concluy\u00f3 Amar.<\/p>\n","protected":false},"excerpt":{"rendered":"<p>Muy conforme se mostr\u00f3 el Seremi de Desarrollo Social, Tom\u00e1s Ochoa, de la gesti\u00f3n que ha liderado el Alcalde Jaime Amar, en materia de protecci\u00f3n de la Primera Infancia y en el&#8230;<\/p>\n","protected":false},"author":482,"featured_media":18197,"comment_status":"open","ping_status":"closed","sticky":false,"template":"","format":"standard","meta":{"advanced_seo_description":"","jetpack_seo_html_title":"","jetpack_seo_noindex":false,"_jetpack_memberships_contains_paid_content":false,"footnotes":""},"categories":[1],"tags":[],"class_list":["post-18196","post","type-post","status-publish","format-standard","has-post-thumbnail","hentry","category-cronica"],"jetpack_featured_media_url":"https:\/\/i0.wp.com\/eltrabajo.cl\/portal\/wp-content\/uploads\/2012\/05\/Seremi1.jpg?fit=600%2C420&ssl=1","jetpack_sharing_enabled":true,"jetpack_likes_enabled":true,"jetpack-related-posts":[],"_links":{"self":[{"href":"https:\/\/eltrabajo.cl\/portal\/wp-json\/wp\/v2\/posts\/18196","targetHints":{"allow":["GET"]}}],"collection":[{"href":"https:\/\/eltrabajo.cl\/portal\/wp-json\/wp\/v2\/posts"}],"about":[{"href":"https:\/\/eltrabajo.cl\/portal\/wp-json\/wp\/v2\/types\/post"}],"author":[{"embeddable":true,"href":"https:\/\/eltrabajo.cl\/portal\/wp-json\/wp\/v2\/users\/482"}],"replies":[{"embeddable":true,"href":"https:\/\/eltrabajo.cl\/portal\/wp-json\/wp\/v2\/comments?post=18196"}],"version-history":[{"count":0,"href":"https:\/\/eltrabajo.cl\/portal\/wp-json\/wp\/v2\/posts\/18196\/revisions"}],"wp:featuredmedia":[{"embeddable":true,"href":"https:\/\/eltrabajo.cl\/portal\/wp-json\/wp\/v2\/media\/18197"}],"wp:attachment":[{"href":"https:\/\/eltrabajo.cl\/portal\/wp-json\/wp\/v2\/media?parent=18196"}],"wp:term":[{"taxonomy":"category","embeddable":true,"href":"https:\/\/eltrabajo.cl\/portal\/wp-json\/wp\/v2\/categories?post=18196"},{"taxonomy":"post_tag","embeddable":true,"href":"https:\/\/eltrabajo.cl\/portal\/wp-json\/wp\/v2\/tags?post=18196"}],"curies":[{"name":"wp","href":"https:\/\/api.w.org\/{rel}","templated":true}]}}