{"id":18200,"date":"2012-05-22T09:57:37","date_gmt":"2012-05-22T13:57:37","guid":{"rendered":"http:\/\/www.eltrabajo.cl\/portal\/?p=18200"},"modified":"2012-05-22T09:57:37","modified_gmt":"2012-05-22T13:57:37","slug":"sanfelipenos-cierran-puertas-de-sus-casas-a-censistas-del-ine","status":"publish","type":"post","link":"https:\/\/eltrabajo.cl\/portal\/sanfelipenos-cierran-puertas-de-sus-casas-a-censistas-del-ine\/","title":{"rendered":"Sanfelipe\u00f1os cierran puertas de sus casas a censistas del INE"},"content":{"rendered":"<figure id=\"attachment_18201\" aria-describedby=\"caption-attachment-18201\" style=\"width: 300px\" class=\"wp-caption alignleft\"><a href=\"http:\/\/www.eltrabajo.cl\/portal\/2012\/05\/sanfelipenos-cierran-puertas-de-sus-casas-a-censistas-del-ine\/gonzalez1\/\" rel=\"attachment wp-att-18201\"><img data-recalc-dims=\"1\" loading=\"lazy\" decoding=\"async\" class=\"size-medium wp-image-18201\" title=\"Gonzalez1\" src=\"https:\/\/i0.wp.com\/www.eltrabajo.cl\/portal\/wp-content\/uploads\/2012\/05\/Gonzalez1-300x240.jpg?resize=300%2C240\" alt=\"\" width=\"300\" height=\"240\" srcset=\"https:\/\/i0.wp.com\/eltrabajo.cl\/portal\/wp-content\/uploads\/2012\/05\/Gonzalez1.jpg?resize=300%2C240&amp;ssl=1 300w, https:\/\/i0.wp.com\/eltrabajo.cl\/portal\/wp-content\/uploads\/2012\/05\/Gonzalez1.jpg?resize=187%2C150&amp;ssl=1 187w, https:\/\/i0.wp.com\/eltrabajo.cl\/portal\/wp-content\/uploads\/2012\/05\/Gonzalez1.jpg?resize=150%2C120&amp;ssl=1 150w, https:\/\/i0.wp.com\/eltrabajo.cl\/portal\/wp-content\/uploads\/2012\/05\/Gonzalez1.jpg?resize=400%2C320&amp;ssl=1 400w, https:\/\/i0.wp.com\/eltrabajo.cl\/portal\/wp-content\/uploads\/2012\/05\/Gonzalez1.jpg?w=600&amp;ssl=1 600w\" sizes=\"auto, (max-width: 300px) 100vw, 300px\" \/><\/a><figcaption id=\"caption-attachment-18201\" class=\"wp-caption-text\">La encargada provincial, Mar\u00eda de los \u00c1ngeles Gonz\u00e1lez, reconoci\u00f3 problemas en el proceso, especialmente en un local de la comuna de San Felipe.<\/figcaption><\/figure>\n<p>M\u00e1s de un 60% de las viviendas han sido censadas en San Felipe hasta la fecha, desde que se inici\u00f3 el proceso, por lo que se espera como fecha l\u00edmite, el 15 de junio pr\u00f3ximo para culminar el Censo en la provincia. Sin embargo pareciera que no ha sido un proceso simple y la Encargada de Operaciones a nivel Provincial, Mar\u00eda de los \u00c1ngeles Gonz\u00e1lez, reconoce que necesitan ayuda de parte de la comunidad para lograr esa meta. La funcionaria se\u00f1al\u00f3 que las preguntas no son tan espec\u00edficas como hace a\u00f1os atr\u00e1s, por lo que no se trata de informaci\u00f3n tan delicada, para que la gente no abra la puerta para ser censada. Ante esta situaci\u00f3n Gonz\u00e1lez hizo un llamado a la poblaci\u00f3n a participar, sobre todo por la importancia que tiene el Censo, que busca contabilizar a la gente.<\/p>\n<p><strong>PUERTAS CERRADAS<\/strong><\/p>\n<p>\u201cTenemos Villa El Carmen, donde mucha gente nos ha cerrado la puerta, o de repente gente que est\u00e1 dentro de las casas y no quieren abrir, que nos miran hasta por las ventanas, les pido a la poblaci\u00f3n que por favor abran las puertas, que hay un Secreto Estad\u00edstico de por medio, que la informaci\u00f3n que recabe el INE, queda en el INE, que no se traspasa a ning\u00fan otro servicio del Gobierno\u201d explic\u00f3 Gonz\u00e1lez.<\/p>\n<p>\u201cHay fondos municipales, que a trav\u00e9s de la poblaci\u00f3n de una comuna se reparten los fondos, si nosotros conseguimos que toda la poblaci\u00f3n de San Felipe sea censada, y si efectivamente hubo un crecimiento, eso implica que parte de los fondos pueden llegar a aumentar para la comuna y eso es un beneficio para toda la gente\u201d, dijo la encargada.<\/p>\n<p>Adem\u00e1s del sector de Villa El Carmen, en Enc\u00f3n tambi\u00e9n se han registrado problemas, a diferencia de la parte rural, donde fue mucho m\u00e1s r\u00e1pido el proceso, registr\u00e1ndose mucho menos ausentismo de las personas a censar.<\/p>\n<p>Consultada sobre informaciones de despidos y en un aumento en el n\u00famero de casas que los censistas deb\u00edan censar, de 80 a 100, Gonz\u00e1lez se\u00f1al\u00f3 que efectivamente en un local de censistas de San Felipe se estaban registrando bastantes problemas, por lo que se tomaron medidas al respecto, como el despido del encargado del local, debido a que no estaba realizando su trabajo.<\/p>\n<p>\u201c\u00c9l, de todos los encargados de local de la regi\u00f3n, era el m\u00e1s bajo, en la productividad, que \u00e9l deber\u00eda tener m\u00ednima de un 25% hace m\u00e1s de una semana, \u00e9l estaba en un 13\u201d detall\u00f3 Mar\u00eda.<\/p>\n<p>Asimismo se\u00f1al\u00f3 que las metas siempre han sido 15 viviendas, seis d\u00edas a la semana, en la parte urbana y diez, en la parte rural, lo que entregaba un total de 90 y 60 respectivamente.<\/p>\n<p>\u201cSiempre fue as\u00ed, yo me encontr\u00e9 con una sorpresa en ese local, (ellos) por s\u00ed solos determinaron que eran menos viviendas, nunca se les dijo a los supervisores, que yo misma los capacit\u00e9 y las dije son 15 viviendas seis d\u00edas a la semana y diez, seis d\u00edas a la semana, entonces ni los supervisores me pueden decir 84, porque en ning\u00fan lado a nivel nacional se est\u00e1n haciendo 84\u201d.<\/p>\n<p>Gonz\u00e1lez adem\u00e1s se\u00f1al\u00f3 que el Censo en el Centro de Detenci\u00f3n Penitenciario ya se efectu\u00f3, resultando el proceso en total normalidad.<\/p>\n<p>\u201cSe dispusieron siete gendarmes, que estuvimos aproximadamente desde las diez de la ma\u00f1ana, hasta la 13:15 horas, censando a reo por reo, nos encontramos que hubieron dos Internos que ya hab\u00edan sido censados en otras c\u00e1rceles y fue un proceso s\u00faper tranquilo, mucho respeto, respondieron bien\u201d concluy\u00f3 Gonz\u00e1lez.<\/p>\n","protected":false},"excerpt":{"rendered":"<p>M\u00e1s de un 60% de las viviendas han sido censadas en San Felipe hasta la fecha, desde que se inici\u00f3 el proceso, por lo que se espera como fecha l\u00edmite, el 15&#8230;<\/p>\n","protected":false},"author":482,"featured_media":18201,"comment_status":"open","ping_status":"closed","sticky":false,"template":"","format":"standard","meta":{"advanced_seo_description":"","jetpack_seo_html_title":"","jetpack_seo_noindex":false,"_jetpack_memberships_contains_paid_content":false,"footnotes":""},"categories":[1],"tags":[],"class_list":["post-18200","post","type-post","status-publish","format-standard","has-post-thumbnail","hentry","category-cronica"],"jetpack_featured_media_url":"https:\/\/i0.wp.com\/eltrabajo.cl\/portal\/wp-content\/uploads\/2012\/05\/Gonzalez1.jpg?fit=600%2C481&ssl=1","jetpack_sharing_enabled":true,"jetpack_likes_enabled":true,"jetpack-related-posts":[],"_links":{"self":[{"href":"https:\/\/eltrabajo.cl\/portal\/wp-json\/wp\/v2\/posts\/18200","targetHints":{"allow":["GET"]}}],"collection":[{"href":"https:\/\/eltrabajo.cl\/portal\/wp-json\/wp\/v2\/posts"}],"about":[{"href":"https:\/\/eltrabajo.cl\/portal\/wp-json\/wp\/v2\/types\/post"}],"author":[{"embeddable":true,"href":"https:\/\/eltrabajo.cl\/portal\/wp-json\/wp\/v2\/users\/482"}],"replies":[{"embeddable":true,"href":"https:\/\/eltrabajo.cl\/portal\/wp-json\/wp\/v2\/comments?post=18200"}],"version-history":[{"count":0,"href":"https:\/\/eltrabajo.cl\/portal\/wp-json\/wp\/v2\/posts\/18200\/revisions"}],"wp:featuredmedia":[{"embeddable":true,"href":"https:\/\/eltrabajo.cl\/portal\/wp-json\/wp\/v2\/media\/18201"}],"wp:attachment":[{"href":"https:\/\/eltrabajo.cl\/portal\/wp-json\/wp\/v2\/media?parent=18200"}],"wp:term":[{"taxonomy":"category","embeddable":true,"href":"https:\/\/eltrabajo.cl\/portal\/wp-json\/wp\/v2\/categories?post=18200"},{"taxonomy":"post_tag","embeddable":true,"href":"https:\/\/eltrabajo.cl\/portal\/wp-json\/wp\/v2\/tags?post=18200"}],"curies":[{"name":"wp","href":"https:\/\/api.w.org\/{rel}","templated":true}]}}