{"id":18271,"date":"2012-05-23T09:46:50","date_gmt":"2012-05-23T13:46:50","guid":{"rendered":"http:\/\/www.eltrabajo.cl\/portal\/?p=18271"},"modified":"2012-05-23T09:46:50","modified_gmt":"2012-05-23T13:46:50","slug":"reyes-acusa-persecucion-politica-del-gobierno-regional-en-su-contra","status":"publish","type":"post","link":"https:\/\/eltrabajo.cl\/portal\/reyes-acusa-persecucion-politica-del-gobierno-regional-en-su-contra\/","title":{"rendered":"Reyes acusa persecuci\u00f3n pol\u00edtica del gobierno regional en su contra"},"content":{"rendered":"<figure id=\"attachment_18272\" aria-describedby=\"caption-attachment-18272\" style=\"width: 300px\" class=\"wp-caption alignleft\"><a href=\"http:\/\/www.eltrabajo.cl\/portal\/2012\/05\/reyes-acusa-persecucion-politica-del-gobierno-regional-en-su-contra\/guillermo-reyes-3\/\" rel=\"attachment wp-att-18272\"><img data-recalc-dims=\"1\" loading=\"lazy\" decoding=\"async\" class=\"size-medium wp-image-18272\" title=\"guillermo reyes\" src=\"https:\/\/i0.wp.com\/www.eltrabajo.cl\/portal\/wp-content\/uploads\/2012\/05\/guillermo-reyes-300x225.jpg?resize=300%2C225\" alt=\"\" width=\"300\" height=\"225\" srcset=\"https:\/\/i0.wp.com\/eltrabajo.cl\/portal\/wp-content\/uploads\/2012\/05\/guillermo-reyes.jpg?resize=300%2C225&amp;ssl=1 300w, https:\/\/i0.wp.com\/eltrabajo.cl\/portal\/wp-content\/uploads\/2012\/05\/guillermo-reyes.jpg?resize=200%2C150&amp;ssl=1 200w, https:\/\/i0.wp.com\/eltrabajo.cl\/portal\/wp-content\/uploads\/2012\/05\/guillermo-reyes.jpg?resize=150%2C112&amp;ssl=1 150w, https:\/\/i0.wp.com\/eltrabajo.cl\/portal\/wp-content\/uploads\/2012\/05\/guillermo-reyes.jpg?resize=400%2C300&amp;ssl=1 400w, https:\/\/i0.wp.com\/eltrabajo.cl\/portal\/wp-content\/uploads\/2012\/05\/guillermo-reyes.jpg?w=600&amp;ssl=1 600w\" sizes=\"auto, (max-width: 300px) 100vw, 300px\" \/><\/a><figcaption id=\"caption-attachment-18272\" class=\"wp-caption-text\">El Alcalde Guillermo Reyes acus\u00f3 de persecuci\u00f3n pol\u00edtica en su contra a un funcionario del Gobierno Regional.<\/figcaption><\/figure>\n<p><strong>PUTAENDO.-<\/strong> Visiblemente molesto y en un tono en\u00e9rgico y hasta duro, el Alcalde Guillermo Reyes se\u00f1al\u00f3 que era v\u00edctima de \u2018persecuci\u00f3n\u00a0 pol\u00edtica\u2019\u00a0por parte de funcionarios del gobierno regional de Valpara\u00edso.<\/p>\n<p>Estas declaraciones las realiz\u00f3 en el marco de la celebraci\u00f3n de los 91 a\u00f1os de la Asociaci\u00f3n de F\u00fatbol de Putaendo, donde se\u00f1al\u00f3 que un importante proyecto que permitir\u00eda la adquisici\u00f3n de 14 tractores cortadores de pasto para los diferentes clubes deportivos de la comuna, con una inversi\u00f3n cercana\u00a0 a los $30.000.000 \u00a0que fue presentado al gobierno regional, estaba paralizado por el capricho de un bur\u00f3crata que trabajaba en el gobierno regional, del cual se excus\u00f3 de dar el nombre.<\/p>\n<p>Al ser consultado por nuestro medio sobre estas afirmaciones, el Alcalde Reyes se\u00f1al\u00f3: \u201cEsta es una persecuci\u00f3n pol\u00edtica, pues hay un bur\u00f3crata que no nos quiere aprobar el proyecto de los 14 tractores, solo por su tozudez; es una infamia que no voy a permitir, solo quiere que sean \u00a04 los tractores\u00a0 y que nosotros coloquemos el cami\u00f3n para trasportarlos de estadio en estadio\u201d.<\/p>\n<p><strong>&#8211; \u00bfEsa persecuci\u00f3n pol\u00edtica es hacia usted y qui\u00e9n la har\u00eda?<\/strong><\/p>\n<p>&#8211; \u201cClaro que es\u00a0 en mi contra o acaso cree que tratar de llevarse la oficina minera de nuestra comuna no es una persecuci\u00f3n pol\u00edtica, y esta persecuci\u00f3n pol\u00edtica es realizada por funcionarios del gobierno regional y no por los consejeros regionales, es una verg\u00fcenza la sistem\u00e1tica persecuci\u00f3n pol\u00edtica\u00a0 en mi contra y eso no lo voy a tolerar y lo denunciar\u00e9 las veces que sea necesario y a contar lo que a diario tenemos que luchar por el bien de nuestra comuna\u201d.<\/p>\n<p>Finalmente Guillermo Reyes se\u00f1al\u00f3 que no compart\u00eda la pol\u00edtica del gobierno regional para invertir m\u00e1s de\u00a0 siete mil millones\u00a0\u00a0 para reparar estadios de Valpara\u00edso y Vi\u00f1a del Mar, agregando que eso significaba que\u00a0 tres comunas de la Quinta Regi\u00f3n como Putaendo, se queden sin nada\u00a0 por un proyecto que solo favorecer\u00e1 a las grandes ciudades, lo que demuestra el centralismo del gobierno, por lo que exig\u00eda que dicho proyecto no se ejecute con platas del gobierno regional que eran de toda la Quinta Regi\u00f3n y no solo de\u00a0 Valpara\u00edso\u00a0 y Vi\u00f1a del Mar, lo que calific\u00f3 como toda una\u00a0\u201cverg\u00fcenza\u201d.<\/p>\n<p><strong>Patricio Gallardo M.<\/strong><\/p>\n","protected":false},"excerpt":{"rendered":"<p>PUTAENDO.- Visiblemente molesto y en un tono en\u00e9rgico y hasta duro, el Alcalde Guillermo Reyes se\u00f1al\u00f3 que era v\u00edctima de \u2018persecuci\u00f3n\u00a0 pol\u00edtica\u2019\u00a0por parte de funcionarios del gobierno regional de Valpara\u00edso. Estas declaraciones&#8230;<\/p>\n","protected":false},"author":482,"featured_media":18272,"comment_status":"open","ping_status":"closed","sticky":false,"template":"","format":"standard","meta":{"advanced_seo_description":"","jetpack_seo_html_title":"","jetpack_seo_noindex":false,"_jetpack_memberships_contains_paid_content":false,"footnotes":""},"categories":[1],"tags":[],"class_list":["post-18271","post","type-post","status-publish","format-standard","has-post-thumbnail","hentry","category-cronica"],"jetpack_featured_media_url":"https:\/\/i0.wp.com\/eltrabajo.cl\/portal\/wp-content\/uploads\/2012\/05\/guillermo-reyes.jpg?fit=600%2C450&ssl=1","jetpack_sharing_enabled":true,"jetpack_likes_enabled":true,"jetpack-related-posts":[],"_links":{"self":[{"href":"https:\/\/eltrabajo.cl\/portal\/wp-json\/wp\/v2\/posts\/18271","targetHints":{"allow":["GET"]}}],"collection":[{"href":"https:\/\/eltrabajo.cl\/portal\/wp-json\/wp\/v2\/posts"}],"about":[{"href":"https:\/\/eltrabajo.cl\/portal\/wp-json\/wp\/v2\/types\/post"}],"author":[{"embeddable":true,"href":"https:\/\/eltrabajo.cl\/portal\/wp-json\/wp\/v2\/users\/482"}],"replies":[{"embeddable":true,"href":"https:\/\/eltrabajo.cl\/portal\/wp-json\/wp\/v2\/comments?post=18271"}],"version-history":[{"count":0,"href":"https:\/\/eltrabajo.cl\/portal\/wp-json\/wp\/v2\/posts\/18271\/revisions"}],"wp:featuredmedia":[{"embeddable":true,"href":"https:\/\/eltrabajo.cl\/portal\/wp-json\/wp\/v2\/media\/18272"}],"wp:attachment":[{"href":"https:\/\/eltrabajo.cl\/portal\/wp-json\/wp\/v2\/media?parent=18271"}],"wp:term":[{"taxonomy":"category","embeddable":true,"href":"https:\/\/eltrabajo.cl\/portal\/wp-json\/wp\/v2\/categories?post=18271"},{"taxonomy":"post_tag","embeddable":true,"href":"https:\/\/eltrabajo.cl\/portal\/wp-json\/wp\/v2\/tags?post=18271"}],"curies":[{"name":"wp","href":"https:\/\/api.w.org\/{rel}","templated":true}]}}