{"id":18275,"date":"2012-05-23T09:47:54","date_gmt":"2012-05-23T13:47:54","guid":{"rendered":"http:\/\/www.eltrabajo.cl\/portal\/?p=18275"},"modified":"2012-05-23T09:47:54","modified_gmt":"2012-05-23T13:47:54","slug":"presentan-maqueta-del-proyecto-de-mejoramiento-del-centro-de-san-felipe","status":"publish","type":"post","link":"https:\/\/eltrabajo.cl\/portal\/presentan-maqueta-del-proyecto-de-mejoramiento-del-centro-de-san-felipe\/","title":{"rendered":"Presentan maqueta del proyecto de mejoramiento del centro de San Felipe"},"content":{"rendered":"<figure id=\"attachment_18276\" aria-describedby=\"caption-attachment-18276\" style=\"width: 600px\" class=\"wp-caption alignnone\"><a href=\"http:\/\/www.eltrabajo.cl\/portal\/2012\/05\/presentan-maqueta-del-proyecto-de-mejoramiento-del-centro-de-san-felipe\/maqueta-subterraneos-3\/\" rel=\"attachment wp-att-18276\"><img data-recalc-dims=\"1\" loading=\"lazy\" decoding=\"async\" class=\"size-full wp-image-18276\" title=\"maqueta subterraneos (3)\" src=\"https:\/\/i0.wp.com\/www.eltrabajo.cl\/portal\/wp-content\/uploads\/2012\/05\/maqueta-subterraneos-3.jpg?resize=600%2C450\" alt=\"\" width=\"600\" height=\"450\" srcset=\"https:\/\/i0.wp.com\/eltrabajo.cl\/portal\/wp-content\/uploads\/2012\/05\/maqueta-subterraneos-3.jpg?w=600&amp;ssl=1 600w, https:\/\/i0.wp.com\/eltrabajo.cl\/portal\/wp-content\/uploads\/2012\/05\/maqueta-subterraneos-3.jpg?resize=200%2C150&amp;ssl=1 200w, https:\/\/i0.wp.com\/eltrabajo.cl\/portal\/wp-content\/uploads\/2012\/05\/maqueta-subterraneos-3.jpg?resize=300%2C225&amp;ssl=1 300w, https:\/\/i0.wp.com\/eltrabajo.cl\/portal\/wp-content\/uploads\/2012\/05\/maqueta-subterraneos-3.jpg?resize=150%2C112&amp;ssl=1 150w, https:\/\/i0.wp.com\/eltrabajo.cl\/portal\/wp-content\/uploads\/2012\/05\/maqueta-subterraneos-3.jpg?resize=400%2C300&amp;ssl=1 400w\" sizes=\"auto, (max-width: 600px) 100vw, 600px\" \/><\/a><figcaption id=\"caption-attachment-18276\" class=\"wp-caption-text\">La maqueta muestra las proporciones del agujero donde se construir\u00e1n los estacionamientos subterr\u00e1neos, debajo de la calzada de las calles Merced y Coimas.<\/figcaption><\/figure>\n<p>En la municipalidad de San Felipe se encuentra la maqueta del proyecto de mejoramiento del centro de la comuna y de estacionamientos subterr\u00e1neos. La maqueta muestra como quedar\u00e1 el centro una vez realizado el proyecto.<\/p>\n<p>Al desmontarse la parte central de la maqueta, donde est\u00e1 ubicada la plaza de armas, se puede ver la posici\u00f3n de los pilares y donde estar\u00edan ubicados los veh\u00edculos, en dos niveles de estacionamientos.<\/p>\n<p>En la foto se puede apreciar que efectivamente el proyecto contempla los sectores de Merced y Coimas para estacionamientos subterr\u00e1neos, y no bajo la plaza, sino que en las calles.<\/p>\n<p>La maqueta adem\u00e1s muestra que los anchos disminuyen a una calzada solamente y las veredas se ensanchan y se produce una especie de boulevard.<\/p>\n<p>Adem\u00e1s se puede apreciar los accesos para veh\u00edculos, los que estar\u00edan ubicados a un costado del Banco de Chile, que ser\u00eda la entrada, y otro en calle Prat con Coimas, donde estar\u00eda la salida. Mientras que la salida de peatones quedar\u00eda frente a lo que en este minuto es la terraza y por el sector de la plaza que est\u00e1 frente al Cuerpo de Bomberos.<\/p>\n<p>El sector que se aprecia con color rojo es la plaza actual, mientras que con la ejecuci\u00f3n del proyecto la plaza crece, sector que va a un mismo nivel.<\/p>\n<p>Adem\u00e1s en la calle Coimas se ensancha la vereda y se instalar\u00e1n \u00e1rboles que en este momento no existen.<\/p>\n","protected":false},"excerpt":{"rendered":"<p>En la municipalidad de San Felipe se encuentra la maqueta del proyecto de mejoramiento del centro de la comuna y de estacionamientos subterr\u00e1neos. La maqueta muestra como quedar\u00e1 el centro una vez&#8230;<\/p>\n","protected":false},"author":482,"featured_media":18276,"comment_status":"open","ping_status":"closed","sticky":false,"template":"","format":"standard","meta":{"advanced_seo_description":"","jetpack_seo_html_title":"","jetpack_seo_noindex":false,"_jetpack_memberships_contains_paid_content":false,"footnotes":""},"categories":[1],"tags":[],"class_list":["post-18275","post","type-post","status-publish","format-standard","has-post-thumbnail","hentry","category-cronica"],"jetpack_featured_media_url":"https:\/\/i0.wp.com\/eltrabajo.cl\/portal\/wp-content\/uploads\/2012\/05\/maqueta-subterraneos-3.jpg?fit=600%2C450&ssl=1","jetpack_sharing_enabled":true,"jetpack_likes_enabled":true,"jetpack-related-posts":[],"_links":{"self":[{"href":"https:\/\/eltrabajo.cl\/portal\/wp-json\/wp\/v2\/posts\/18275","targetHints":{"allow":["GET"]}}],"collection":[{"href":"https:\/\/eltrabajo.cl\/portal\/wp-json\/wp\/v2\/posts"}],"about":[{"href":"https:\/\/eltrabajo.cl\/portal\/wp-json\/wp\/v2\/types\/post"}],"author":[{"embeddable":true,"href":"https:\/\/eltrabajo.cl\/portal\/wp-json\/wp\/v2\/users\/482"}],"replies":[{"embeddable":true,"href":"https:\/\/eltrabajo.cl\/portal\/wp-json\/wp\/v2\/comments?post=18275"}],"version-history":[{"count":0,"href":"https:\/\/eltrabajo.cl\/portal\/wp-json\/wp\/v2\/posts\/18275\/revisions"}],"wp:featuredmedia":[{"embeddable":true,"href":"https:\/\/eltrabajo.cl\/portal\/wp-json\/wp\/v2\/media\/18276"}],"wp:attachment":[{"href":"https:\/\/eltrabajo.cl\/portal\/wp-json\/wp\/v2\/media?parent=18275"}],"wp:term":[{"taxonomy":"category","embeddable":true,"href":"https:\/\/eltrabajo.cl\/portal\/wp-json\/wp\/v2\/categories?post=18275"},{"taxonomy":"post_tag","embeddable":true,"href":"https:\/\/eltrabajo.cl\/portal\/wp-json\/wp\/v2\/tags?post=18275"}],"curies":[{"name":"wp","href":"https:\/\/api.w.org\/{rel}","templated":true}]}}