{"id":18279,"date":"2012-05-23T09:49:11","date_gmt":"2012-05-23T13:49:11","guid":{"rendered":"http:\/\/www.eltrabajo.cl\/portal\/?p=18279"},"modified":"2012-05-23T09:49:11","modified_gmt":"2012-05-23T13:49:11","slug":"firman-acuerdo-para-dar-trabajo-a-condenados-por-delitos-de-baja-connotacion","status":"publish","type":"post","link":"https:\/\/eltrabajo.cl\/portal\/firman-acuerdo-para-dar-trabajo-a-condenados-por-delitos-de-baja-connotacion\/","title":{"rendered":"Firman acuerdo para dar trabajo a condenados por delitos de baja connotaci\u00f3n"},"content":{"rendered":"<figure id=\"attachment_18280\" aria-describedby=\"caption-attachment-18280\" style=\"width: 600px\" class=\"wp-caption alignnone\"><a href=\"http:\/\/www.eltrabajo.cl\/portal\/2012\/05\/firman-acuerdo-para-dar-trabajo-a-condenados-por-delitos-de-baja-connotacion\/firma-acuerdo-2\/\" rel=\"attachment wp-att-18280\"><img data-recalc-dims=\"1\" loading=\"lazy\" decoding=\"async\" class=\"size-full wp-image-18280\" title=\"firma acuerdo (2)\" src=\"https:\/\/i0.wp.com\/www.eltrabajo.cl\/portal\/wp-content\/uploads\/2012\/05\/firma-acuerdo-2.jpg?resize=600%2C450\" alt=\"\" width=\"600\" height=\"450\" srcset=\"https:\/\/i0.wp.com\/eltrabajo.cl\/portal\/wp-content\/uploads\/2012\/05\/firma-acuerdo-2.jpg?w=600&amp;ssl=1 600w, https:\/\/i0.wp.com\/eltrabajo.cl\/portal\/wp-content\/uploads\/2012\/05\/firma-acuerdo-2.jpg?resize=200%2C150&amp;ssl=1 200w, https:\/\/i0.wp.com\/eltrabajo.cl\/portal\/wp-content\/uploads\/2012\/05\/firma-acuerdo-2.jpg?resize=300%2C225&amp;ssl=1 300w, https:\/\/i0.wp.com\/eltrabajo.cl\/portal\/wp-content\/uploads\/2012\/05\/firma-acuerdo-2.jpg?resize=150%2C112&amp;ssl=1 150w, https:\/\/i0.wp.com\/eltrabajo.cl\/portal\/wp-content\/uploads\/2012\/05\/firma-acuerdo-2.jpg?resize=400%2C300&amp;ssl=1 400w\" sizes=\"auto, (max-width: 600px) 100vw, 600px\" \/><\/a><figcaption id=\"caption-attachment-18280\" class=\"wp-caption-text\">La Municipalidad y Gendarmer\u00eda firmaron este martes un protocolo de acuerdo para entregar cupos de trabajo a condenados por delitos de baja connotaci\u00f3n social.<\/figcaption><\/figure>\n<p>Un protocolo de acuerdo firm\u00f3 este martes la Municipalidad de San Felipe con Gendarmer\u00eda de Chile, con el objetivo de entregar plazas de trabajo a personas que hayan sido condenadas por cometer delitos de baja connotaci\u00f3n social, y que as\u00ed puedan cumplir su condena realizando trabajos comunitarios.<\/p>\n<p>La idea es entregar 15 plazas de trabajo para cuando entre en vigencia la Ley 18.216, de prestaci\u00f3n de servicios en beneficio de la comunidad, y que dice relaci\u00f3n con que condenados a menos de 300 d\u00edas de c\u00e1rcel, puedan cumplir su condena en libertad y prestando servicios no remunerados a la comunidad.<\/p>\n<p>El programa es voluntario, por lo que la persona que sea condenada puede negarse a realizar este tipo de trabajos, por lo que, en ese caso, el Tribunal deber\u00e1 ver la alternativa de cumplimiento a su condena.<\/p>\n<p>\u201cSon penas inferiores a 300 d\u00edas, que no son privativas de libertad, se except\u00faan de esta norma los delitos tales como violaci\u00f3n, tr\u00e1fico, los delitos mayores\u201d, se\u00f1al\u00f3 el Coronel Gustavo Sandoval, Director Regional de Gendarmer\u00eda.<\/p>\n<p>Las personas que podr\u00edan acceder a este beneficio son aquellas que hayan sido sorprendidas conduciendo en estado de ebriedad y hayan recibido una condena, los pagos de multas, porque hoy en d\u00eda las personas que no tienen dinero para pagar las multas, deben quedar en reclusi\u00f3n, lo que ser\u00eda cambiado por trabajos comunitarios.<\/p>\n<p>\u201cEl protocolo de acuerdo que vamos a firmar con la comunidad busca evitar que los delitos menores y faltas vayan a cumplirse dentro de un recinto penal\u201d, dijo Sandoval.<\/p>\n<p>Esta es una forma de adelantarse a la promulgaci\u00f3n de la Ley, que se espera sea dentro del a\u00f1o, para que cuando la Ley entre en vigencia ya exista una instancia donde enviar a las personas que ser\u00e1n condenadas. El acuerdo contempla adem\u00e1s que ser\u00e1 Gendarmer\u00eda la entidad encargada de definir los trabajos que se realizar\u00e1n, y que ser\u00e1 de acuerdo a lo que necesite la Municipalidad.<\/p>\n<p>\u201cLa idea es que de acuerdo a la experticia que tenga cada uno de estos condenados pueda prestar servicio a la comunidad\u201d, sostuvo Sandoval.<\/p>\n<p>El Alcalde Jaime Amar calific\u00f3 el acuerdo como una oportunidad para aquellas personas que son sancionadas, de tener una alternativa externa a la reclusi\u00f3n.<\/p>\n<p>\u201cEn estos 15 cupos vamos a determinar cuales son los trabajos que vamos a ofertar, si son gente que es solamente para el trabajo cotidiano, tendremos para limpieza para sectores de la comuna, mejoramiento de \u00e1reas verdes, limpieza de establecimientos educacionales y sin son profesionales, la idea es en su \u00e1rea puedan servir a alguna tarea comunal\u201d.<\/p>\n<p>El jefe comunal adem\u00e1s se mostr\u00f3 abierto a la posibilidad de aumentar los cupos, ya que calific\u00f3 como una buena posibilidad tanto para sancionado como para la comunidad.<\/p>\n<p>Sin embargo, dijo Amar, ya le manifestaron a Gendarmer\u00eda que ciertos casos no los aceptar\u00e1n, ya que podr\u00edan presentarse problemas con la comunidad. \u201cSi alguien ha sido sancionado por el tema de un hurto, a nosotros no nos interesa que una persona est\u00e9 trabajando en limpieza de alguna v\u00eda p\u00fablica, porque cualquier persona dir\u00eda: \u2018oiga, me est\u00e1n colocando un riesgo en la puerta de mi casa\u2019\u201d.<\/p>\n","protected":false},"excerpt":{"rendered":"<p>Un protocolo de acuerdo firm\u00f3 este martes la Municipalidad de San Felipe con Gendarmer\u00eda de Chile, con el objetivo de entregar plazas de trabajo a personas que hayan sido condenadas por cometer&#8230;<\/p>\n","protected":false},"author":482,"featured_media":18280,"comment_status":"open","ping_status":"closed","sticky":false,"template":"","format":"standard","meta":{"advanced_seo_description":"","jetpack_seo_html_title":"","jetpack_seo_noindex":false,"_jetpack_memberships_contains_paid_content":false,"footnotes":""},"categories":[1],"tags":[],"class_list":["post-18279","post","type-post","status-publish","format-standard","has-post-thumbnail","hentry","category-cronica"],"jetpack_featured_media_url":"https:\/\/i0.wp.com\/eltrabajo.cl\/portal\/wp-content\/uploads\/2012\/05\/firma-acuerdo-2.jpg?fit=600%2C450&ssl=1","jetpack_sharing_enabled":true,"jetpack_likes_enabled":true,"jetpack-related-posts":[],"_links":{"self":[{"href":"https:\/\/eltrabajo.cl\/portal\/wp-json\/wp\/v2\/posts\/18279","targetHints":{"allow":["GET"]}}],"collection":[{"href":"https:\/\/eltrabajo.cl\/portal\/wp-json\/wp\/v2\/posts"}],"about":[{"href":"https:\/\/eltrabajo.cl\/portal\/wp-json\/wp\/v2\/types\/post"}],"author":[{"embeddable":true,"href":"https:\/\/eltrabajo.cl\/portal\/wp-json\/wp\/v2\/users\/482"}],"replies":[{"embeddable":true,"href":"https:\/\/eltrabajo.cl\/portal\/wp-json\/wp\/v2\/comments?post=18279"}],"version-history":[{"count":0,"href":"https:\/\/eltrabajo.cl\/portal\/wp-json\/wp\/v2\/posts\/18279\/revisions"}],"wp:featuredmedia":[{"embeddable":true,"href":"https:\/\/eltrabajo.cl\/portal\/wp-json\/wp\/v2\/media\/18280"}],"wp:attachment":[{"href":"https:\/\/eltrabajo.cl\/portal\/wp-json\/wp\/v2\/media?parent=18279"}],"wp:term":[{"taxonomy":"category","embeddable":true,"href":"https:\/\/eltrabajo.cl\/portal\/wp-json\/wp\/v2\/categories?post=18279"},{"taxonomy":"post_tag","embeddable":true,"href":"https:\/\/eltrabajo.cl\/portal\/wp-json\/wp\/v2\/tags?post=18279"}],"curies":[{"name":"wp","href":"https:\/\/api.w.org\/{rel}","templated":true}]}}