{"id":18306,"date":"2012-05-23T10:09:03","date_gmt":"2012-05-23T14:09:03","guid":{"rendered":"http:\/\/www.eltrabajo.cl\/portal\/?p=18306"},"modified":"2012-05-23T10:09:03","modified_gmt":"2012-05-23T14:09:03","slug":"denuncian-feroz-golpiza-de-guardia-de-seguridad-a-reponedor-del-santa-isabel","status":"publish","type":"post","link":"https:\/\/eltrabajo.cl\/portal\/denuncian-feroz-golpiza-de-guardia-de-seguridad-a-reponedor-del-santa-isabel\/","title":{"rendered":"Denuncian feroz golpiza de guardia de seguridad a reponedor del Santa Isabel"},"content":{"rendered":"<figure id=\"attachment_18307\" aria-describedby=\"caption-attachment-18307\" style=\"width: 600px\" class=\"wp-caption alignnone\"><a href=\"http:\/\/www.eltrabajo.cl\/portal\/2012\/05\/denuncian-feroz-golpiza-de-guardia-de-seguridad-a-reponedor-del-santa-isabel\/santa-isabel-1\/\" rel=\"attachment wp-att-18307\"><img data-recalc-dims=\"1\" loading=\"lazy\" decoding=\"async\" class=\"size-full wp-image-18307\" title=\"santa isabel (1)\" src=\"https:\/\/i0.wp.com\/www.eltrabajo.cl\/portal\/wp-content\/uploads\/2012\/05\/santa-isabel-1.jpg?resize=600%2C450\" alt=\"\" width=\"600\" height=\"450\" srcset=\"https:\/\/i0.wp.com\/eltrabajo.cl\/portal\/wp-content\/uploads\/2012\/05\/santa-isabel-1.jpg?w=600&amp;ssl=1 600w, https:\/\/i0.wp.com\/eltrabajo.cl\/portal\/wp-content\/uploads\/2012\/05\/santa-isabel-1.jpg?resize=200%2C150&amp;ssl=1 200w, https:\/\/i0.wp.com\/eltrabajo.cl\/portal\/wp-content\/uploads\/2012\/05\/santa-isabel-1.jpg?resize=300%2C225&amp;ssl=1 300w, https:\/\/i0.wp.com\/eltrabajo.cl\/portal\/wp-content\/uploads\/2012\/05\/santa-isabel-1.jpg?resize=150%2C112&amp;ssl=1 150w, https:\/\/i0.wp.com\/eltrabajo.cl\/portal\/wp-content\/uploads\/2012\/05\/santa-isabel-1.jpg?resize=400%2C300&amp;ssl=1 400w\" sizes=\"auto, (max-width: 600px) 100vw, 600px\" \/><\/a><figcaption id=\"caption-attachment-18307\" class=\"wp-caption-text\">Personal administrativo del Supermercado Santa Isabel se excus\u00f3 de entregar una versi\u00f3n de los hechos, aduciendo que no estaban autorizados para ello.<\/figcaption><\/figure>\n<p>Una feroz golpiza habr\u00eda sufrido el domingo 13 de mayo, Washington Zegers Miranda, quien se desempe\u00f1aba como reponedor en el Supermercado Santa Isabel ubicado en avenida Yungay, por parte de un guardia de este establecimiento, quien lo habr\u00eda acusado de robo.<\/p>\n<p>El hecho habr\u00eda ocurrido el D\u00eda de la Madre, alrededor de las 22 horas, en momentos en que Zegers se retiraba de su trabajo, cuando un guardia apodado \u2018El Poeta\u2019, se\u00f1al\u00f3 que el agredido estaba sacando alg\u00fan producto desde el supermercado en su bolsillo.<\/p>\n<p>\u201cEl guardia me registr\u00f3 en el bolsillo, me baj\u00f3 los pantalones, todo, ah\u00ed mismo en el ba\u00f1o, en presencia del jefe Ricardo Toro\u201d.<\/p>\n<figure id=\"attachment_18308\" aria-describedby=\"caption-attachment-18308\" style=\"width: 300px\" class=\"wp-caption alignright\"><a href=\"http:\/\/www.eltrabajo.cl\/portal\/2012\/05\/denuncian-feroz-golpiza-de-guardia-de-seguridad-a-reponedor-del-santa-isabel\/washington-zegers\/\" rel=\"attachment wp-att-18308\"><img data-recalc-dims=\"1\" loading=\"lazy\" decoding=\"async\" class=\"size-medium wp-image-18308\" title=\"washington zegers\" src=\"https:\/\/i0.wp.com\/www.eltrabajo.cl\/portal\/wp-content\/uploads\/2012\/05\/washington-zegers-300x225.jpg?resize=300%2C225\" alt=\"\" width=\"300\" height=\"225\" srcset=\"https:\/\/i0.wp.com\/eltrabajo.cl\/portal\/wp-content\/uploads\/2012\/05\/washington-zegers.jpg?resize=300%2C225&amp;ssl=1 300w, https:\/\/i0.wp.com\/eltrabajo.cl\/portal\/wp-content\/uploads\/2012\/05\/washington-zegers.jpg?resize=200%2C150&amp;ssl=1 200w, https:\/\/i0.wp.com\/eltrabajo.cl\/portal\/wp-content\/uploads\/2012\/05\/washington-zegers.jpg?resize=150%2C112&amp;ssl=1 150w, https:\/\/i0.wp.com\/eltrabajo.cl\/portal\/wp-content\/uploads\/2012\/05\/washington-zegers.jpg?resize=400%2C300&amp;ssl=1 400w, https:\/\/i0.wp.com\/eltrabajo.cl\/portal\/wp-content\/uploads\/2012\/05\/washington-zegers.jpg?w=600&amp;ssl=1 600w\" sizes=\"auto, (max-width: 300px) 100vw, 300px\" \/><\/a><figcaption id=\"caption-attachment-18308\" class=\"wp-caption-text\">Washington Zegers denuncia haber sido atacado por uno de los guardias del Supermercado Santa Isabel, quien lo acus\u00f3 de sacar productos cuando terminaba su jornada laboral el D\u00eda de la Madre.<\/figcaption><\/figure>\n<p>La golpiza habr\u00eda ocurrido en el interior del ba\u00f1o que se ubica a la salida del supermercado, y habr\u00eda sido de tal magnitud que dej\u00f3 inconciente a Zegers por bastante rato, por lo que no recuerda cuanto tiempo dur\u00f3 la situaci\u00f3n y apenas pudo darse cuenta de la presencia de Carabineros.<\/p>\n<p>Seg\u00fan Zegers, \u00e9sta no ser\u00eda la primera situaci\u00f3n de este tipo que protagoniza \u2018El Poeta\u2019, ya que en una oportunidad anterior habr\u00eda actuado contra un menor.<\/p>\n<p>Producto de la golpiza, Zegers result\u00f3 con lesiones en su cuello y en el t\u00f3rax, las que no constat\u00f3 inmediatamente, sino que horas despu\u00e9s en el hospital de Putaendo.<\/p>\n<p>\u201cNo me llevaron a constatar lesiones, no fui, ese fue mi error creo yo, porque despu\u00e9s me llev\u00f3 un hermano a Putaendo a constatar lesiones, y ten\u00eda varias lesiones en el cuello\u201d.<\/p>\n<p>El procedimiento normalmente se realiza en una sala que se ubica cerca de la salida del supermercado por calle Tocornal, hasta donde se traslada a la gente que es sorprendida sacando cosas de local comercial, pero esta vez la situaci\u00f3n se desarroll\u00f3 en el interior del ba\u00f1o, donde no existir\u00edan c\u00e1maras de vigilancia.<\/p>\n<p>Adem\u00e1s hace unos d\u00edas Zegers fue informado que estaba despedido, por lo que el lunes reci\u00e9n pasado deb\u00eda acercarse a buscar un documento donde se informaba esa situaci\u00f3n, el que todav\u00eda no se le entrega.<\/p>\n<p>El afectado se\u00f1ala ser una persona tranquila, que debe tomar medicamentos para la presi\u00f3n arterial y que ha sufrido un infarto cerebral en el a\u00f1o 2008 y un derrame cerebral el 2010.<\/p>\n<p><strong>Situaci\u00f3n reiterada<\/strong><\/p>\n<p>Luis Vega, dirigente de uno de los sindicatos que existen al interior del local comercial, calific\u00f3 la situaci\u00f3n como grave y reiterada en el tiempo.<\/p>\n<p>\u201cEn septiembre del a\u00f1o 2011 ya le informamos a la empresa de situaciones similares de este guardia, que agrede a la gente, las amenaza que las va a cargar para que la echen, a una trabajadora de una empresa externa de aseo tambi\u00e9n la acus\u00f3 de robo, \u00e9l la allan\u00f3, que solamente puede hacerlo Carabineros o Investigaciones, \u00e9l la allan\u00f3, le toc\u00f3 hasta sus partes \u00edntimas buscando cosas que supuestamente hab\u00eda robado y no ten\u00eda nada, pero sigui\u00f3 acus\u00e1ndola de robo. Nosotros lo denunciamos a la empresa, lamentablemente la empresa no hizo nada porque seg\u00fan el gerente del local, dice que \u00e9l hace bien su trabajo y sigue trabajando\u201d.<\/p>\n<p>Seg\u00fan se\u00f1ala el dirigente, el guardia sigue con sus pr\u00e1cticas de amenazar a los trabajadores, y ahora la situaci\u00f3n fue m\u00e1s grave, ya que se registr\u00f3 una agresi\u00f3n contra este reponedor.<\/p>\n<p>\u201cNo podemos decir si \u00e9l rob\u00f3 o no, eso no es asunto nuestro, lo que s\u00ed no podemos permitir que una persona sea agredida, y m\u00e1s grave a\u00fan que hab\u00eda un jefe presente, que al no hacer nada, \u00e9l pasa a ser c\u00f3mplice de esta agresi\u00f3n. Tenemos testigos, cartas de trabajadores, que denuncian agresiones o malos tratos de este guardia, y \u00e9l sigue en el local trabajando normalmente\u201d, sostuvo Vega.<\/p>\n<p>Diario El Trabajo se traslad\u00f3 hasta el supermercado Santa Isabel para conocer la versi\u00f3n del supermercado, tomando en cuenta que el guardia es parte de una empresa externa, y luego de esperar por largos minutos para que alg\u00fan funcionario entregara una declaraci\u00f3n, uno de los administrativos, que se excus\u00f3 de dar su nombre y cargo, se\u00f1al\u00f3 que no estaban autorizados para entregar declaraciones.<\/p>\n","protected":false},"excerpt":{"rendered":"<p>Una feroz golpiza habr\u00eda sufrido el domingo 13 de mayo, Washington Zegers Miranda, quien se desempe\u00f1aba como reponedor en el Supermercado Santa Isabel ubicado en avenida Yungay, por parte de un guardia&#8230;<\/p>\n","protected":false},"author":482,"featured_media":18307,"comment_status":"open","ping_status":"closed","sticky":false,"template":"","format":"standard","meta":{"advanced_seo_description":"","jetpack_seo_html_title":"","jetpack_seo_noindex":false,"_jetpack_memberships_contains_paid_content":false,"footnotes":""},"categories":[15],"tags":[],"class_list":["post-18306","post","type-post","status-publish","format-standard","has-post-thumbnail","hentry","category-comunidad"],"jetpack_featured_media_url":"https:\/\/i0.wp.com\/eltrabajo.cl\/portal\/wp-content\/uploads\/2012\/05\/santa-isabel-1.jpg?fit=600%2C450&ssl=1","jetpack_sharing_enabled":true,"jetpack_likes_enabled":true,"jetpack-related-posts":[],"_links":{"self":[{"href":"https:\/\/eltrabajo.cl\/portal\/wp-json\/wp\/v2\/posts\/18306","targetHints":{"allow":["GET"]}}],"collection":[{"href":"https:\/\/eltrabajo.cl\/portal\/wp-json\/wp\/v2\/posts"}],"about":[{"href":"https:\/\/eltrabajo.cl\/portal\/wp-json\/wp\/v2\/types\/post"}],"author":[{"embeddable":true,"href":"https:\/\/eltrabajo.cl\/portal\/wp-json\/wp\/v2\/users\/482"}],"replies":[{"embeddable":true,"href":"https:\/\/eltrabajo.cl\/portal\/wp-json\/wp\/v2\/comments?post=18306"}],"version-history":[{"count":0,"href":"https:\/\/eltrabajo.cl\/portal\/wp-json\/wp\/v2\/posts\/18306\/revisions"}],"wp:featuredmedia":[{"embeddable":true,"href":"https:\/\/eltrabajo.cl\/portal\/wp-json\/wp\/v2\/media\/18307"}],"wp:attachment":[{"href":"https:\/\/eltrabajo.cl\/portal\/wp-json\/wp\/v2\/media?parent=18306"}],"wp:term":[{"taxonomy":"category","embeddable":true,"href":"https:\/\/eltrabajo.cl\/portal\/wp-json\/wp\/v2\/categories?post=18306"},{"taxonomy":"post_tag","embeddable":true,"href":"https:\/\/eltrabajo.cl\/portal\/wp-json\/wp\/v2\/tags?post=18306"}],"curies":[{"name":"wp","href":"https:\/\/api.w.org\/{rel}","templated":true}]}}