{"id":18319,"date":"2012-05-24T09:39:50","date_gmt":"2012-05-24T13:39:50","guid":{"rendered":"http:\/\/www.eltrabajo.cl\/portal\/?p=18319"},"modified":"2012-05-24T09:39:50","modified_gmt":"2012-05-24T13:39:50","slug":"en-agosto-se-conocera-diseno-del-nuevo-hospital-philippe-pinel-de-putaendo","status":"publish","type":"post","link":"https:\/\/eltrabajo.cl\/portal\/en-agosto-se-conocera-diseno-del-nuevo-hospital-philippe-pinel-de-putaendo\/","title":{"rendered":"En agosto se conocer\u00e1 dise\u00f1o del nuevo hospital Philippe Pinel de Putaendo"},"content":{"rendered":"<figure id=\"attachment_18320\" aria-describedby=\"caption-attachment-18320\" style=\"width: 300px\" class=\"wp-caption alignleft\"><a href=\"http:\/\/www.eltrabajo.cl\/portal\/2012\/05\/en-agosto-se-conocera-diseno-del-nuevo-hospital-philippe-pinel-de-putaendo\/rodrigo-infante-7\/\" rel=\"attachment wp-att-18320\"><img data-recalc-dims=\"1\" loading=\"lazy\" decoding=\"async\" class=\"size-medium wp-image-18320\" title=\"rodrigo infante\" src=\"https:\/\/i0.wp.com\/www.eltrabajo.cl\/portal\/wp-content\/uploads\/2012\/05\/rodrigo-infante-300x225.jpg?resize=300%2C225\" alt=\"\" width=\"300\" height=\"225\" srcset=\"https:\/\/i0.wp.com\/eltrabajo.cl\/portal\/wp-content\/uploads\/2012\/05\/rodrigo-infante.jpg?resize=300%2C225&amp;ssl=1 300w, https:\/\/i0.wp.com\/eltrabajo.cl\/portal\/wp-content\/uploads\/2012\/05\/rodrigo-infante.jpg?resize=200%2C150&amp;ssl=1 200w, https:\/\/i0.wp.com\/eltrabajo.cl\/portal\/wp-content\/uploads\/2012\/05\/rodrigo-infante.jpg?resize=150%2C112&amp;ssl=1 150w, https:\/\/i0.wp.com\/eltrabajo.cl\/portal\/wp-content\/uploads\/2012\/05\/rodrigo-infante.jpg?resize=400%2C300&amp;ssl=1 400w, https:\/\/i0.wp.com\/eltrabajo.cl\/portal\/wp-content\/uploads\/2012\/05\/rodrigo-infante.jpg?w=600&amp;ssl=1 600w\" sizes=\"auto, (max-width: 300px) 100vw, 300px\" \/><\/a><figcaption id=\"caption-attachment-18320\" class=\"wp-caption-text\">El Director del Servicio de Salud, Rodrigo Infante, se mostr\u00f3 conforme con los \u00faltimos pasos que se han dado para hacer realidad el proyecto.<\/figcaption><\/figure>\n<p>El Servicio de Salud Aconcagua firm\u00f3 el martes reci\u00e9n pasado la resoluci\u00f3n que adjudica al arquitecto y a la empresa que realizar\u00e1 el dise\u00f1o del Hospital Psiqui\u00e1trico, Philippe Pinel de Putaendo.<\/p>\n<p>Seg\u00fan explic\u00f3 el director del Servicio, Rodrigo Infante, con este paso, el proyecto se encontrar\u00eda en las etapas finales para comenzar su ejecuci\u00f3n.<\/p>\n<p>\u201cUna vez concluida esta etapa, a fin de a\u00f1o o principios del pr\u00f3ximo, m\u00e1ximo fines de diciembre o principios de enero vamos a estar en ejecuci\u00f3n del proyecto\u201d.<\/p>\n<p>Seg\u00fan explic\u00f3 infante, el dise\u00f1o arquitect\u00f3nico fue adjudicado a la empresa Concha y esperan que en el mes de agosto les haga entrega al Servicio de Salud de una maqueta que da cuenta del proyecto final del hospital.<\/p>\n<p>El Director del Servicio se mostr\u00f3 conforme con este nuevo paso, ya que constituye una etapa importante dentro del proceso, mientras que la pr\u00f3xima etapa va a ser la construcci\u00f3n de un nuevo hospital psiqui\u00e1trico.<\/p>\n<p>El hospital Phillipe Pinel es un centro asistencial muy antiguo, que no ha tenido una inversi\u00f3n importante en muchos a\u00f1os, por lo que con este proyecto se lograr\u00e1 m\u00e1s que remodelarlo.<\/p>\n<p>\u201cLa remodelaci\u00f3n queda corta, y yo creo que es casi hacer un hospital de nuevo, vamos a invertir aproximadamente 20 millones de d\u00f3lares, lo que significa remodelar todas las salas, hacer nuevos lugares cl\u00ednicos, dar nuevas condiciones de trabajo, tanto para los funcionarios, tanto para los pacientes que est\u00e9n en mucho mejores condiciones y m\u00e1s dignas, yo creo que dignidad va a ser el concepto que va a marcar la normalizaci\u00f3n del hospital\u201d.<\/p>\n<p>Asimismo Infante se\u00f1al\u00f3 que la cantidad de camas que tiene cuantificadas el centro asistencial, llega a las 350, aunque se espera que las atenciones aumenten, luego que el hospital se convierta en el m\u00e1s importante a nivel nacional en su especialidad, seg\u00fan ha se\u00f1alado el Ministro Jaime Ma\u00f1alich.<\/p>\n<p>Este es un proyecto que involucra equipamiento, normalizaci\u00f3n de infraestructura y de la planta de recursos humanos, una iniciativa que se est\u00e1 trabajando en forma paralela.<\/p>\n<p>\u201cPor el momento lo que est\u00e1 adjudicado es el dise\u00f1o arquitect\u00f3nico, m\u00e1s todo el equipamiento que est\u00e1 valorado y especificado que tiene que ir en el hospital\u201d, dijo Infante.<\/p>\n","protected":false},"excerpt":{"rendered":"<p>El Servicio de Salud Aconcagua firm\u00f3 el martes reci\u00e9n pasado la resoluci\u00f3n que adjudica al arquitecto y a la empresa que realizar\u00e1 el dise\u00f1o del Hospital Psiqui\u00e1trico, Philippe Pinel de Putaendo. Seg\u00fan&#8230;<\/p>\n","protected":false},"author":482,"featured_media":18320,"comment_status":"open","ping_status":"closed","sticky":false,"template":"","format":"standard","meta":{"advanced_seo_description":"","jetpack_seo_html_title":"","jetpack_seo_noindex":false,"_jetpack_memberships_contains_paid_content":false,"footnotes":""},"categories":[15],"tags":[],"class_list":["post-18319","post","type-post","status-publish","format-standard","has-post-thumbnail","hentry","category-comunidad"],"jetpack_featured_media_url":"https:\/\/i0.wp.com\/eltrabajo.cl\/portal\/wp-content\/uploads\/2012\/05\/rodrigo-infante.jpg?fit=600%2C451&ssl=1","jetpack_sharing_enabled":true,"jetpack_likes_enabled":true,"jetpack-related-posts":[],"_links":{"self":[{"href":"https:\/\/eltrabajo.cl\/portal\/wp-json\/wp\/v2\/posts\/18319","targetHints":{"allow":["GET"]}}],"collection":[{"href":"https:\/\/eltrabajo.cl\/portal\/wp-json\/wp\/v2\/posts"}],"about":[{"href":"https:\/\/eltrabajo.cl\/portal\/wp-json\/wp\/v2\/types\/post"}],"author":[{"embeddable":true,"href":"https:\/\/eltrabajo.cl\/portal\/wp-json\/wp\/v2\/users\/482"}],"replies":[{"embeddable":true,"href":"https:\/\/eltrabajo.cl\/portal\/wp-json\/wp\/v2\/comments?post=18319"}],"version-history":[{"count":0,"href":"https:\/\/eltrabajo.cl\/portal\/wp-json\/wp\/v2\/posts\/18319\/revisions"}],"wp:featuredmedia":[{"embeddable":true,"href":"https:\/\/eltrabajo.cl\/portal\/wp-json\/wp\/v2\/media\/18320"}],"wp:attachment":[{"href":"https:\/\/eltrabajo.cl\/portal\/wp-json\/wp\/v2\/media?parent=18319"}],"wp:term":[{"taxonomy":"category","embeddable":true,"href":"https:\/\/eltrabajo.cl\/portal\/wp-json\/wp\/v2\/categories?post=18319"},{"taxonomy":"post_tag","embeddable":true,"href":"https:\/\/eltrabajo.cl\/portal\/wp-json\/wp\/v2\/tags?post=18319"}],"curies":[{"name":"wp","href":"https:\/\/api.w.org\/{rel}","templated":true}]}}