{"id":18336,"date":"2012-05-24T09:57:07","date_gmt":"2012-05-24T13:57:07","guid":{"rendered":"http:\/\/www.eltrabajo.cl\/portal\/?p=18336"},"modified":"2012-05-24T09:57:07","modified_gmt":"2012-05-24T13:57:07","slug":"programa-de-arborizacion-del-municipio-ya-ha-entregado-unos-350-arboles","status":"publish","type":"post","link":"https:\/\/eltrabajo.cl\/portal\/programa-de-arborizacion-del-municipio-ya-ha-entregado-unos-350-arboles\/","title":{"rendered":"Programa de arborizaci\u00f3n del municipio ya ha entregado unos 350 \u00e1rboles"},"content":{"rendered":"<figure id=\"attachment_18337\" aria-describedby=\"caption-attachment-18337\" style=\"width: 600px\" class=\"wp-caption alignnone\"><a href=\"http:\/\/www.eltrabajo.cl\/portal\/2012\/05\/programa-de-arborizacion-del-municipio-ya-ha-entregado-unos-350-arboles\/arboles-en-el-sombreadero\/\" rel=\"attachment wp-att-18337\"><img data-recalc-dims=\"1\" loading=\"lazy\" decoding=\"async\" class=\"size-full wp-image-18337\" title=\"arboles en el sombreadero\" src=\"https:\/\/i0.wp.com\/www.eltrabajo.cl\/portal\/wp-content\/uploads\/2012\/05\/arboles-en-el-sombreadero.jpg?resize=600%2C441\" alt=\"\" width=\"600\" height=\"441\" srcset=\"https:\/\/i0.wp.com\/eltrabajo.cl\/portal\/wp-content\/uploads\/2012\/05\/arboles-en-el-sombreadero.jpg?w=600&amp;ssl=1 600w, https:\/\/i0.wp.com\/eltrabajo.cl\/portal\/wp-content\/uploads\/2012\/05\/arboles-en-el-sombreadero.jpg?resize=200%2C147&amp;ssl=1 200w, https:\/\/i0.wp.com\/eltrabajo.cl\/portal\/wp-content\/uploads\/2012\/05\/arboles-en-el-sombreadero.jpg?resize=300%2C220&amp;ssl=1 300w, https:\/\/i0.wp.com\/eltrabajo.cl\/portal\/wp-content\/uploads\/2012\/05\/arboles-en-el-sombreadero.jpg?resize=150%2C110&amp;ssl=1 150w, https:\/\/i0.wp.com\/eltrabajo.cl\/portal\/wp-content\/uploads\/2012\/05\/arboles-en-el-sombreadero.jpg?resize=400%2C294&amp;ssl=1 400w\" sizes=\"auto, (max-width: 600px) 100vw, 600px\" \/><\/a><figcaption id=\"caption-attachment-18337\" class=\"wp-caption-text\">Alrededor de 350 \u00e1rboles ha entregado la Dipma a diferentes entidades de la comuna, como juntas de vecinos, establecimientos educacionales, universidades y particulares en toda la comuna, como parte del programa de arborizaci\u00f3n urbana.<\/figcaption><\/figure>\n<p>Alrededor de 350 \u00e1rboles ha entregado la Direcci\u00f3n de Protecci\u00f3n y Medio Ambiente (Dipma) del municipio de San Felipe, tanto a juntas de vecinos como a particulares, establecimientos educacionales, asociaciones de colectivos, universidades, los que forman parte del programa de arborizaci\u00f3n urbana que lleva adelante la Corporaci\u00f3n Edilicia.<\/p>\n<p>El programa parti\u00f3 hace aproximadamente un mes, el que surgi\u00f3 de un convenio firmado con Conaf a mediados del a\u00f1o pasado y que significar\u00e1 contar con cerca de 9 mil \u00e1rboles que est\u00e1n dispuestos, por lo menos la mitad, en un vivero que existe frente a la Dipma en la villa El Carmen.<\/p>\n<p>\u201cEn este momento tenemos cuatro mil especies aut\u00f3ctonas, con sistema de regad\u00edo autom\u00e1tico y que estamos entregando a la comunidad, la idea es entregarle a la comunidad organizada, pero tambi\u00e9n a particulares que se est\u00e1n haciendo cargo del cuidado y mantenci\u00f3n de las especies\u201d, dijo Enrique Barrera, encargado del programa de arborizaci\u00f3n.<\/p>\n<p>Seg\u00fan explic\u00f3 Barrera, la idea es llegar a entregar a fin de a\u00f1o, a lo menos unos 4 mil 500 \u00e1rboles en toda la comuna. Hasta la fecha existen especies que no se encuentran en condiciones de ser entregadas a la comunidad por los tama\u00f1os que hoy d\u00eda tienen, y alrededor de 3 mil especies todav\u00eda deben llegar, las que ser\u00e1n entregadas directamente a establecimientos educacionales, para constituir ah\u00ed lo que se ha denominado los viveros pilotos.<\/p>\n<p>\u201cLos establecimientos que hoy d\u00eda estamos trabajando van a contar, aproximadamente en un mes m\u00e1s, con estos viveros pilotos y donde van a tener estas especies, la idea es que sean adoptadas por escolares y sus familias y sean llevadas luego a sus casas y ser dispuestas y plantas en los lugares que ellos definan\u201d, se\u00f1al\u00f3 Barrera.<\/p>\n<p>El encargado del programa dijo que hace un tiempo ya se encuentran trabajando con las escuelas Almendral, Rep\u00fablica Argentina de El Tambo y 21 de Mayo, adem\u00e1s de los jardines infantiles Almendritas de El Almendral, con el de la villa Juan Pablo II, Hormiguitas de Aconcagua y se est\u00e1n sumando otros establecimientos educacionales, como la escuela Manso de Velasco, el Liceo San Felipe, donde hace poco tiempo, con cuarto a\u00f1o medio se plantaron alrededor de 25 \u00e1rboles en el entorno del establecimiento y la idea es seguir plantando ah\u00ed.<\/p>\n","protected":false},"excerpt":{"rendered":"<p>Alrededor de 350 \u00e1rboles ha entregado la Direcci\u00f3n de Protecci\u00f3n y Medio Ambiente (Dipma) del municipio de San Felipe, tanto a juntas de vecinos como a particulares, establecimientos educacionales, asociaciones de colectivos,&#8230;<\/p>\n","protected":false},"author":482,"featured_media":18337,"comment_status":"open","ping_status":"closed","sticky":false,"template":"","format":"standard","meta":{"advanced_seo_description":"","jetpack_seo_html_title":"","jetpack_seo_noindex":false,"_jetpack_memberships_contains_paid_content":false,"footnotes":""},"categories":[1],"tags":[],"class_list":["post-18336","post","type-post","status-publish","format-standard","has-post-thumbnail","hentry","category-cronica"],"jetpack_featured_media_url":"https:\/\/i0.wp.com\/eltrabajo.cl\/portal\/wp-content\/uploads\/2012\/05\/arboles-en-el-sombreadero.jpg?fit=600%2C441&ssl=1","jetpack_sharing_enabled":true,"jetpack_likes_enabled":true,"jetpack-related-posts":[],"_links":{"self":[{"href":"https:\/\/eltrabajo.cl\/portal\/wp-json\/wp\/v2\/posts\/18336","targetHints":{"allow":["GET"]}}],"collection":[{"href":"https:\/\/eltrabajo.cl\/portal\/wp-json\/wp\/v2\/posts"}],"about":[{"href":"https:\/\/eltrabajo.cl\/portal\/wp-json\/wp\/v2\/types\/post"}],"author":[{"embeddable":true,"href":"https:\/\/eltrabajo.cl\/portal\/wp-json\/wp\/v2\/users\/482"}],"replies":[{"embeddable":true,"href":"https:\/\/eltrabajo.cl\/portal\/wp-json\/wp\/v2\/comments?post=18336"}],"version-history":[{"count":0,"href":"https:\/\/eltrabajo.cl\/portal\/wp-json\/wp\/v2\/posts\/18336\/revisions"}],"wp:featuredmedia":[{"embeddable":true,"href":"https:\/\/eltrabajo.cl\/portal\/wp-json\/wp\/v2\/media\/18337"}],"wp:attachment":[{"href":"https:\/\/eltrabajo.cl\/portal\/wp-json\/wp\/v2\/media?parent=18336"}],"wp:term":[{"taxonomy":"category","embeddable":true,"href":"https:\/\/eltrabajo.cl\/portal\/wp-json\/wp\/v2\/categories?post=18336"},{"taxonomy":"post_tag","embeddable":true,"href":"https:\/\/eltrabajo.cl\/portal\/wp-json\/wp\/v2\/tags?post=18336"}],"curies":[{"name":"wp","href":"https:\/\/api.w.org\/{rel}","templated":true}]}}